{"id":72474,"date":"2025-02-17T00:16:10","date_gmt":"2025-02-16T23:16:10","guid":{"rendered":"https:\/\/www.infokuryr.cz\/n\/?p=72474"},"modified":"2025-02-16T15:22:37","modified_gmt":"2025-02-16T14:22:37","slug":"petr-pokorny-odejdete-do-sve-milovane-zeme-zde-je-ceska-republika-nase-vlast-nase-koreny-a-nenechame-se-urazet","status":"publish","type":"post","link":"https:\/\/www.infokuryr.cz\/n\/2025\/02\/17\/petr-pokorny-odejdete-do-sve-milovane-zeme-zde-je-ceska-republika-nase-vlast-nase-koreny-a-nenechame-se-urazet\/","title":{"rendered":"Petr Pokorn\u00fd: Odejd\u011bte do sv\u00e9 milovan\u00e9 zem\u011b. Zde je \u010cesk\u00e1 republika, na\u0161e vlast, na\u0161e ko\u0159eny a nenech\u00e1me se ur\u00e1\u017eet!"},"content":{"rendered":"<div id=\"fb-root\"><\/div>\n<div class=\"introtext\">\n<p><span style=\"font-size: 14pt;\"><strong>P\u0159edstava, \u017ee by n\u011bkdo dal v\u00fd\u0161 vlajku okupant\u016f na so\u0161e Svobody v USA, \u010di j\u00ed obalil White House, n\u00e1rodn\u00ed symbol USA, by byla \u0161\u00edlen\u00e1. A toto si nedovolil ani Sov\u011btsk\u00fd svaz v Praze v roce 1968.<\/strong><\/span><\/p>\n<div style=\"width: 640px;\" class=\"wp-video\"><!--[if lt IE 9]><script>document.createElement('video');<\/script><![endif]-->\n<video class=\"wp-video-shortcode\" id=\"video-72474-1\" width=\"640\" height=\"360\" preload=\"metadata\" controls=\"controls\"><source type=\"video\/mp4\" src=\"http:\/\/www.infokuryr.cz\/n\/wp-content\/uploads\/2025\/02\/proukrajinci.mp4?_=1\" \/><a href=\"http:\/\/www.infokuryr.cz\/n\/wp-content\/uploads\/2025\/02\/proukrajinci.mp4\">http:\/\/www.infokuryr.cz\/n\/wp-content\/uploads\/2025\/02\/proukrajinci.mp4<\/a><\/video><\/div>\n<p>&nbsp;<\/p>\n<p>SSSR se po srpnu 1968 st\u00e1hl z r\u016fzn\u00fdch kout\u016f zem\u011b a byl neviditeln\u00fd v dislokovan\u00fdch kas\u00e1rn\u00e1ch. Dokonce voj\u00e1ci sov\u011btsk\u00e9 arm\u00e1dy zde m\u011bli n\u00e1sobn\u011b tvrd\u0161\u00ed re\u017eim, ne\u017e \u010de\u0161t\u00ed a ka\u017ed\u00fd proh\u0159e\u0161ek od nich se tvrd\u011b trestal. A toho se stra\u0161n\u011b b\u00e1li, proto\u017ee n\u00e1vrat om\u016f, do jejich b\u00eddy, byl nejtvrd\u0161\u00ed trest. Tady si, hlavn\u011b okupanti Ukrajinci (viz komunistick\u00e1 rodina Kli\u010dka z Kyjeva) \u017eili jako prasata v \u017eit\u011b. A tak se b\u00e1li, aby zde n\u011bco neud\u011blali.<\/p>\n<p><span style=\"font-size: 18pt;\"><strong>A dnes?<\/strong><\/span><\/p>\n<p>Chovaj\u00ed se jak na dobyt\u00e9m \u00fazem\u00ed, \u0159vou, \u017ee je to tady jejich, vy\u0159v\u00e1vaj\u00ed si polo, \u010di \u00fapln\u011b nacistick\u00fd pozdrav a \u010ce\u0161i mus\u00ed chodit dom\u016f poticho\u010dku a sv\u00e1tosti Ukrajina se nesm\u00ed ani dotknout. A dokonce\u00a0za fyzick\u00e9 protesty proti ukrajinsk\u00e9 okupaci u\u017e mnoz\u00ed sed\u00ed ve v\u011bzen\u00ed jako v roce 1968 proti obsazen\u00ed vojsky sp\u0159\u00e1telen\u00fdch arm\u00e1d Var\u0161avsk\u00e9 smlouvy!<\/p>\n<p>Z USA, Polska a dal\u0161\u00edch zem\u00ed u\u017e okupanty (<em>to nejsou lid\u00e9 zde dlouhodob\u011b pracuj\u00edc\u00ed z Ukrajiny, ale p\u0159\u00ed\u017eivn\u00edci) vyhnali<\/em>, sebrali jim d\u00e1vky, jenom \u010desk\u00e9 vl\u00e1da je zde krm\u00ed a zv\u00fdhod\u0148uje, zat\u00edmco l\u00e9ky miz\u00ed, byty zmizely \u00fapln\u011b, mno\u017e\u00ed se vylou\u010den\u00e9 lokality a bezdomovectv\u00ed slu\u0161n\u00fdch \u010cech\u016f vy\u0161\u0161\u00edho v\u011bku!<\/p>\n<p><span style=\"font-size: 18pt;\"><strong>My jsme si zvolili \u010d\u00ed vl\u00e1du a politiky?<\/strong><\/span><\/p>\n<p><img decoding=\"async\" loading=\"lazy\" class=\"aligncenter\" src=\"https:\/\/www.skrytapravda.cz\/images\/blogy\/2951\/2025\/cenzura\/Sn%C3%ADmek_obrazovky_1519_ca9ef.webp\" alt=\"Sn\u00edmek obrazovky 1519 ca9ef\" width=\"600\" height=\"504\" \/><\/p>\n<p><img decoding=\"async\" loading=\"lazy\" class=\"aligncenter\" src=\"https:\/\/www.skrytapravda.cz\/images\/blogy\/2951\/2025\/cenzura\/zemecs_68923.webp\" alt=\"zemecs 68923\" width=\"600\" height=\"340\" \/><\/p>\n<p>j<img decoding=\"async\" loading=\"lazy\" class=\"aligncenter\" src=\"https:\/\/www.skrytapravda.cz\/images\/blogy\/2951\/2024\/4duben\/Sn%C3%ADmek_obrazovky_10913_a0eaa.webp\" alt=\"Sn\u00edmek obrazovky 10913 a0eaa\" width=\"873\" height=\"377\" \/><\/p>\n<div class=\"clr\"><\/div>\n<div class=\"clauthor\">\n<div id=\"article_author\"><a href=\"https:\/\/www.skrytapravda.cz\/z-domova\/2393-odejdete-do-sve-milovane-zeme-zde-je-ceska-republika-nase-vlast-nase-koreny-a-nenechame-se-urazet\">Petr Pokorn\u00fd<\/a><\/div>\n<\/div>\n<\/div>\n<div class=\"itemRelMedia col-sm-12\">\n<div class=\"avPlayerWrapper avVideo\">\n<div class=\"avPlayerContainer\"><\/div>\n<\/div>\n<\/div>\n<div class=\"fulltext\">\n<p>&nbsp;<\/p>\n<\/div>\n","protected":false},"excerpt":{"rendered":"<p>P\u0159edstava, \u017ee by n\u011bkdo dal v\u00fd\u0161 vlajku okupant\u016f na so\u0161e Svobody v USA, \u010di j\u00ed&#8230;<\/p>\n","protected":false},"author":2,"featured_media":72476,"comment_status":"closed","ping_status":"closed","sticky":false,"template":"","format":"standard","meta":[],"categories":[6],"tags":[1503,35,26,889],"_links":{"self":[{"href":"https:\/\/www.infokuryr.cz\/n\/wp-json\/wp\/v2\/posts\/72474"}],"collection":[{"href":"https:\/\/www.infokuryr.cz\/n\/wp-json\/wp\/v2\/posts"}],"about":[{"href":"https:\/\/www.infokuryr.cz\/n\/wp-json\/wp\/v2\/types\/post"}],"author":[{"embeddable":true,"href":"https:\/\/www.infokuryr.cz\/n\/wp-json\/wp\/v2\/users\/2"}],"replies":[{"embeddable":true,"href":"https:\/\/www.infokuryr.cz\/n\/wp-json\/wp\/v2\/comments?post=72474"}],"version-history":[{"count":1,"href":"https:\/\/www.infokuryr.cz\/n\/wp-json\/wp\/v2\/posts\/72474\/revisions"}],"predecessor-version":[{"id":72477,"href":"https:\/\/www.infokuryr.cz\/n\/wp-json\/wp\/v2\/posts\/72474\/revisions\/72477"}],"wp:featuredmedia":[{"embeddable":true,"href":"https:\/\/www.infokuryr.cz\/n\/wp-json\/wp\/v2\/media\/72476"}],"wp:attachment":[{"href":"https:\/\/www.infokuryr.cz\/n\/wp-json\/wp\/v2\/media?parent=72474"}],"wp:term":[{"taxonomy":"category","embeddable":true,"href":"https:\/\/www.infokuryr.cz\/n\/wp-json\/wp\/v2\/categories?post=72474"},{"taxonomy":"post_tag","embeddable":true,"href":"https:\/\/www.infokuryr.cz\/n\/wp-json\/wp\/v2\/tags?post=72474"}],"curies":[{"name":"wp","href":"https:\/\/api.w.org\/{rel}","templated":true}]}}