{"id":72472,"date":"2025-02-17T00:13:11","date_gmt":"2025-02-16T23:13:11","guid":{"rendered":"https:\/\/www.infokuryr.cz\/n\/?p=72472"},"modified":"2025-02-16T15:16:32","modified_gmt":"2025-02-16T14:16:32","slug":"michael-svatos-ofenziva-ukrajinskeho-generala-drapatyje-totalne-zkrachovala-rusove-presli-do-obrovskeho-protiutoku","status":"publish","type":"post","link":"https:\/\/www.infokuryr.cz\/n\/2025\/02\/17\/michael-svatos-ofenziva-ukrajinskeho-generala-drapatyje-totalne-zkrachovala-rusove-presli-do-obrovskeho-protiutoku\/","title":{"rendered":"Michael Svato\u0161: Ofenz\u00edva ukrajinsk\u00e9ho gener\u00e1la Drapatyje tot\u00e1ln\u011b zkrachovala. Rusov\u00e9 p\u0159e\u0161li do obrovsk\u00e9ho proti\u00fatoku!"},"content":{"rendered":"<div id=\"fb-root\"><\/div>\n<p><span style=\"font-size: 18pt;\"><strong>Ofenz\u00edva ukrajinsk\u00e9ho gener\u00e1la Drapatyje tot\u00e1ln\u011b zkrachovala. Rusov\u00e9 p\u0159e\u0161li do obrovsk\u00e9ho proti\u00fatoku! Ukrajinci p\u0159iznali nejt\u011b\u017e\u0161\u00ed den v\u00e1lky a ustupuj\u00ed!<\/strong><\/span><\/p>\n<p>Dnes jsem se \u00fasp\u011b\u0161n\u011b a ve zdrav\u00ed do\u017eil 61 let. \u0158ada Ukrajinc\u016f i Rus\u016f u\u017e tuto \u0161anci bohu\u017eel definitivn\u011b ztratila, a na\u0161i politici te\u010f pl\u00e1nuj\u00ed, seznam n\u00e1rodnost\u00ed, kter\u00e9 maj\u00ed dopadnout podobn\u011b, podstatn\u011b roz\u0161\u00ed\u0159it o dal\u0161\u00ed ne\u0161\u0165astn\u00edky. Takov\u00e1 je smutn\u00e1 realita na\u0161\u00ed Euro-politiky. A my si mus\u00edme za\u010d\u00edt d\u00e1vat \u00fap\u011bnliv\u00fd pozor, aby i na\u0161e d\u011bti, i vnou\u010data, jen proto, \u017ee p\u00e1r neschopn\u00fdch politik\u016f se boj\u00ed o sv\u00e9 prebendy, nebo tou\u017e\u00ed po met\u00e1lech na sv\u00e9 hrudi, o svou \u0161anci na dlouh\u00fd, zdrav\u00fd, a spokojen\u00fd \u017eivot, rychle nep\u0159i\u0161la.<\/p>\n<p>V\u00e1lka na Ukrajin\u011b skon\u010d\u00ed brzk\u00fdm tot\u00e1ln\u00edm debaklem kyjevsk\u00e9ho banderovsk\u00e9ho re\u017eimu, i jeho evropsk\u00fdch spojenc\u016f. Ukrajinsk\u00e9 ztr\u00e1ty, o jejich v\u00fd\u0161i \u010desk\u00fd mainstream dlouhodob\u011b neust\u00e1le ml\u017e\u00ed, aby pozitivn\u011b zmanipuloval volebn\u00ed popularitu n\u011bkter\u00fdch \u010desk\u00fdch proukrajinsk\u00fdch fialov\u00fdch politick\u00fdch subjekt\u016f, jsou d\u011bsiv\u00e9, a bl\u00ed\u017e\u00ed se u\u017e i neoptimisti\u010dt\u011bj\u0161\u00edm rusk\u00fdm odhad\u016fm. Podle Trumpova zmocn\u011bnce pro ukon\u010den\u00ed v\u00e1lky na Ukrajin\u011b, gener\u00e1la Josefa Keitha Kellogga,\u00a0<a href=\"https:\/\/newsukraine.rbc.ua\/news\/kellogg-explains-his-approach-to-ukraine-1739632792.html\">ztratili u\u017e Ukrajinci za celou dobu jejich v\u00e1lky 3 kr\u00e1t v\u00edce voj\u00e1k\u016f, ne\u017e USA ve v\u00e1lk\u00e1ch v Koreji a ve Vietnamu dohromady<\/a>. Gener\u00e1l Kellogg m\u00e1 zcela ur\u010dit\u011b p\u0159\u00edstup k nejd\u016fv\u011brn\u011bj\u0161\u00edm americk\u00fdm informac\u00edm o re\u00e1ln\u00e9m v\u00fdsledku a d\u016fsledc\u00edch Zelensk\u00e9ho v\u00e1lky s Putinem, a proto jeho p\u0159izn\u00e1n\u00ed skute\u010dn\u00e9 v\u00fd\u0161e ukrajinsk\u00fdch ztr\u00e1t je t\u0159eba pova\u017eovat za vysoce relevantn\u00ed. USA ztratily ve Vietnamu 58 000 v\u00e1le\u010dn\u00edk\u016f, a v Koreji 37 000, a to podle tvrzen\u00ed gener\u00e1la Kellogga znamen\u00e1, \u017ee ve v\u00e1lce u\u017e padlo 300 000 Ukrajinc\u016f, a nejm\u00e9n\u011b dal\u0161\u00edch 300 000 se jich stalo do\u017eivotn\u00edmi invalidy.<\/p>\n<p>\u017de gener\u00e1l Kellogg nep\u0159eh\u00e1n\u00ed, nazna\u010duj\u00ed nejnov\u011bj\u0161\u00ed data ukrajinsk\u00fdch sociologick\u00fdch pr\u016fzkum\u016f. Podle nich Zelenskyj nem\u016f\u017ee vyhl\u00e1sit nov\u00e9 volby, proto\u017ee by nejd\u0159\u00edv musel ukon\u010dit stann\u00e9 pr\u00e1vo, a po jeho zru\u0161en\u00ed by okam\u017eit\u011b 2 miliony ukrajinsk\u00fdch mu\u017e\u016f prchly ze zem\u011b.\u00a0<a href=\"https:\/\/www.unian.ua\/society\/ukrajinci-za-kordonom-ekspert-rozpoviv-chi-povernutsya-ukrajinski-bizhenci-12916269.html\">Podle ukrajinsk\u00fdch sociolog\u016f se nyn\u00ed u\u017e 70% v\u0161ech ukrajinsk\u00fdch uprchl\u00edk\u016f do EU nehodl\u00e1 na Ukrajinu v \u017e\u00e1dn\u00e9m p\u0159\u00edpad\u011b nikdy vr\u00e1tit<\/a>, a naopak budou za nimi imigrovat jejich dal\u0161\u00ed p\u0159\u00edbuzn\u00ed. Jen loni p\u0159es p\u0159\u00edsn\u011b st\u0159e\u017eenou ukrajinskou st\u00e1tn\u00ed hranici imigrovalo do EU dal\u0161\u00edch 400 000 Ukrajinc\u016f. A 30% Ukrajinc\u016f, kte\u0159\u00ed uva\u017euj\u00ed, \u017ee se na Ukrajinu n\u011bkdy vr\u00e1t\u00ed, p\u0159edstavuj\u00ed v\u00fdlu\u010dn\u011b osoby s n\u00edzkou nebo \u017e\u00e1dnou kvalifikac\u00ed, a ukrajin\u0161t\u00ed sociologov\u00e9 o nich doslova p\u00ed\u0161\u00ed \u201clid\u00e9 l\u00edn\u00ed, kter\u00fdm se nechce pracovat, a nedok\u00e1zali se ani nau\u010dit \u017e\u00e1dn\u00fd evropsk\u00fd jazyk, aby se adaptovali\u201d. Je tak jasn\u00e9, \u017ee komediant Zelenskyj pustil Ukrajin\u011b \u017eilou takov\u00fdm zp\u016fsobem, \u017ee se zem\u011b z v\u00fdsledk\u016f jeho surov\u00e9ho vlada\u0159en\u00ed nevzpamatuje po stovky p\u0159\u00ed\u0161t\u00edch let.<\/p>\n<p>Mnohem hor\u0161\u00ed pro Ukrajinu je, \u017ee z \u010d\u00edsel ukrajinsk\u00fdch ztr\u00e1t gener\u00e1la Kellogga vypl\u00fdv\u00e1, \u017ee i rusk\u00e9 nevratn\u00e9 ztr\u00e1ty budou nejm\u00e9n\u011b 100 000 padl\u00fdch, a stejn\u00fd po\u010det invalid\u016f. A to znamen\u00e1, \u017ee Putin bude muset na dom\u00e1c\u00ed sc\u00e9n\u011b prezentovat tomu odpov\u00eddaj\u00edc\u00ed velk\u00e9 v\u00edt\u011bzstv\u00ed.<\/p>\n<p>Rusk\u00e1 arm\u00e1da, aby Putinov\u00fdm vyjednava\u010d\u016fm poskytla p\u00e1dn\u00e9 argumenty pro brzk\u00e1 m\u00edrov\u00e1 vyjedn\u00e1v\u00e1n\u00ed, v\u010dera nejen definitivn\u011b rozpr\u00e1\u0161ila a zdecimovala \u00fadernou\u00a0<a href=\"https:\/\/topwar.ru\/259483-poka-rezervy-drapatogo-uvjazli-na-malom-radiuse-pod-pokrovskom-vs-rf-pererezali-osnovnoj-marshrut-snabzhenija-garnizona-vsu-v-pgt-konstantinopol.html\">hordu elitn\u00edch brig\u00e1d kyjevsk\u00e9ho gener\u00e1la Drapatyje<\/a>, vyslan\u00e9ho na don\u011bck\u00e9 v\u00e1l\u010di\u0161t\u011b p\u0159ed n\u011bkolika t\u00fddny osobn\u011b Zelensk\u00fdm, aby tam se z\u00e1padn\u00edmi tanky a obrn\u011bnci obnovil za\u0161lou sl\u00e1vu ukrajinsk\u00fdch zbran\u00ed, a zbavil Putinova gener\u00e1la Mordvi\u010deva rostouc\u00ed aureoly neporaziteln\u00e9ho v\u00e1le\u010dn\u00edka, ale jak m\u00e1 Mordvi\u010dev ve zvyku, ihned po v\u00fdprasku Ukrajinc\u016f gener\u00e1la Drapatyje na bitevn\u00edm poli sve\u0159epou ruskou obranou, je za\u010dal pron\u00e1sledovat a obkli\u010dovat. Mordvi\u010dev se op\u011bt chov\u00e1 p\u0159esn\u011b jako p\u0159ed rokem po sra\u017een\u00ed u Berdi\u010di. Tehdy Ukrajinci pod velen\u00edm gener\u00e1la Tarnavsk\u00e9ho za\u00fato\u010dili kolonami tank\u016f Abrams a obrn\u011bnc\u016f Bradley na Mordvi\u010devovu p\u011bchotu obkli\u010duj\u00edc\u00ed ze severu ukrajinskou pevnost Avdijivku, a Mordvi\u010dev jejich sebevra\u017eedn\u00fd n\u00e1jezd v \u00faporn\u00e9 bitv\u011b rozpr\u00e1\u0161il, a pak je za\u010dal metodicky decimovat, a pron\u00e1sledovat, a honit, a\u017e se dostal jihoz\u00e1padn\u011b od Pokrovska.<\/p>\n<p>Letos se historie opakuje. Gener\u00e1l Mordvi\u010dev nejprve \u00fapornou t\u00fddenn\u00ed obranou rozpr\u00e1\u0161il zu\u0159iv\u00fd n\u00e1jezd kolon tank\u016f Leopard a obrn\u011bnc\u016f Marder gener\u00e1la Drapatyje, a\u00a0 te\u010f Drapatyjovu elitn\u00ed hordu za\u010dal op\u011bt metodicky decimovat, pron\u00e1sledovat a honit, stejn\u011b jako p\u0159ed rokem vy\u0159\u00eddil p\u0159edchoz\u00ed hordu Tarnavsk\u00e9ho. Zu\u0159iv\u00e9 pron\u00e1sledov\u00e1n\u00ed zdecimovan\u00e9ho a zdemoralizovan\u00e9ho odra\u017een\u00e9ho \u00fato\u010dn\u00edka je v\u017edy efektivn\u00ed vojensk\u00e1 operace, t\u00edm sp\u00ed\u0161, kdy ji \u0159\u00edd\u00ed prvot\u0159\u00eddn\u00ed gener\u00e1l. A \u017ee tomu tak je, p\u0159iznala v\u010dera i kyjevsk\u00e1 m\u00e9dia,\u00a0<a href=\"https:\/\/www.unian.ua\/war\/viyna-v-ukrajini-na-fronti-vidavsya-nayvazhchiy-den-vid-pochatku-roku-12916728.html\">kdy\u017e si smutn\u011b posteskla, \u017ee v\u010derej\u0161\u00ed den p\u0159edstavoval pro Ukrajinu zat\u00edm nejhor\u0161\u00ed den v\u00e1lky v leto\u0161n\u00edm roce<\/a>. Sotva p\u0159ed p\u00e1r dny \u010desk\u00fd mainstream p\u0159esv\u011bd\u010div\u011b tvrdil, \u017ee Rusko ztr\u00e1c\u00ed dech, a \u017ee rusk\u00e9 \u00fato\u010dn\u00e9 aktivity ztr\u00e1cej\u00ed na intenzit\u011b i frekvenci. \u017de na don\u011bck\u00e9m v\u00e1l\u010di\u0161ti tou dobou vrcholila bl\u00e1tiv\u00e1 rasputica, p\u0159i n\u00ed\u017e tak\u0159ka nejde ofenz\u00edvn\u011b v\u00e1l\u010dit, n\u00e1\u0161 mainstream ne\u0159e\u0161il. Genr\u00e1l Drapatyj se nakonec uk\u00e1zal jako tragick\u00fd strat\u00e9g, a uprost\u0159ed rasputici vyslal sv\u00e9 obrn\u011bnce do \u00fatoku, v nad\u011bji, \u017ee proraz\u00ed po pevn\u00fdch cest\u00e1ch vedouc\u00edch z m\u011bsta Pokrovsk do pol\u00ed v jeho okol\u00ed. A nijak mu p\u0159itom nedo\u0161lo, \u017ee rusk\u00e9 drony na optick\u00e9m vl\u00e1kn\u011b budou m\u00edt snadnou pr\u00e1ci, kdy\u017e budou muset st\u0159e\u017eit jen pevn\u00e9 cesty vedouc\u00ed z m\u011bsta Pokrovsk. Rusov\u00e9 se tak v\u010dera, po vy\u0159\u00edzen\u00ed \u00fatoku gener\u00e1la Drapatyje, u\u017e holedbali, \u017ee nastal \u010das rusk\u00e9 ofenz\u00edvy.<\/p>\n<p>13. \u00fanora jsem byl spole\u010dn\u011b s Ivanem Kratochv\u00edlem hostem na TV Bure\u0161,\u00a0<a class=\"mfp-iframe lightbox-added\" href=\"https:\/\/www.youtube.com\/watch?v=IEt7DqrH9Bg\">na\u0161i diskusi o m\u00edru na Ukrajin\u011b najdete zde<\/a>. Ve \u010dtvrtek 20. \u00fanora ve\u010der budu hostem\u00a0<a href=\"https:\/\/svobodne-radio.com\/\">u Zde\u0148ka Chytry na Svobodn\u00e9m r\u00e1diu.<\/a>\u00a08-9. b\u0159ezna pak budu vystupovat na akci v Otrokovic\u00edch, podrobnosti, kde p\u0159esn\u011b a od kolika, p\u0159\u00ed\u0161t\u00ed t\u00fdden.<\/p>\n<p><a href=\"https:\/\/www.michalapetr.com\/map-2223-ofenziva-ukrajinskeho-generala-drapatyje-totalne-zkrachovala-rusove-presli-do-obrovskeho-protiutoku-ukrajinci-priznali-nejtezsi-den-valky-a-ustupuji\/\">Michael Svato\u0161<\/a><\/p>\n<p><img decoding=\"async\" loading=\"lazy\" class=\"alignnone size-full wp-image-27204\" src=\"http:\/\/www.infokuryr.cz\/n\/wp-content\/uploads\/2023\/05\/Michael_Svatos.png\" alt=\"\" width=\"180\" height=\"180\" srcset=\"https:\/\/www.infokuryr.cz\/n\/wp-content\/uploads\/2023\/05\/Michael_Svatos.png 180w, https:\/\/www.infokuryr.cz\/n\/wp-content\/uploads\/2023\/05\/Michael_Svatos-150x150.png 150w\" sizes=\"(max-width: 180px) 100vw, 180px\" \/><\/p>\n<p>&nbsp;<\/p>\n","protected":false},"excerpt":{"rendered":"<p>Ofenz\u00edva ukrajinsk\u00e9ho gener\u00e1la Drapatyje tot\u00e1ln\u011b zkrachovala. Rusov\u00e9 p\u0159e\u0161li do obrovsk\u00e9ho proti\u00fatoku! Ukrajinci p\u0159iznali nejt\u011b\u017e\u0161\u00ed den&#8230;<\/p>\n","protected":false},"author":2,"featured_media":38682,"comment_status":"closed","ping_status":"closed","sticky":false,"template":"","format":"standard","meta":[],"categories":[6],"tags":[1042,1917,805,1635,3295],"_links":{"self":[{"href":"https:\/\/www.infokuryr.cz\/n\/wp-json\/wp\/v2\/posts\/72472"}],"collection":[{"href":"https:\/\/www.infokuryr.cz\/n\/wp-json\/wp\/v2\/posts"}],"about":[{"href":"https:\/\/www.infokuryr.cz\/n\/wp-json\/wp\/v2\/types\/post"}],"author":[{"embeddable":true,"href":"https:\/\/www.infokuryr.cz\/n\/wp-json\/wp\/v2\/users\/2"}],"replies":[{"embeddable":true,"href":"https:\/\/www.infokuryr.cz\/n\/wp-json\/wp\/v2\/comments?post=72472"}],"version-history":[{"count":1,"href":"https:\/\/www.infokuryr.cz\/n\/wp-json\/wp\/v2\/posts\/72472\/revisions"}],"predecessor-version":[{"id":72473,"href":"https:\/\/www.infokuryr.cz\/n\/wp-json\/wp\/v2\/posts\/72472\/revisions\/72473"}],"wp:featuredmedia":[{"embeddable":true,"href":"https:\/\/www.infokuryr.cz\/n\/wp-json\/wp\/v2\/media\/38682"}],"wp:attachment":[{"href":"https:\/\/www.infokuryr.cz\/n\/wp-json\/wp\/v2\/media?parent=72472"}],"wp:term":[{"taxonomy":"category","embeddable":true,"href":"https:\/\/www.infokuryr.cz\/n\/wp-json\/wp\/v2\/categories?post=72472"},{"taxonomy":"post_tag","embeddable":true,"href":"https:\/\/www.infokuryr.cz\/n\/wp-json\/wp\/v2\/tags?post=72472"}],"curies":[{"name":"wp","href":"https:\/\/api.w.org\/{rel}","templated":true}]}}