{"id":72470,"date":"2025-02-17T00:25:35","date_gmt":"2025-02-16T23:25:35","guid":{"rendered":"https:\/\/www.infokuryr.cz\/n\/?p=72470"},"modified":"2025-02-16T15:10:21","modified_gmt":"2025-02-16T14:10:21","slug":"trumpuv-vyslanec-stanovil-casovy-plan-pro-ukrajinsky-mirovy-plan","status":"publish","type":"post","link":"https:\/\/www.infokuryr.cz\/n\/2025\/02\/17\/trumpuv-vyslanec-stanovil-casovy-plan-pro-ukrajinsky-mirovy-plan\/","title":{"rendered":"Trump\u016fv vyslanec stanovil \u010dasov\u00fd pl\u00e1n pro ukrajinsk\u00fd m\u00edrov\u00fd pl\u00e1n"},"content":{"rendered":"<div id=\"fb-root\"><\/div>\n<p><span style=\"font-size: 18pt;\"><strong>&#8222;Nemluv\u00edm o \u0161esti m\u011bs\u00edc\u00edch,&#8220; zd\u016fraznil Keith Kellogg<\/strong><\/span><\/p>\n<p>Americk\u00fd m\u00edrov\u00fd pl\u00e1n pro Moskvu a Kyjev by mohl p\u0159ij\u00edt b\u011bhem dn\u016f \u010di t\u00fddn\u016f, \u0159ekl v sobotu na okraj Mnichovsk\u00e9 bezpe\u010dnostn\u00ed konference zvl\u00e1\u0161tn\u00ed vyslanec prezidenta Donalda Trumpa pro Rusko a Ukrajinu Keith Kellogg.<\/p>\n<p>V lednu WSJ ozn\u00e1milo, \u017ee Trump pov\u011b\u0159il Kellogga, aby do 100 dn\u016f nast\u00ednil urovn\u00e1n\u00ed ukrajinsk\u00e9ho konfliktu. Americk\u00fd prezident z\u00e1rove\u0148 varoval p\u0159ed nov\u00fdmi sankcemi, pokud Moskva odm\u00edtne bl\u00ed\u017ee nespecifikovan\u00fd pl\u00e1n, ale zd\u016fraznil, \u017ee\u00a0<em>\u201enechce ubl\u00ed\u017eit Rusku\u201c.<\/em><\/p>\n<p><em>&#8222;Mus\u00edte n\u00e1m d\u00e1t trochu prostoru a \u010dasu na vydechnut\u00ed, ale kdy\u017e to \u0159\u00edk\u00e1m, nemluv\u00edm o \u0161esti m\u011bs\u00edc\u00edch, mluv\u00edm o dnech a t\u00fddnech,&#8220;<\/em>\u00a0uvedl Kellogg podle CNBC a dodal, \u017ee byl\u00a0<em>&#8222;na Trumpov\u011b \u010dase.&#8220;<\/em><\/p>\n<p><em>&#8222;Po\u017e\u00e1d\u00e1 v\u00e1s, abyste tuto pr\u00e1ci ud\u011blal dnes, a z\u00edtra bude cht\u00edt v\u011bd\u011bt, pro\u010d to nen\u00ed vy\u0159e\u0161eno,&#8220;<\/em>\u00a0zd\u016fraznil Kellogg.<\/p>\n<p>Za\u010d\u00e1tkem tohoto t\u00fddne mluvil rusk\u00fd prezident Vladimir Putin telefonicky se sv\u00fdm americk\u00fdm prot\u011bj\u0161kem, co\u017e znamenalo jejich prvn\u00ed zn\u00e1m\u00fd p\u0159\u00edm\u00fd kontakt na vysok\u00e9 \u00farovni mezi Moskvou a Washingtonem od eskalace ukrajinsk\u00e9ho konfliktu v \u00fanoru 2022.<\/p>\n<p>Podle Kremlu americk\u00fd v\u016fdce vyj\u00e1d\u0159il podporu rychl\u00e9mu zastaven\u00ed nep\u0159\u00e1telstv\u00ed a m\u00edrov\u00e9mu \u0159e\u0161en\u00ed, zat\u00edmco Putin zm\u00ednil nutnost \u0159e\u0161it z\u00e1kladn\u00ed p\u0159\u00ed\u010diny konfliktu, ale \u017ee dlouhodob\u00e9ho urovn\u00e1n\u00ed lze dos\u00e1hnout vyjedn\u00e1v\u00e1n\u00edm. Po rozhovoru Trump na sv\u00e9 platform\u011b Truth Social napsal, \u017ee Washington a Moskva okam\u017eit\u011b zahajuj\u00ed diskuse o vy\u0159e\u0161en\u00ed konfliktu.<\/p>\n<p>Trump tak\u00e9 \u0159ekl, \u017ee ameri\u010dt\u00ed a ru\u0161t\u00ed p\u0159edstavitel\u00e9 by se mohli setkat b\u011bhem konference v Mnichov\u011b a dodal, \u017ee k \u00fa\u010dasti byla p\u0159izv\u00e1na i Ukrajina. Organiz\u00e1to\u0159i konference ani zpravodajsk\u00e1 m\u00e9dia v\u0161ak \u017e\u00e1dn\u00e9 takov\u00e9 setk\u00e1n\u00ed nenahl\u00e1sili.<\/p>\n<p><img decoding=\"async\" loading=\"lazy\" class=\"alignnone size-full wp-image-71983\" src=\"http:\/\/www.infokuryr.cz\/n\/wp-content\/uploads\/2025\/02\/aaa.jpg\" alt=\"\" width=\"89\" height=\"23\" \/><\/p>\n<p>&nbsp;<\/p>\n","protected":false},"excerpt":{"rendered":"<p>&#8222;Nemluv\u00edm o \u0161esti m\u011bs\u00edc\u00edch,&#8220; zd\u016fraznil Keith Kellogg Americk\u00fd m\u00edrov\u00fd pl\u00e1n pro Moskvu a Kyjev by&#8230;<\/p>\n","protected":false},"author":2,"featured_media":72471,"comment_status":"closed","ping_status":"closed","sticky":false,"template":"","format":"standard","meta":[],"categories":[7],"tags":[565,1505,22,37],"_links":{"self":[{"href":"https:\/\/www.infokuryr.cz\/n\/wp-json\/wp\/v2\/posts\/72470"}],"collection":[{"href":"https:\/\/www.infokuryr.cz\/n\/wp-json\/wp\/v2\/posts"}],"about":[{"href":"https:\/\/www.infokuryr.cz\/n\/wp-json\/wp\/v2\/types\/post"}],"author":[{"embeddable":true,"href":"https:\/\/www.infokuryr.cz\/n\/wp-json\/wp\/v2\/users\/2"}],"replies":[{"embeddable":true,"href":"https:\/\/www.infokuryr.cz\/n\/wp-json\/wp\/v2\/comments?post=72470"}],"version-history":[{"count":0,"href":"https:\/\/www.infokuryr.cz\/n\/wp-json\/wp\/v2\/posts\/72470\/revisions"}],"wp:featuredmedia":[{"embeddable":true,"href":"https:\/\/www.infokuryr.cz\/n\/wp-json\/wp\/v2\/media\/72471"}],"wp:attachment":[{"href":"https:\/\/www.infokuryr.cz\/n\/wp-json\/wp\/v2\/media?parent=72470"}],"wp:term":[{"taxonomy":"category","embeddable":true,"href":"https:\/\/www.infokuryr.cz\/n\/wp-json\/wp\/v2\/categories?post=72470"},{"taxonomy":"post_tag","embeddable":true,"href":"https:\/\/www.infokuryr.cz\/n\/wp-json\/wp\/v2\/tags?post=72470"}],"curies":[{"name":"wp","href":"https:\/\/api.w.org\/{rel}","templated":true}]}}