{"id":72439,"date":"2025-02-16T05:53:12","date_gmt":"2025-02-16T04:53:12","guid":{"rendered":"https:\/\/www.infokuryr.cz\/n\/?p=72439"},"modified":"2025-02-16T05:53:12","modified_gmt":"2025-02-16T04:53:12","slug":"zelenskij-ukrajina-neni-prizvana-k-rusko-americkym-rozhovorum","status":"publish","type":"post","link":"https:\/\/www.infokuryr.cz\/n\/2025\/02\/16\/zelenskij-ukrajina-neni-prizvana-k-rusko-americkym-rozhovorum\/","title":{"rendered":"Zelenskij: Ukrajina nen\u00ed p\u0159izv\u00e1na k rusko-americk\u00fdm rozhovor\u016fm"},"content":{"rendered":"<div id=\"fb-root\"><\/div>\n<p><span style=\"font-size: 18pt;\"><strong>Moskva a Washington budou \u00fadajn\u011b p\u0159\u00ed\u0161t\u00ed t\u00fdden jednat v Sa\u00fadsk\u00e9 Ar\u00e1bii, aby p\u0159ipravily p\u016fdu pro potenci\u00e1ln\u00ed summit Trump-Putin<\/strong><\/span><\/p>\n<p data-start=\"124\" data-end=\"184\"><span>Ukrajinsk\u00fd v\u016fdce Vladimir Zelenskij potvrdil, \u017ee Kyjev nebyl pozv\u00e1n k jedn\u00e1n\u00edm mezi delegacemi z Washingtonu a Moskvy, kter\u00e9 by se m\u011bly p\u0159\u00ed\u0161t\u00ed t\u00fdden konat v Sa\u00fadsk\u00e9 Ar\u00e1bii.<\/span><\/p>\n<p data-start=\"538\" data-end=\"884\"><span>Rusk\u00fd prezident Vladimir Putin a americk\u00fd prezident Donald Trump ve st\u0159edu telefonicky hovo\u0159ili, co\u017e znamenalo jejich prvn\u00ed zn\u00e1m\u00fd p\u0159\u00edm\u00fd rozhovor od eskalace ukrajinsk\u00e9ho konfliktu v \u00fanoru 2022. V sobotu pak nejvy\u0161\u0161\u00ed diplomat\u00e9 zem\u00ed\u00a0<\/span><a href=\"https:\/\/swentr.site\/russia\/612792-lavrov-rubio-phone-call\/\" target=\"_blank\" rel=\"noopener noreferrer\"><span>nav\u00e1zali<\/span><\/a><span>\u00a0v\u00fdzvou k projedn\u00e1n\u00ed\u00a0<\/span><em><span>\u201ep\u0159\u00edprav na potenci\u00e1ln\u00ed rusko-americk\u00fd summit na vysok\u00e9 \u00farovni\u201c.<\/span><\/em><\/p>\n<p data-start=\"886\" data-end=\"1119\"><span>Moskva zat\u00edm nepotvrdila \u017e\u00e1dn\u00e9 podrobnosti, ale podle zpr\u00e1v z mnoha m\u00e9di\u00ed odcestuje americk\u00e1 delegace \u2013 pravd\u011bpodobn\u011b slo\u017een\u00e1 z poradc\u016f pro n\u00e1rodn\u00ed bezpe\u010dnost \u2013 v nadch\u00e1zej\u00edc\u00edch dnech do Sa\u00fadsk\u00e9 Ar\u00e1bie na jedn\u00e1n\u00ed se sv\u00fdmi rusk\u00fdmi prot\u011bj\u0161ky.<\/span><\/p>\n<p data-start=\"1121\" data-end=\"1364\"><em><span>&#8222;Mo\u017en\u00e1 je n\u011bco u stolu, ale ne na na\u0161em stole.&#8220; Nevid\u011bl jsem \u017e\u00e1dn\u00e9 pozv\u00e1nky, faktury a tak d\u00e1le, aby se Ukrajina setkala s n\u011bjak\u00fdm dal\u0161\u00edm\u2026,\u201c<\/span><\/em><span>\u00a0\u0159ekl Zelenskij novin\u00e1\u0159\u016fm na okraj mnichovsk\u00e9 bezpe\u010dnostn\u00ed konference v sobotu.<\/span><\/p>\n<div class=\"rtcode\">\n<div class=\"twitter-tweet twitter-tweet-rendered\"><iframe id=\"twitter-widget-0\" class=\"\" title=\"X Post\" src=\"https:\/\/platform.twitter.com\/embed\/Tweet.html?creatorScreenName=RT_com&amp;dnt=false&amp;embedId=twitter-widget-0&amp;features=eyJ0ZndfdGltZWxpbmVfbGlzdCI6eyJidWNrZXQiOltdLCJ2ZXJzaW9uIjpudWxsfSwidGZ3X2ZvbGxvd2VyX2NvdW50X3N1bnNldCI6eyJidWNrZXQiOnRydWUsInZlcnNpb24iOm51bGx9LCJ0ZndfdHdlZXRfZWRpdF9iYWNrZW5kIjp7ImJ1Y2tldCI6Im9uIiwidmVyc2lvbiI6bnVsbH0sInRmd19yZWZzcmNfc2Vzc2lvbiI6eyJidWNrZXQiOiJvbiIsInZlcnNpb24iOm51bGx9LCJ0ZndfZm9zbnJfc29mdF9pbnRlcnZlbnRpb25zX2VuYWJsZWQiOnsiYnVja2V0Ijoib24iLCJ2ZXJzaW9uIjpudWxsfSwidGZ3X21peGVkX21lZGlhXzE1ODk3Ijp7ImJ1Y2tldCI6InRyZWF0bWVudCIsInZlcnNpb24iOm51bGx9LCJ0ZndfZXhwZXJpbWVudHNfY29va2llX2V4cGlyYXRpb24iOnsiYnVja2V0IjoxMjA5NjAwLCJ2ZXJzaW9uIjpudWxsfSwidGZ3X3Nob3dfYmlyZHdhdGNoX3Bpdm90c19lbmFibGVkIjp7ImJ1Y2tldCI6Im9uIiwidmVyc2lvbiI6bnVsbH0sInRmd19kdXBsaWNhdGVfc2NyaWJlc190b19zZXR0aW5ncyI6eyJidWNrZXQiOiJvbiIsInZlcnNpb24iOm51bGx9LCJ0ZndfdXNlX3Byb2ZpbGVfaW1hZ2Vfc2hhcGVfZW5hYmxlZCI6eyJidWNrZXQiOiJvbiIsInZlcnNpb24iOm51bGx9LCJ0ZndfdmlkZW9faGxzX2R5bmFtaWNfbWFuaWZlc3RzXzE1MDgyIjp7ImJ1Y2tldCI6InRydWVfYml0cmF0ZSIsInZlcnNpb24iOm51bGx9LCJ0ZndfbGVnYWN5X3RpbWVsaW5lX3N1bnNldCI6eyJidWNrZXQiOnRydWUsInZlcnNpb24iOm51bGx9LCJ0ZndfdHdlZXRfZWRpdF9mcm9udGVuZCI6eyJidWNrZXQiOiJvbiIsInZlcnNpb24iOm51bGx9fQ%3D%3D&amp;frame=false&amp;hideCard=false&amp;hideThread=false&amp;id=1890797845424332824&amp;lang=cs&amp;origin=https%3A%2F%2Fswentr.site%2Fnews%2F612798-ukraine-not-invited-zelensky%2F&amp;sessionId=2c2059dee9e9ae2e005a0f2a30d786af860384f9&amp;siteScreenName=RT_com&amp;theme=light&amp;widgetsVersion=2615f7e52b7e0%3A1702314776716&amp;width=550px\" frameborder=\"0\" scrolling=\"no\" allowfullscreen=\"allowfullscreen\" data-tweet-id=\"1890797845424332824\" data-mce-fragment=\"1\"><\/iframe><\/div>\n<\/div>\n<p data-start=\"1366\" data-end=\"1582\"><em><span>&#8222;Nem\u00e1me \u017e\u00e1dn\u00e9 doklady, \u017e\u00e1dn\u00e9 pozv\u00e1nky,&#8220;<\/span><\/em><span>\u00a0zopakoval.\u00a0<\/span><em><span>&#8222;A pro m\u011b je n\u011bco divn\u00e9ho mluvit v tomto p\u0159\u00edpad\u011b v tomto form\u00e1tu, pokud p\u0159edt\u00edm nevedeme \u017e\u00e1dn\u00e1 jedn\u00e1n\u00ed mezi n\u00e1mi a na\u0161imi strategick\u00fdmi partnery.&#8220;<\/span><\/em><\/p>\n<p data-start=\"1584\" data-end=\"1997\"><span>Ukrajinsk\u00e1 strana\u00a0<\/span><em><span>\u201enebyla ani pozv\u00e1na, ani o n\u00ed nebyla informov\u00e1na\u201c<\/span><\/em><span>\u00a0nadch\u00e1zej\u00edc\u00ed americko-rusk\u00e1 jedn\u00e1n\u00ed v Sa\u00fadsk\u00e9 Ar\u00e1bii, \u0159ekla d\u0159\u00edve v ten den report\u00e9rka Fox News Nana Sajaia s odkazem na nejmenovan\u00e9ho vysok\u00e9ho ukrajinsk\u00e9ho p\u0159edstavitele. Podle\u00a0<\/span><em data-start=\"1807\" data-end=\"1817\"><span>Politico<\/span><\/em><span>\u00a0tak\u00e9\u00a0<\/span><em><span>\u201eneexistuj\u00ed \u017e\u00e1dn\u00e9 pl\u00e1ny, aby se k rozhovor\u016fm p\u0159ipojili z\u00e1stupci dal\u0161\u00edch velk\u00fdch evropsk\u00fdch mocnost\u00ed\u201c,<\/span><\/em><span>\u00a0zat\u00edmco\u00a0<\/span><em data-start=\"1923\" data-end=\"1934\"><span>agentura Bloomberg<\/span><\/em><span>\u00a0uvedla, \u017ee evrop\u0161t\u00ed p\u0159edstavitel\u00e9 nebyli ani informov\u00e1ni.<\/span><\/p>\n<p data-start=\"1999\" data-end=\"2414\"><span>Kyjev a jeho z\u00e1padn\u00ed podporovatel\u00e9, v\u010detn\u011b p\u0159edchoz\u00ed americk\u00e9 administrativy, dlouho trvali na tom, \u017ee \u017e\u00e1dn\u00e9 diskuse o budoucnosti Ukrajiny by se nem\u011bly konat bez jej\u00ed p\u0159\u00edm\u00e9 \u00fa\u010dasti. Po st\u0159ede\u010dn\u00edm telefon\u00e1tu s Putinem zavolal Trump Zelensk\u00e9mu, <\/span><em><span>aby ho \u201einformoval o rozhovoru\u201c<\/span><\/em><span>\u00a0s rusk\u00fdm v\u016fdcem. Ukrajinsk\u00fd v\u016fdce \u00fadajn\u011b \u0159ekl Trumpovi, \u017ee stejn\u011b\u00a0<\/span><em><span>jako prezident Putin chce dos\u00e1hnout M\u00cdRU.<\/span><\/em><\/p>\n<p data-start=\"2416\" data-end=\"2550\"><span>V projevu k \u00fa\u010dastn\u00edk\u016fm mnichovsk\u00e9 bezpe\u010dnostn\u00ed konference v p\u00e1tek Zelenskij zopakoval, \u017ee\u00a0<\/span><em><span>\u201ese nechyst\u00e1 setkat s Rusy\u201c.<\/span><\/em><\/p>\n<p data-start=\"2552\" data-end=\"2757\"><em><span>\u201eSetk\u00e1m se pouze s jedn\u00edm Rusem \u2013 s Putinem,\u201c<\/span><\/em><span>\u00a0prohl\u00e1sil a zd\u016fraznil, \u017ee si s rusk\u00fdm v\u016fdcem sedne k\u00a0<\/span><em><span>\u201ezastaven\u00ed v\u00e1lky\u201c<\/span><\/em><span>\u00a0a\u017e pot\u00e9, co Ukrajina, USA a EU vymysl\u00ed\u00a0<\/span><em><span>\u201espole\u010dn\u00fd pl\u00e1n\u201c.<\/span><\/em><\/p>\n<p data-start=\"2759\" data-end=\"3163\"><span>Minul\u00fd m\u011bs\u00edc Putin prohl\u00e1sil, \u017ee i kdy\u017e je\u00a0<\/span><em><span>\u201emo\u017en\u00e9 vyjedn\u00e1vat s k\u00fdmkoli\u201c,<\/span><\/em><span>\u00a0Zelenskij ji\u017e nem\u00e1 legitimitu p\u0159ehlasovat sv\u016fj vlastn\u00ed dekret zakazuj\u00edc\u00ed rozhovory s rusk\u00fdm prezidentem. Zelensk\u00e9mu prezidentsk\u00fd mand\u00e1t vypr\u0161el v kv\u011btnu 2024, ale odm\u00edtl uspo\u0159\u00e1dat volby s odvol\u00e1n\u00edm na stann\u00e9 pr\u00e1vo. Kreml zd\u016fraznil, \u017ee jak\u00e1koli p\u0159\u00edpadn\u00e1 m\u00edrov\u00e1 dohoda mezi Moskvou a Kyjevem mus\u00ed b\u00fdt pr\u00e1vn\u011b z\u00e1vazn\u00e1.<\/span><\/p>\n<p data-start=\"3165\" data-end=\"3377\"><span>Trump tak\u00e9 uznal, \u017ee Kyjev bude muset nakonec uspo\u0159\u00e1dat volby, a poznamenal, \u017ee Zelenskij mo\u017en\u00e1 nebude slou\u017eit dal\u0161\u00ed funk\u010dn\u00ed obdob\u00ed, a \u0159ekl, \u017ee jeho dom\u00e1c\u00ed pr\u016fzkumy\u00a0<\/span><em><span>\u201enejsou nijak zvl\u00e1\u0161\u0165 skv\u011bl\u00e9, m\u00edrn\u011b \u0159e\u010deno\u201c.<\/span><\/em><\/p>\n<p data-start=\"3165\" data-end=\"3377\"><img decoding=\"async\" loading=\"lazy\" class=\"alignnone size-full wp-image-71983\" src=\"http:\/\/www.infokuryr.cz\/n\/wp-content\/uploads\/2025\/02\/aaa.jpg\" alt=\"\" width=\"89\" height=\"23\" \/><\/p>\n<p data-start=\"3165\" data-end=\"3377\">\n","protected":false},"excerpt":{"rendered":"<p>Moskva a Washington budou \u00fadajn\u011b p\u0159\u00ed\u0161t\u00ed t\u00fdden jednat v Sa\u00fadsk\u00e9 Ar\u00e1bii, aby p\u0159ipravily p\u016fdu pro&#8230;<\/p>\n","protected":false},"author":2,"featured_media":72440,"comment_status":"closed","ping_status":"closed","sticky":false,"template":"","format":"standard","meta":[],"categories":[7],"tags":[1060,22,26,37,7084],"_links":{"self":[{"href":"https:\/\/www.infokuryr.cz\/n\/wp-json\/wp\/v2\/posts\/72439"}],"collection":[{"href":"https:\/\/www.infokuryr.cz\/n\/wp-json\/wp\/v2\/posts"}],"about":[{"href":"https:\/\/www.infokuryr.cz\/n\/wp-json\/wp\/v2\/types\/post"}],"author":[{"embeddable":true,"href":"https:\/\/www.infokuryr.cz\/n\/wp-json\/wp\/v2\/users\/2"}],"replies":[{"embeddable":true,"href":"https:\/\/www.infokuryr.cz\/n\/wp-json\/wp\/v2\/comments?post=72439"}],"version-history":[{"count":0,"href":"https:\/\/www.infokuryr.cz\/n\/wp-json\/wp\/v2\/posts\/72439\/revisions"}],"wp:featuredmedia":[{"embeddable":true,"href":"https:\/\/www.infokuryr.cz\/n\/wp-json\/wp\/v2\/media\/72440"}],"wp:attachment":[{"href":"https:\/\/www.infokuryr.cz\/n\/wp-json\/wp\/v2\/media?parent=72439"}],"wp:term":[{"taxonomy":"category","embeddable":true,"href":"https:\/\/www.infokuryr.cz\/n\/wp-json\/wp\/v2\/categories?post=72439"},{"taxonomy":"post_tag","embeddable":true,"href":"https:\/\/www.infokuryr.cz\/n\/wp-json\/wp\/v2\/tags?post=72439"}],"curies":[{"name":"wp","href":"https:\/\/api.w.org\/{rel}","templated":true}]}}