{"id":72428,"date":"2025-02-16T00:16:36","date_gmt":"2025-02-15T23:16:36","guid":{"rendered":"https:\/\/www.infokuryr.cz\/n\/?p=72428"},"modified":"2025-02-17T05:06:13","modified_gmt":"2025-02-17T04:06:13","slug":"pondeli-17-2-2025-v-1700-praha-vaclavak-demonstrace-proti-uloupeni-kosova","status":"publish","type":"post","link":"https:\/\/www.infokuryr.cz\/n\/2025\/02\/16\/pondeli-17-2-2025-v-1700-praha-vaclavak-demonstrace-proti-uloupeni-kosova\/","title":{"rendered":"Pond\u011bl\u00ed 17. 2. 2025 v 17:00 \u2013 Praha, V\u00e1clav\u00e1k \u2013 demonstrace proti uloupen\u00ed Kosova"},"content":{"rendered":"<div id=\"fb-root\"><\/div>\n<p><span style=\"font-size: 14pt;\"><strong>V pond\u011bl\u00ed na V\u00e1clavsk\u00e9m n\u00e1m\u011bst\u00ed zavzpom\u00edn\u00e1me na zlo\u010dinnou bombardovac\u00ed kampa\u0148 NATO proti Jugosl\u00e1vii, cynick\u00e1 prohl\u00e1\u0161en\u00ed V\u00e1clava Havla o \u201chumanit\u00e1rn\u00edm bombardov\u00e1n\u00ed\u201d a co v\u0161echno z toho vze\u0161lo. P\u0159ij\u010fte s n\u00e1mi protestovat. Zlo\u010diny proti mezin\u00e1rodn\u00edmu pr\u00e1vu, tak jak k tomu ameri\u010dt\u00ed Demokrat\u00e9 zneu\u017e\u00edvali NATO, se nesm\u00ed opakovat.<\/strong><\/span><\/p>\n<p><img decoding=\"async\" loading=\"lazy\" class=\"aligncenter\" src=\"https:\/\/i0.wp.com\/www.novarepublika.cz\/wp-content\/uploads\/2025\/02\/pozvanka_Kosovo_Vaclavak.jpg?resize=475%2C672&amp;ssl=1\" width=\"696\" height=\"985\" \/><\/p>\n<p>&nbsp;<\/p>\n<p><span style=\"font-size: 24pt;\"><strong>Uloupen\u00e9 Kosovo<\/strong><\/span><\/p>\n<div style=\"width: 640px;\" class=\"wp-video\"><!--[if lt IE 9]><script>document.createElement('video');<\/script><![endif]-->\n<video class=\"wp-video-shortcode\" id=\"video-72428-1\" width=\"640\" height=\"480\" preload=\"metadata\" controls=\"controls\"><source type=\"video\/mp4\" src=\"http:\/\/www.infokuryr.cz\/n\/wp-content\/uploads\/2025\/02\/CT-Uloupene-Kosovo.mp4?_=1\" \/><a href=\"http:\/\/www.infokuryr.cz\/n\/wp-content\/uploads\/2025\/02\/CT-Uloupene-Kosovo.mp4\">http:\/\/www.infokuryr.cz\/n\/wp-content\/uploads\/2025\/02\/CT-Uloupene-Kosovo.mp4<\/a><\/video><\/div>\n<p><img decoding=\"async\" loading=\"lazy\" class=\"alignnone size-full wp-image-71983\" src=\"http:\/\/www.infokuryr.cz\/n\/wp-content\/uploads\/2025\/02\/aaa.jpg\" alt=\"\" width=\"89\" height=\"23\" \/><\/p>\n<p>&nbsp;<\/p>\n","protected":false},"excerpt":{"rendered":"<p>V pond\u011bl\u00ed na V\u00e1clavsk\u00e9m n\u00e1m\u011bst\u00ed zavzpom\u00edn\u00e1me na zlo\u010dinnou bombardovac\u00ed kampa\u0148 NATO proti Jugosl\u00e1vii, cynick\u00e1 prohl\u00e1\u0161en\u00ed&#8230;<\/p>\n","protected":false},"author":2,"featured_media":72429,"comment_status":"closed","ping_status":"closed","sticky":false,"template":"","format":"standard","meta":[],"categories":[6],"tags":[243,272,3451],"_links":{"self":[{"href":"https:\/\/www.infokuryr.cz\/n\/wp-json\/wp\/v2\/posts\/72428"}],"collection":[{"href":"https:\/\/www.infokuryr.cz\/n\/wp-json\/wp\/v2\/posts"}],"about":[{"href":"https:\/\/www.infokuryr.cz\/n\/wp-json\/wp\/v2\/types\/post"}],"author":[{"embeddable":true,"href":"https:\/\/www.infokuryr.cz\/n\/wp-json\/wp\/v2\/users\/2"}],"replies":[{"embeddable":true,"href":"https:\/\/www.infokuryr.cz\/n\/wp-json\/wp\/v2\/comments?post=72428"}],"version-history":[{"count":1,"href":"https:\/\/www.infokuryr.cz\/n\/wp-json\/wp\/v2\/posts\/72428\/revisions"}],"predecessor-version":[{"id":72430,"href":"https:\/\/www.infokuryr.cz\/n\/wp-json\/wp\/v2\/posts\/72428\/revisions\/72430"}],"wp:featuredmedia":[{"embeddable":true,"href":"https:\/\/www.infokuryr.cz\/n\/wp-json\/wp\/v2\/media\/72429"}],"wp:attachment":[{"href":"https:\/\/www.infokuryr.cz\/n\/wp-json\/wp\/v2\/media?parent=72428"}],"wp:term":[{"taxonomy":"category","embeddable":true,"href":"https:\/\/www.infokuryr.cz\/n\/wp-json\/wp\/v2\/categories?post=72428"},{"taxonomy":"post_tag","embeddable":true,"href":"https:\/\/www.infokuryr.cz\/n\/wp-json\/wp\/v2\/tags?post=72428"}],"curies":[{"name":"wp","href":"https:\/\/api.w.org\/{rel}","templated":true}]}}