{"id":72375,"date":"2025-02-15T00:50:42","date_gmt":"2025-02-14T23:50:42","guid":{"rendered":"https:\/\/www.infokuryr.cz\/n\/?p=72375"},"modified":"2025-02-14T18:26:25","modified_gmt":"2025-02-14T17:26:25","slug":"petr-pokorny-trump-prohlasil-to-co-vime-ze-cnn-prima-news-je-stoka-dezinformacni-a-jedna-s-ni-jako-s-odpadem","status":"publish","type":"post","link":"https:\/\/www.infokuryr.cz\/n\/2025\/02\/15\/petr-pokorny-trump-prohlasil-to-co-vime-ze-cnn-prima-news-je-stoka-dezinformacni-a-jedna-s-ni-jako-s-odpadem\/","title":{"rendered":"Petr Pokorn\u00fd: Trump prohl\u00e1sil to, co v\u00edme: \u017ee CNN (Prima News) je stoka dezinforma\u010dn\u00ed a jedn\u00e1 s n\u00ed, jako s odpadem"},"content":{"rendered":"<div id=\"fb-root\"><\/div>\n<div class=\"introtext\">\n<p><span style=\"font-size: 14pt;\"><strong>Jenom\u017ee to n\u00e1m pan prezident Donald Trump nemus\u00ed pov\u00eddat, tato libtard\u00ed banda antizpravodajstv\u00ed a antidemokracie je jenom d\u00edky vlezdopr&#8230; (tam kde kon\u010d\u00ed z\u00e1da) st\u00e1le s platnou licenc\u00ed. Babi\u0161ova dlohoprst\u00e1 Jourov\u00e1 v\u00ed, koho podporuje.<\/strong><\/span><\/p>\n<\/div>\n<div class=\"fulltext\">\n<p><span style=\"font-size: 18pt;\"><strong>V Ov\u00e1ln\u00e9 pracovn\u011b \u0159\u00edkaj\u00ed CNN &#8222;Bidenova stoka&#8220;<\/strong><\/span><\/p>\n<p>Naposledy se vyj\u00e1d\u0159il k Collinsov\u00e9 ze CNN , \u017ee j\u00ed nedovolil mluvit, a&#8230;<\/p>\n<h1 class=\"title\"><span style=\"font-size: 18pt;\">Prezident Donald\u00a0<strong>Trump \u0159ekl CNN<\/strong>, \u017ee je \u201enikdo\u201c u\u017e nesleduje, proto\u017ee\u00a0<strong>nemaj\u00ed \u201e\u017e\u00e1dnou d\u016fv\u011bryhodnost\u201c<\/strong>.<br \/>\n<\/span><span style=\"font-size: 12pt;\">____________<\/span><\/h1>\n<div class=\"info_box leva_tretina jpalert\">\n<div class=\"explanationContent\"><span style=\"color: #800080;\"><strong>Kaitlan Collins je americk\u00e1 novin\u00e1\u0159ka, kter\u00e1 je moder\u00e1torkou zpr\u00e1v na CNN. Je b\u00fdvalou spoluzakladatelkou CNN This Morning.<\/strong><\/span><\/div>\n<div>_____________<\/div>\n<\/div>\n<p class=\"speakable\">Kdy\u017e zvedl podepsan\u00fd pl\u00e1n pro kamery tisku shrom\u00e1\u017ed\u011bn\u00fdch v Ov\u00e1ln\u00e9 pracovn\u011b, Collinsov\u00e1 se za\u010dal pt\u00e1t: &#8222;Pane prezidente, vyhr\u00e1l jste B\u00edl\u00fd d\u016fm \u010d\u00e1ste\u010dn\u011b kv\u016fli vysok\u00e9 inflaci. Pokud va\u0161e tarify zv\u00fd\u0161\u00ed ceny&#8230;&#8220;<\/p>\n<p>&#8222;Promi\u0148te,&#8220; odpov\u011bd\u011bl Trump, &#8222;zat\u00edm jsme v\u00e1s nepo\u017e\u00e1dali, abyste mluvila.&#8220;<\/p>\n<p>Trump d\u00e1le tvrdil, \u017ee n\u011bjak\u00fd druh vyjedn\u00e1v\u00e1n\u00ed o zastaven\u00ed v\u00e1lky &#8222;m\u011bl p\u0159ed lety prov\u00e9st Biden. To se nikdy nem\u011blo p\u0159ipustit. V\u00edm, \u017ee je to v\u00e1\u0161 p\u0159\u00edtel,&#8220; \u0159ekl Collinsov\u00e9.<\/p>\n<p>&#8222;Ale nemohl se Putin prost\u011b st\u00e1hnout&#8230;&#8220; za\u010dala.<\/p>\n<p>Prezidentu Trumpovi u\u017e s debiln\u00edmi ot\u00e1zkami Collinsov\u00e9 ze CNN (jako Tom\u00e1nkov\u00e9 a dal\u0161\u00edch) do\u0161la trp\u011blivost.<\/p>\n<p>&#8222;Bidfen je p\u0159\u00edtel CNN. To je d\u016fvod, pro\u010d u\u017e\u00a0<strong>CNN nikdo nesleduje, proto\u017ee nemaj\u00ed \u017e\u00e1dnou d\u016fv\u011bryhodnost<\/strong>,&#8220; \u0159ekl Trump, ne\u017e pokra\u010doval.<\/p>\n<p>Trump pot\u00e9 odpov\u00eddal na ot\u00e1zky novin\u00e1\u0159\u016f o vojensk\u00e9m konfliktu na Ukrajin\u011b a \u0159ekl, \u017ee v\u011b\u0159\u00ed, \u017ee rusk\u00fd prezident Vladimir Putin chce, aby v\u00e1lka skon\u010dila.<\/p>\n<p>&#8222;V\u011b\u0159\u00edm, \u017ee chce m\u00edr,&#8220; \u0159ekl Trump jednomu z report\u00e9r\u016f. &#8222;V\u011b\u0159\u00edm, \u017ee prezident Putin &#8211; kdy\u017e jsem s n\u00edm v\u010dera mluvil &#8211; zn\u00e1m ho velmi dob\u0159e. Mysl\u00edm, \u017ee chce m\u00edr. Jo, mysl\u00edm, \u017ee by mi to \u0159ekl, kdyby ne. R\u00e1d bych vid\u011bl m\u00edr.&#8220;<\/p>\n<p>&#8222;V\u011b\u0159\u00edte prezidentu Putinovi?&#8220; zeptala se trapn\u00e1 Collinsov\u00e1.<\/p>\n<p>Trump \u0159ekl, \u017ee Rusko chce, aby v\u00e1lka skon\u010dila a tvrdil, \u017ee konfliktu se dalo snadno p\u0159edej\u00edt.<\/p>\n<p><strong>&#8222;V\u011b\u0159\u00edm, \u017ee \u2014 ano, v\u011b\u0159\u00edm, \u017ee by r\u00e1d vid\u011bl, aby se n\u011bco stalo. V tomto t\u00e9matu mu v\u011b\u0159\u00edm. Mysl\u00edm, \u017ee by r\u00e1d vid\u011bl, aby se n\u011bco stalo. Mysl\u00edm, \u017ee se to mohlo st\u00e1t u\u017e d\u00e1vno,&#8220; \u0159ekl Trump. &#8222;Mysl\u00edm, \u017ee Biden &#8211; je zodpov\u011bdn\u00fdm \u010d\u00edslo jedna, nem\u011blo to za\u010d\u00edt, ale stalo se, a te\u010f jsou v\u0161echna ta m\u011bsta zni\u010dena jako demoli\u010dn\u00ed m\u00edsta.&#8220;<\/strong><\/p>\n<p>I v \u010cesk\u00e9 republice se\u00a0 konec t\u00e9to stoky bl\u00ed\u017e\u00ed. Pseudoredaktorka \u010di co to vlastn\u011b je ta Terezie Tom\u00e1nkov\u00e1 \u0161t\u011bk\u00e1 na ty, co maj\u00ed jin\u00fd n\u00e1zor a (obrazn\u011b) leze do slip\u016f t\u011bch, co jsou u moci, m\u00edsto aby byla a bylo zpravodajstv\u00ed a politick\u00e9 diskuze jako hl\u00eddac\u00ed psi demokracie. Pluralitn\u00ed. A nen\u00ed sama, bruselsk\u00fdch masmedi\u00e1ln\u00edch \u0159\u00ed\u0165olez\u016f m\u00e1me dost a dost.<\/p>\n<p><img decoding=\"async\" loading=\"lazy\" class=\"aligncenter\" src=\"https:\/\/www.skrytapravda.cz\/images\/blogy\/2951\/2025\/cenzura\/volebn%C3%AD_machinacewebp_98d7d.webp\" alt=\"volebn\u00ed machinacewebp 98d7d\" width=\"793\" height=\"447\" \/><\/p>\n<div class=\"clr\"><\/div>\n<div class=\"clauthor\">\n<div id=\"article_author\"><a href=\"https:\/\/www.skrytapravda.cz\/ze-zahranici\/2390-trump-prohlasil-to-co-vime-ze-cnn-prima-news-je-stoka-dezinformacni-a-jedna-s-ni-jako-s-odpadem\">Petr Pokorn\u00fd<\/a><\/div>\n<\/div>\n<\/div>\n<div><\/div>\n","protected":false},"excerpt":{"rendered":"<p>Jenom\u017ee to n\u00e1m pan prezident Donald Trump nemus\u00ed pov\u00eddat, tato libtard\u00ed banda antizpravodajstv\u00ed a antidemokracie&#8230;<\/p>\n","protected":false},"author":2,"featured_media":72376,"comment_status":"closed","ping_status":"closed","sticky":false,"template":"","format":"standard","meta":[],"categories":[6],"tags":[667,1360,28,452],"_links":{"self":[{"href":"https:\/\/www.infokuryr.cz\/n\/wp-json\/wp\/v2\/posts\/72375"}],"collection":[{"href":"https:\/\/www.infokuryr.cz\/n\/wp-json\/wp\/v2\/posts"}],"about":[{"href":"https:\/\/www.infokuryr.cz\/n\/wp-json\/wp\/v2\/types\/post"}],"author":[{"embeddable":true,"href":"https:\/\/www.infokuryr.cz\/n\/wp-json\/wp\/v2\/users\/2"}],"replies":[{"embeddable":true,"href":"https:\/\/www.infokuryr.cz\/n\/wp-json\/wp\/v2\/comments?post=72375"}],"version-history":[{"count":1,"href":"https:\/\/www.infokuryr.cz\/n\/wp-json\/wp\/v2\/posts\/72375\/revisions"}],"predecessor-version":[{"id":72377,"href":"https:\/\/www.infokuryr.cz\/n\/wp-json\/wp\/v2\/posts\/72375\/revisions\/72377"}],"wp:featuredmedia":[{"embeddable":true,"href":"https:\/\/www.infokuryr.cz\/n\/wp-json\/wp\/v2\/media\/72376"}],"wp:attachment":[{"href":"https:\/\/www.infokuryr.cz\/n\/wp-json\/wp\/v2\/media?parent=72375"}],"wp:term":[{"taxonomy":"category","embeddable":true,"href":"https:\/\/www.infokuryr.cz\/n\/wp-json\/wp\/v2\/categories?post=72375"},{"taxonomy":"post_tag","embeddable":true,"href":"https:\/\/www.infokuryr.cz\/n\/wp-json\/wp\/v2\/tags?post=72375"}],"curies":[{"name":"wp","href":"https:\/\/api.w.org\/{rel}","templated":true}]}}