{"id":72360,"date":"2025-02-15T00:46:50","date_gmt":"2025-02-14T23:46:50","guid":{"rendered":"https:\/\/www.infokuryr.cz\/n\/?p=72360"},"modified":"2025-02-14T17:59:08","modified_gmt":"2025-02-14T16:59:08","slug":"vaclav-dvorak-je-to-nyni-putinuv-a-trumpuv-svet","status":"publish","type":"post","link":"https:\/\/www.infokuryr.cz\/n\/2025\/02\/15\/vaclav-dvorak-je-to-nyni-putinuv-a-trumpuv-svet\/","title":{"rendered":"V\u00e1clav Dvo\u0159\u00e1k: Je to nyn\u00ed Putin\u016fv a Trump\u016fv sv\u011bt"},"content":{"rendered":"<div id=\"fb-root\"><\/div>\n<p><strong>Pro pra\u017esk\u00e9 vl\u00e1dn\u00ed fialov\u00e9 i nevl\u00e1dn\u00ed ziskovky a aktivistick\u00e9 NATOidn\u00ed hlup\u00e1ky, co n\u00e1s cht\u011bj\u00ed uvrtat do sebevra\u017eedn\u00e9 v\u00e1lky s Ruskem napsal v\u010dera autor Roland Oliphant v britsk\u00e9m The Telegraphu \u201eTe\u010f je to Putin\u016fv a Trump\u016fv sv\u011bt\u201c.<\/strong><\/p>\n<p><strong>Britov\u00e9 tvrd\u00ed\u00a0<em><a href=\"https:\/\/www.telegraph.co.uk\/world-news\/2025\/02\/12\/this-is-vladimir-putin-and-donald-trumps-world-now\/\">(The Telegraph)<\/a><\/em>, \u017ee se stalo n\u011bco hrozn\u00e9ho \u2013 Trump zradil Ukrajinu a\u00a0Putin vyhr\u00e1l. A\u00a0Rusov\u00e9 na sv\u00fdch webech\u00a0<em>(nap\u0159.\u00a0<a href=\"https:\/\/politikus.info\/events\/166547-teper-eto-mir-putina-i-trampa-the-telegraph.html%20%20%D0%9F%D0%B5%D1%80%D0%B2%D0%BE%D0%B8%D1%81%D1%82%D0%BE%D1%87%D0%BD%D0%B8%D0%BA%20%D0%BF%D1%83%D0%B1%D0%BB%D0%B8%D0%BA%D0%B0%D1%86%D0%B8%D0%B8:%20https:\/\/politikus.info\/events\/166547-teper-eto-mir-putina-i-trampa-the-telegraph.html%20Politikus.info\">Politikus<\/a>)<\/em> z\u00a0toho maj\u00ed j\u00edzlivou radost.<\/strong><\/p>\n<p>\u201eV telefon\u00e1tu, kter\u00fd Trump ozna\u010dil za produktivn\u00ed, se on a\u00a0Putin dohodli, \u017ee jejich t\u00fdmy okam\u017eit\u011b zah\u00e1j\u00ed jedn\u00e1n\u00ed.<\/p>\n<p>Pokud je to pravda, pak je to pro Putina velk\u00e9 v\u00edt\u011bzstv\u00ed. V\u017edy v\u011b\u0159il, \u017ee skute\u010dn\u011b suver\u00e9nn\u00ed mohou b\u00fdt pouze ty zem\u011b, kter\u00e9 rozhoduj\u00ed o\u00a0osudu ostatn\u00edch. V\u017edy byl p\u0159esv\u011bd\u010den, \u017ee Rusko se stane jednou z\u00a0velmoc\u00ed \u2013 spolu se Spojen\u00fdmi st\u00e1ty a\u00a0\u010c\u00ednou \u2013 schopn\u00fdmi rozd\u011blit mezi sebe zbytek sv\u011bta. Proto v\u017edy cht\u011bl o\u00a0osudu Ukrajiny mluvit s\u00a0Washingtonem, a\u00a0ne s\u00a0Kyjevem. Cokoli jin\u00e9ho by bylo pon\u00ed\u017een\u00edm.<\/p>\n<p>Je to temn\u00e1 dohoda (<em>samoz\u0159ejm\u011b pro star\u00e9 rozvrace\u010de Evropy a\u00a0sv\u011bta Brity<\/em>), kter\u00e1 odm\u011bn\u00ed Rusko ukraden\u00fdmi zem\u011bmi a\u00a0zanech\u00e1 Ukrajinu zranitelnou v\u016f\u010di druh\u00e9mu \u00fatoku v\u00a0nadch\u00e1zej\u00edc\u00edch letech.<\/p>\n<p>Pete Hegseth (<em>nov\u00fd americk\u00fd ministr obrany v\u00a0Trumpov\u011b administrativ\u011b<\/em>) prohl\u00e1sil, \u017ee okupovan\u00e9 \u00fazem\u00ed nebude Ukrajin\u011b vr\u00e1ceno. Ukrajina nez\u00edsk\u00e1 ani \u010dlenstv\u00ed v\u00a0NATO, ani bezpe\u010dnostn\u00ed z\u00e1ruky. A\u00a0absolutn\u011b \u017e\u00e1dn\u00e9 americk\u00e9 jednotky nebudou zapojeny do m\u00edrov\u00fdch sil.\u201d<\/p>\n<p>Tak a\u00a0je to. Mluv\u00edc\u00ed hlavy v\u00a0\u010desk\u00fdch \u201cve\u0159ejnopr\u00e1vn\u00edch\u201d m\u00e9di\u00edch za\u010d\u00ednaj\u00ed k\u0148u\u010det a\u00a0k\u0148ourat. Europejci v\u00a0Bruselu hyster\u010d\u00ed a\u00a0nahazuj\u00ed sv\u00e9 ochabl\u00e9 sval\u00edky ale zbyl\u00e1 v\u011bt\u0161ina sv\u011bta si za\u010d\u00edn\u00e1 oddychovat. Je konec jadern\u00e9 eskalace. Dv\u011b jadern\u00e9 supervelmoce se dohodly, \u017ee se dohodnou. Bez Evropan\u016f, bez banderovc\u016f.<\/p>\n<p>Je jasn\u00e9, \u017ee Rusov\u00e9 bu\u010f pokra\u010dov\u00e1n\u00edm na boji\u0161ti nebo nov\u011b v\u00a0diplomacii prosad\u00ed svou. \u010cek\u00e1 n\u00e1s denacifikace a\u00a0odzbrojen\u00ed Ukrajiny, odsun arm\u00e1d NATO od rusk\u00fdch hranic, zaru\u010den\u00e9 neutr\u00e1ln\u00ed koridory p\u0159es Nikolajev a\u00a0Od\u011bsu a\u017e do Podn\u011bst\u0159\u00ed a\u00a0p\u0159es Suvalki do Kaliningradu, konec protirusk\u00e9ho \u0161tvan\u00ed.<\/p>\n<p>V p\u0159\u00ed\u0161t\u00edch m\u011bs\u00edc\u00edch bude velmi z\u00e1bavn\u00e9 pozorovat a\u00a0poslouchat politick\u00e9 giganty z\u00a0P\u011bti\/\u010cty\u0159kolky a\u00a0Hradu i\u00a0aktivistick\u00e9 koment\u00e1tory z\u00a0v\u00fdplatnic USAID. Kabaret za\u010d\u00edn\u00e1 \u2013 p\u011bknou z\u00e1bavu.<\/p>\n<p><a href=\"https:\/\/www.novarepublika.cz\/2025\/02\/je-to-nyni-putinuv-a-trumpuv-svet\"><em>V\u00e1clav Dvo\u0159\u00e1k<\/em><\/a><\/p>\n<p><img decoding=\"async\" loading=\"lazy\" class=\"\" src=\"https:\/\/i0.wp.com\/www.novarepublika.cz\/wp-content\/uploads\/2024\/08\/VD_Viden.jpg?fit=140%2C140&amp;ssl=1\" alt=\"V\u00e1clav Dvo\u0159\u00e1k\" width=\"159\" height=\"158\" \/><\/p>\n<p>&nbsp;<\/p>\n","protected":false},"excerpt":{"rendered":"<p>Pro pra\u017esk\u00e9 vl\u00e1dn\u00ed fialov\u00e9 i nevl\u00e1dn\u00ed ziskovky a aktivistick\u00e9 NATOidn\u00ed hlup\u00e1ky, co n\u00e1s cht\u011bj\u00ed uvrtat&#8230;<\/p>\n","protected":false},"author":2,"featured_media":72361,"comment_status":"closed","ping_status":"closed","sticky":false,"template":"","format":"standard","meta":[],"categories":[6],"tags":[1503,102,452],"_links":{"self":[{"href":"https:\/\/www.infokuryr.cz\/n\/wp-json\/wp\/v2\/posts\/72360"}],"collection":[{"href":"https:\/\/www.infokuryr.cz\/n\/wp-json\/wp\/v2\/posts"}],"about":[{"href":"https:\/\/www.infokuryr.cz\/n\/wp-json\/wp\/v2\/types\/post"}],"author":[{"embeddable":true,"href":"https:\/\/www.infokuryr.cz\/n\/wp-json\/wp\/v2\/users\/2"}],"replies":[{"embeddable":true,"href":"https:\/\/www.infokuryr.cz\/n\/wp-json\/wp\/v2\/comments?post=72360"}],"version-history":[{"count":1,"href":"https:\/\/www.infokuryr.cz\/n\/wp-json\/wp\/v2\/posts\/72360\/revisions"}],"predecessor-version":[{"id":72364,"href":"https:\/\/www.infokuryr.cz\/n\/wp-json\/wp\/v2\/posts\/72360\/revisions\/72364"}],"wp:featuredmedia":[{"embeddable":true,"href":"https:\/\/www.infokuryr.cz\/n\/wp-json\/wp\/v2\/media\/72361"}],"wp:attachment":[{"href":"https:\/\/www.infokuryr.cz\/n\/wp-json\/wp\/v2\/media?parent=72360"}],"wp:term":[{"taxonomy":"category","embeddable":true,"href":"https:\/\/www.infokuryr.cz\/n\/wp-json\/wp\/v2\/categories?post=72360"},{"taxonomy":"post_tag","embeddable":true,"href":"https:\/\/www.infokuryr.cz\/n\/wp-json\/wp\/v2\/tags?post=72360"}],"curies":[{"name":"wp","href":"https:\/\/api.w.org\/{rel}","templated":true}]}}