{"id":72292,"date":"2025-02-14T00:58:08","date_gmt":"2025-02-13T23:58:08","guid":{"rendered":"https:\/\/www.infokuryr.cz\/n\/?p=72292"},"modified":"2025-02-14T06:12:36","modified_gmt":"2025-02-14T05:12:36","slug":"thierry-meyssan-donald-trump-a-konflikt-na-ukrajine","status":"publish","type":"post","link":"https:\/\/www.infokuryr.cz\/n\/2025\/02\/14\/thierry-meyssan-donald-trump-a-konflikt-na-ukrajine\/","title":{"rendered":"Thierry Meyssan: Donald Trump a konflikt na Ukrajin\u011b"},"content":{"rendered":"<div id=\"fb-root\"><\/div>\n<section class=\"perex\"><strong>T\u0159i t\u00fddny po sv\u00e9m n\u00e1stupu do B\u00edl\u00e9ho domu se prezident Trump sna\u017e\u00ed vy\u0159e\u0161it ukrajinsk\u00fd konflikt. Je z\u0159ejm\u00e9, \u017ee jeho poradci jsou zaslepeni sv\u00fdmi p\u0159edsudky a nech\u00e1pou \u017e\u00e1dn\u00e9 obavy Moskvy. Vytv\u00e1\u0159ej\u00ed fale\u0161n\u00fd obraz o zapojen\u00ed Ruska do konfliktu. Kdy\u017e si Donald Trump uv\u011bdomil, \u017ee nen\u00ed mo\u017en\u00e9 pokro\u010dit, obr\u00e1til se na ekonomick\u00e9 transakce, jak to ud\u011blal v p\u0159\u00edpad\u011b Gazy. Tentokr\u00e1t navrhuje t\u011b\u017ebu ukrajinsk\u00fdch vz\u00e1cn\u00fdch zemin.<\/strong><\/p>\n<\/section>\n<section class=\"clanek-obsah\">\n<div class=\"karta\" style=\"text-align: center;\">\n<figure><img decoding=\"async\" loading=\"lazy\" class=\"aligncenter\" src=\"https:\/\/zvedavec.news\/images\/25\/trump-a-konflikt-na-ukrajine-2.jpg\" alt=\"[U p\u0159\u00edle\u017eit...]\" width=\"580\" height=\"435\" \/><figcaption><em>U p\u0159\u00edle\u017eitosti znovuotev\u0159en\u00ed katedr\u00e1ly Notre-Dame v Pa\u0159\u00ed\u017ei 7. prosince 2024 se znovuzvolen\u00fd prezident Donald Trump z iniciativy francouzsk\u00e9ho prezidenta Emmanuela Macrona setk\u00e1v\u00e1 se sv\u00fdm nezvolen\u00fdm prot\u011bj\u0161kem z Ukrajiny Volodymyrem Zelensk\u00fdm.<\/em><\/figcaption><\/figure>\n<\/div>\n<p>Prezident Donald Trump ozn\u00e1mil, \u017ee ukrajinsk\u00fd konflikt urovn\u00e1 b\u011bhem n\u011bkolika dn\u00ed, ale pak p\u0159ipustil, \u017ee to pravd\u011bpodobn\u011b bude trvat n\u011bkolik t\u00fddn\u016f. Sv\u00fdm zvl\u00e1\u0161tn\u00edm vyslancem pro Ukrajinu jmenoval gener\u00e1la Keitha Kellogga. Kellogg vyst\u0159\u00eddal ve funkci poradce pro n\u00e1rodn\u00ed bezpe\u010dnost gener\u00e1la Michaela Flynna a pot\u00e9 b\u011bhem Trumpova prvn\u00edho funk\u010dn\u00edho obdob\u00ed p\u016fsobil jako n\u00e1\u010deln\u00edk \u0161t\u00e1bu N\u00e1rodn\u00ed bezpe\u010dnostn\u00ed rady.<\/p>\n<p>B\u011bhem volebn\u00ed kampan\u011b Kellogg po\u017e\u00e1dal jednoho ze sv\u00fdch b\u00fdval\u00fdch asistent\u016f, Fredericka H. Fleitze, aby vypracoval pl\u00e1n pro Ukrajinu. Ten byl zve\u0159ejn\u011bn 11. dubna 2024 organizac\u00ed America First Policy Institute [1].<\/p>\n<p>Tento text je p\u0159edev\u0161\u00edm chv\u00e1lou kandid\u00e1ta Trumpa a kritikou prezidenta Bidena (kter\u00fd se tehdy uch\u00e1zel o znovuzvolen\u00ed), ale obsahuje i \u0159adu my\u0161lenek.<\/p>\n<p>&#8211; Za prv\u00e9, oba mu\u017ei pova\u017euj\u00ed rusk\u00e1 tvrzen\u00ed, \u017ee c\u00edlem speci\u00e1ln\u00ed vojensk\u00e9 operace je denacifikace Ukrajiny, za \u201esm\u011b\u0161n\u00e1\u201c. Stejn\u011b tak pova\u017euj\u00ed obavy Ruska ze vstupu Ukrajiny do NATO za \u201eparanoiu\u201c. Ne\u00fasp\u011bch Bidenovy administrativy interpretuj\u00ed tak, \u017ee ji obvi\u0148uj\u00ed z toho, \u017ee zbyte\u010dn\u011b hr\u00e1la proti Rusku, kdy\u017e podpo\u0159ila \u017e\u00e1dost Kyjeva o vstup do NATO, m\u00edsto aby jednala p\u0159\u00edmo s Moskvou. V neposledn\u00ed \u0159ad\u011b pova\u017euj\u00ed za v\u00e1\u017enou chybu politiku prezidenta Bidena, kter\u00fd nepodpo\u0159il p\u0159\u00edmo ukrajinskou arm\u00e1du, ale mobilizoval sv\u00e9 spojence, aby tak u\u010dinili m\u00edsto n\u00ed, nebo\u0165 t\u00edm Spojen\u00e9 st\u00e1ty ztratily kontrolu nad situac\u00ed.<\/p>\n<p>&#8211; Pokud jde o m\u00edrov\u00e1 jedn\u00e1n\u00ed, auto\u0159i nevylu\u010duj\u00ed, \u017ee Bidenova administrativa vyv\u00edjela n\u00e1tlak na britsk\u00e9ho premi\u00e9ra Borise Johnsona, aby p\u0159esv\u011bd\u010dil ukrajinsk\u00e9ho prezidenta Volodymyra Zelensk\u00e9ho, aby je zma\u0159il. Poznamen\u00e1vaj\u00ed, \u017ee v dubnu 2023 se Bidenova administrativa rozvedla s washingtonsk\u00fdm establishmentem pot\u00e9, co tak u\u010dinila s evropsk\u00fdmi p\u0159edstaviteli: Richard Haass, p\u0159edseda Rady pro mezin\u00e1rodn\u00ed vztahy, a Charles Kupchan, profesor Georgetownsk\u00e9 univerzity, publikovali v \u010dasopise\u00a0<i>Foreign Affairs<\/i>\u00a0\u010dl\u00e1nek, v n\u011bm\u017e uvedli, \u017ee Z\u00e1pad nem\u016f\u017ee dos\u00e1hnout v\u00edt\u011bzstv\u00ed, a proto mus\u00ed vyjednat m\u00edr; tento n\u00e1zor p\u0159evzal i s\u00e1m Henry Kissinger. Hass\u016fv-Kupchan\u016fv pl\u00e1n p\u0159edpokl\u00e1dal, \u017ee se Ukrajina nevzd\u00e1 ztracen\u00fdch \u00fazem\u00ed, ale zav\u00e1\u017ee se je z\u00edskat zp\u011bt diplomatickou cestou, nikoliv silou, za co\u017e Spojen\u00e9 st\u00e1ty zm\u00edrn\u00ed sv\u00e9 sankce v\u016f\u010di Rusku.<\/p>\n<p>Na argumentaci America First Policy Institute je zar\u00e1\u017eej\u00edc\u00ed, \u017ee zcela ignoruje rusk\u00fd pohled na v\u011bc a prom\u00edt\u00e1 washingtonsk\u00fd zp\u016fsob my\u0161len\u00ed do Moskvy. Nep\u0159ikl\u00e1d\u00e1 nacifikaci Ukrajiny \u017e\u00e1dn\u00fd v\u00fdznam ne proto, \u017ee by ji ignoroval, ale proto, \u017ee by Spojen\u00e9 st\u00e1ty nevedly v\u00e1lku kv\u016fli ideologick\u00e9mu probl\u00e9mu [2]. Stejn\u011b tak ignoruje obavy Ruska z ciz\u00edch zbran\u00ed na jeho hranic\u00edch a interpretuje je jako fobii z NATO, zat\u00edmco ve skute\u010dnosti jde o obranu nejdel\u0161\u00edch hranic sv\u011bta. V d\u016fsledku toho zcela nech\u00e1pe, pro\u010d si Moskva myslela, \u017ee p\u0159edlo\u017een\u00edm n\u00e1vrhu smlouvy o bezpe\u010dnostn\u00edch z\u00e1ruk\u00e1ch Washingtonu 17. prosince 2021 zabr\u00e1n\u00ed v\u00e1lce [3]. Mus\u00edme tedy konstatovat, \u017ee v dubnu 2023 Trump\u016fv t\u00fdm nic nepochopil z rusk\u00e9ho anga\u017em\u00e1 na Ukrajin\u011b, a proto nebyl schopen tuto v\u00e1lku ukon\u010dit.<\/p>\n<p>Nepochopen\u00ed poradc\u016f Donalda Trumpa v ukrajinsk\u00e9 ot\u00e1zce bylo mnohokr\u00e1t potvrzeno. Nap\u0159\u00edklad 25. \u010dervence 2023 vyj\u00e1d\u0159il Fr\u00e9d\u00e9rick H. Fleitz v \u010dasopise The Federalist [4] p\u0159ekvapen\u00ed nad t\u00edm, \u017ee summit NATO ve Vilniusu nestanovil datum vstupu Ukrajiny a ze strachu p\u0159ed Ruskem jej odlo\u017eil. Postoj Moskvy interpretoval v p\u0159esv\u011bd\u010den\u00ed, \u017ee si p\u0159edstavuje, \u017ee Ukrajina vystupuje z jej\u00ed z\u00f3ny vlivu, a proto\u017ee se ob\u00e1v\u00e1, \u017ee se demokratizace v t\u00e9to zemi roz\u0161\u00ed\u0159\u00ed do Ruska.<\/p>\n<p>Kreml, kter\u00fd je v pozici s\u00edly, ze sv\u00e9 strany ozn\u00e1mil, \u017ee nebude souhlasit s rozhovory, dokud se Ukrajina ve\u0159ejn\u011b nevzd\u00e1 \u00fazem\u00ed, kter\u00e1 ztratila, a ve\u0159ejn\u011b neprohl\u00e1s\u00ed, \u017ee nevstoup\u00ed do NATO (co\u017e znamen\u00e1 sta\u017een\u00ed \u010dl\u00e1nku z \u00fastavy z roku 2019 [5]), ale zav\u00e1\u017ee se k neutralit\u011b. Rusk\u00fd prezident Vladimir Putin dal jasn\u011b najevo, \u017ee Rusko m\u016f\u017ee podepsat m\u00edrovou smlouvu pouze v p\u0159\u00edpad\u011b, \u017ee Ukrajina bude m\u00edt legitimn\u00edho v\u016fdce, kter\u00fd tak u\u010din\u00ed. Zvolen\u00e9mu prezidentu Zelensk\u00e9mu v\u0161ak v kv\u011btnu 2024 skon\u010dilo funk\u010dn\u00ed obdob\u00ed. Vzhledem k tomu, \u017ee od za\u010d\u00e1tku v\u00e1lky vyhl\u00e1sil stav oble\u017een\u00ed, nemohly se konat \u017e\u00e1dn\u00e9 volby. Nepokusil se zru\u0161it stav oble\u017een\u00ed, aby mohl zorganizovat sv\u00e9 n\u00e1stupnictv\u00ed. Podle ukrajinsk\u00e9 \u00fastavy nen\u00ed zaji\u0161t\u011bn\u00ed p\u0159echodn\u00e9ho obdob\u00ed na n\u011bm, ale na p\u0159edsedovi Nejvy\u0161\u0161\u00ed rady (N\u00e1rodn\u00edho shrom\u00e1\u017ed\u011bn\u00ed) Ruslanu Stefant\u010dukovi. V\u011bdom si sv\u00e9 nelegitimity, doprov\u00e1z\u00ed nezvolen\u00e9ho prezidenta Zelensk\u00e9ho na jeho zahrani\u010dn\u00edch cest\u00e1ch \u010dasto pr\u00e1v\u011b Stefant\u010duk.<\/p>\n<p>Jeden\u00e1ct ukrajinsk\u00fdch opozi\u010dn\u00edch politick\u00fdch stran bylo zak\u00e1z\u00e1no s od\u016fvodn\u011bn\u00edm, \u017ee obhajuj\u00ed kapitulaci p\u0159ed nep\u0159\u00edtelem. V praxi vyzvaly ke zni\u010den\u00ed pomn\u00edk\u016f Organizace ukrajinsk\u00fdch nacionalist\u016f (OUN-B), tedy nacistick\u00fdch kolaborant\u016f. Sou\u010dasn\u00fd re\u017eim naopak postavil jin\u00e9 a podporuje p\u016fvodn\u00ed m\u00fdtus, podle n\u011bho\u017e lze velk\u00fd hladomor (holodomor) p\u0159i\u010d\u00edst vra\u017eedn\u00e9 zv\u016fli Rus\u016f, co\u017e je samoz\u0159ejm\u011b hloupost, proto\u017ee tento hladomor pusto\u0161il i jin\u00e9 oblasti SSSR [6]. Tento m\u00fdtus postupn\u011b podpo\u0159ila t\u00e9m\u011b\u0159 v\u0161echna n\u00e1rodn\u00ed shrom\u00e1\u017ed\u011bn\u00ed z\u00e1padn\u00edch demokraci\u00ed.<\/p>\n<p>Jakmile byl do B\u00edl\u00e9ho domu dosazen prezident Donald Trump, Spojen\u00e9 st\u00e1ty si tuto nesrovnalost uv\u011bdomily: Ukrajina zak\u00e1zala opozi\u010dn\u00ed politick\u00e9 strany a hlavn\u00ed k\u0159es\u0165anskou c\u00edrkev a sp\u00e1lila miliony knih rusk\u00fdch autor\u016f nebo vydan\u00fdch rusk\u00fdmi tisk\u00e1rnami. Gener\u00e1l Keith Kellogg \u0159\u00edk\u00e1: \u201eVe v\u011bt\u0161in\u011b demokraci\u00ed se volby konaj\u00ed i v dob\u011b v\u00e1lky. Mysl\u00edm, \u017ee je to d\u016fle\u017eit\u00e9. Mysl\u00edm, \u017ee je to dobr\u00e9 pro demokracii. Kr\u00e1sa siln\u00e9 demokracie spo\u010d\u00edv\u00e1 v tom, \u017ee m\u00e1 v\u00edce ne\u017e jednoho potenci\u00e1ln\u00edho kandid\u00e1ta.\u201c<\/p>\n<p>CIA se z\u0159ejm\u011b rozhodla up\u0159ednostnit volbu Oleksije Arestovy\u010de, b\u00fdval\u00e9ho poradce Volodymyra Zelensk\u00e9ho pro komunikaci. Ten byl sice m\u00e9n\u011b obratn\u00fd ne\u017e Zelenskyj, ale mnohem inteligentn\u011bj\u0161\u00ed a mimo jin\u00e9 i specialista na masovou manipulaci.<\/p>\n<p>Nicm\u00e9n\u011b 2. \u00fanora, dva dny p\u0159ed zah\u00e1jen\u00edm p\u0159\u00edm\u00fdch kontakt\u016f mezi B\u00edl\u00fdm domem a Kremlem, vydala SVR (rusk\u00e1 zahrani\u010dn\u00ed rozv\u011bdka) podivn\u00e9 komunik\u00e9 [7]. Zaznamenalo, \u017ee Spojen\u00e9 st\u00e1ty uva\u017euj\u00ed o tom, \u017ee se zbav\u00ed Volodymyra Zelensk\u00e9ho, a odhalilo, \u017ee NATO, kter\u00e9 se sna\u017e\u00ed zachovat zbytky Ukrajiny, aby si udr\u017eelo p\u0159edmost\u00ed proti Rusku, se chyst\u00e1 zablokovat jeho p\u0159\u00edpadn\u00e9 znovuzvolen\u00ed. Za t\u00edmto \u00fa\u010delem pl\u00e1nuje Severoatlantick\u00e1 aliance vydat t\u0159i zpr\u00e1vy:<\/p>\n<ul>\n<li>Ukrajinsk\u00e9 p\u0159edsednictv\u00ed zpronev\u011b\u0159ilo 1,5 miliardy eur ur\u010den\u00fdch na n\u00e1kup munice;<\/li>\n<li>130 000 ukrajinsk\u00fdch voj\u00e1k\u016f, kte\u0159\u00ed padli v boji, st\u00e1le dost\u00e1v\u00e1 sv\u016fj plat;<\/li>\n<li>nezvolen\u00fd prezident Zelenskyj prodal \u2013 nikoliv prodal \u2013 nemovitosti zahrani\u010dn\u00edm spole\u010dnostem a kompenzace byly diskr\u00e9tn\u011b vyplaceny na zahrani\u010dn\u00ed \u00fa\u010dty.<\/li>\n<\/ul>\n<p>Tiskovou zpr\u00e1vu SVR je t\u0159eba br\u00e1t s rezervou, proto\u017ee ji\u017e loni v \u010dervnu [8] ozn\u00e1mila, \u017ee Washington se chce Zelensk\u00e9ho zbavit. V t\u00e9 dob\u011b v\u0161ak byla v B\u00edl\u00e9m dom\u011b je\u0161t\u011b Bidenova administrativa.<\/p>\n<p>Tato z\u00e1padn\u00ed \u201ep\u0159\u00edprava\u201c a zah\u00e1jen\u00ed ofici\u00e1ln\u00edch jedn\u00e1n\u00ed mezi B\u00edl\u00fdm domem a Kremlem 5. \u00fanora vedly 7. \u00fanora k podivn\u00e9mu n\u00e1vrhu prezidenta Trumpa: Spojen\u00e9 st\u00e1ty poskytnou finan\u010dn\u00ed pomoc v\u00fdm\u011bnou za povolen\u00ed k t\u011b\u017eb\u011b ukrajinsk\u00fdch vz\u00e1cn\u00fdch zemin.<\/p>\n<div class=\"karta\" style=\"text-align: center;\">\n<figure><img decoding=\"async\" loading=\"lazy\" class=\"aligncenter\" src=\"https:\/\/zvedavec.news\/images\/25\/trump-a-konflikt-na-ukrajine.jpg\" alt=\"[V rozhovor...]\" width=\"504\" height=\"378\" \/><figcaption><em>V rozhovoru pro agenturu Reuters z 8. \u00fanora 2025 nab\u00eddl nezvolen\u00fd prezident Zelenskyj, \u017ee pokud se mu nepoda\u0159\u00ed vyhr\u00e1t v\u00e1lku, prod\u00e1 bohatstv\u00ed sv\u00e9 zem\u011b.<\/em><\/figcaption><\/figure>\n<\/div>\n<p>Ani\u017e by \u010dekal, poskytl nezvolen\u00fd ukrajinsk\u00fd prezident agentu\u0159e Reuters rozhovor [9] a \u00faryvky z n\u011bj p\u0159ed zve\u0159ejn\u011bn\u00edm zve\u0159ejnil na sv\u00e9m kan\u00e1lu Telegram. \u0158ekl: \u201eUkrajina je velmi bohat\u00e1 zem\u011b. To neznamen\u00e1, \u017ee ji n\u011bkomu rozd\u00e1me, dokonce ani strategick\u00fdm partner\u016fm. Mluv\u00edme o partnerstv\u00ed&#8230; Poj\u010fme ji spole\u010dn\u011b rozv\u00edjet, poj\u010fme vyd\u011bl\u00e1vat pen\u00edze, a p\u0159edev\u0161\u00edm jde o bezpe\u010dnost z\u00e1padn\u00edho sv\u011bta (&#8230;) Je to pro n\u00e1s velmi zaj\u00edmav\u00e9, v\u00edm, \u017ee je to velmi zaj\u00edmav\u00e9 pro Trumpovu administrativu (&#8230;) Jsme p\u0159ipraveni a ochotni m\u00edt smlouvy na dod\u00e1vky zkapaln\u011bn\u00e9ho zemn\u00edho plynu (LNG) na Ukrajinu. A samoz\u0159ejm\u011b budeme uzlem pro celou Evropu (&#8230;) Ameri\u010dan\u00e9 pomohli nejv\u00edc, tak\u017ee by m\u011bli vyhr\u00e1t nejv\u00edc. M\u011bli by m\u00edt tuto prioritu a budou z toho m\u00edt prosp\u011bch. R\u00e1d bych o tom jednal i s prezidentem Trumpem.<\/p>\n<p>Vz\u00e1cn\u00e9 zeminy jsou d\u016fle\u017eit\u00e9 p\u0159i v\u00fdrob\u011b vysoce v\u00fdkonn\u00fdch magnet\u016f, elektromotor\u016f a spot\u0159ebn\u00ed elektroniky. Ukrajina m\u00e1 tak\u00e9 nejv\u011bt\u0161\u00ed evropsk\u00e9 z\u00e1soby titanu, kter\u00fd je nezbytn\u00fd pro leteck\u00fd pr\u016fmysl, a uranu, kter\u00fd se pou\u017e\u00edv\u00e1 pro jadernou energii a zbran\u011b.<\/p>\n<p>Probl\u00e9mem je, \u017ee Rusko ji\u017e obsadilo velk\u00e9 lo\u017eisko lithia v Don\u011bck\u00e9 oblasti (v\u00fdchod) pot\u00e9, co zabralo dal\u0161\u00ed lo\u017eisko v Krout\u011b Balce v Z\u00e1poro\u017esk\u00e9 oblasti (jih); jde o dva regiony, kter\u00e9 po\u017e\u00e1daly o p\u0159ipojen\u00ed k Rusk\u00e9 federaci a dos\u00e1hly ho v referendu.<\/p>\n<p>Situace je nal\u00e9hav\u00e1: Ukrajina ji\u017e brzy nebude m\u00edt co nab\u00eddnout.<\/p>\n<p>Gener\u00e1l Keith Kellogg ji\u017e couv\u00e1 a poskytl rozhovor den\u00edku New York Post [10]. Podle n\u011bj je v\u0161e je\u0161t\u011b k jedn\u00e1n\u00ed, d\u016fle\u017eit\u00e9 je zastavit masakr. Jin\u00fdmi slovy, americk\u00e9 imp\u00e9rium si je v\u011bdomo, \u017ee se hrout\u00ed, a h\u00e1z\u00ed my\u0161lenkami, aby sv\u016fj kolaps zakrylo.<\/p>\n<p><strong><em><a href=\"https:\/\/www.voltairenet.org\/article221784.html\">Thierry Meyssan<\/a><\/em><\/strong><\/p>\n<p><img decoding=\"async\" loading=\"lazy\" class=\"alignnone wp-image-72293\" src=\"http:\/\/www.infokuryr.cz\/n\/wp-content\/uploads\/2025\/02\/thierry-meyssan-300x300.jpg\" alt=\"\" width=\"170\" height=\"170\" srcset=\"https:\/\/www.infokuryr.cz\/n\/wp-content\/uploads\/2025\/02\/thierry-meyssan.jpg 300w, https:\/\/www.infokuryr.cz\/n\/wp-content\/uploads\/2025\/02\/thierry-meyssan-150x150.jpg 150w\" sizes=\"(max-width: 170px) 100vw, 170px\" \/><\/p>\n<h2>Odkazy<\/h2>\n<p>[ 1 ]\u00a0<a href=\"https:\/\/americafirstpolicy.com\/assets\/uploads\/files\/America_First%2C_Russia%2C___Ukraine_.pdf\" target=\"_blank\" rel=\"external noopener\">America First, Rusko a Ukrajina<\/a>\u00a0, Keith Kellogg &amp; Frederick H. Fleitz, America First Policy Institute, 11. dubna 2024.<\/p>\n<p>[ 2 ] \u201e<a href=\"https:\/\/www.voltairenet.org\/article218391.html\" target=\"_blank\" rel=\"external noopener\">Kdo jsou ukrajin\u0161t\u00ed integr\u00e1ln\u00ed nacionalist\u00e9?<\/a>\u00bb, od Thierryho Meyssana, Voltaire Network , 15. listopadu 2022.<\/p>\n<p>[ 3 ] \u201e<a href=\"https:\/\/www.voltairenet.org\/article215197.html\" target=\"_blank\" rel=\"external noopener\">Rusko chce donutit USA, aby respektovaly Chartu Organizace spojen\u00fdch n\u00e1rod\u016f<\/a>\u201c, Thierry Meyssan, Voltaire Network , 4. ledna 2022.<\/p>\n<p>[ 4 ] \u201e<a href=\"https:\/\/thefederalist.com\/2023\/07\/25\/how-promising-nato-membership-to-ukraine-could-lead-to-world-war-iii\/\" target=\"_blank\" rel=\"external noopener\">Jak slibn\u00e9 \u010dlenstv\u00ed Ukrajiny v NATO m\u016f\u017ee v\u00e9st ke t\u0159et\u00ed sv\u011btov\u00e9 v\u00e1lce<\/a>\u201c, Frederick H. Fleitz, The Federalist , 25. \u010dervence 2023.<\/p>\n<p>[ 5 ] Podle \u010dl. 85 odst. 5 \u00dastavy: \u201eVerchovna rada ur\u010duje vnit\u0159n\u00ed a zahrani\u010dn\u00ed politiku a uskute\u010d\u0148uje strategick\u00e9 sm\u011b\u0159ov\u00e1n\u00ed st\u00e1tu s ohledem na pln\u00e9 p\u0159istoupen\u00ed Ukrajiny k Evropsk\u00e9 unii a Severoatlantick\u00e9 alianci.\u201c<\/p>\n<p>[ 6 ] \u201e<a href=\"https:\/\/www.histoquiz-contemporain.com\/Histoquiz\/Lesdossiers\/LaFrance19391945\/holodomor\/Dossiers.htm\" target=\"_blank\" rel=\"external noopener\">Holodomor, nov\u00fd avatar \u201eevropsk\u00e9ho\u201c antikomunismu<\/a>\u201c (\u00faryvek z The Choice of Defeat ), Annie Lacroix-Riz (2010). Hladomor a transformace zem\u011bd\u011blstv\u00ed v SSSR , Mark Tauger, Delga (2017).<\/p>\n<p>[ 7 ] \u201c<a href=\"http:\/\/svr.gov.ru\/smi\/2025\/02\/natovtsy-gotovyat-kampaniyu-po-diskreditatsii-v-zelenskogo.htm\" target=\"_blank\" rel=\"external noopener\">Natovtsy jdou do campaniye pro distribuci<\/a>. Zelenskyj, Tiskov\u00e9 st\u0159edisko Rusk\u00e9 federace, 3. \u00fanora 2025.<\/p>\n<p>[ 8 ] \u201e<a href=\"http:\/\/svr.gov.ru\/smi\/2024\/06\/zapad-gotovitsya-spisat-zelenskogo.htm\" target=\"_blank\" rel=\"external noopener\">P\u0159ihlaste se k Zelensk\u00e9mu<\/a>\u201c, tiskov\u00fd mluv\u010d\u00ed Rusk\u00e9 federace, 20. \u010dervna 2024.<\/p>\n<p>[ 9 ] \u201e<a href=\"https:\/\/www.reuters.com\/world\/europe\/quotes-president-volodymyr-zelenskiys-interview-with-reuters-2025-02-07\/\" target=\"_blank\" rel=\"external noopener\">Cit\u00e1ty z rozhovoru prezidenta Volodymyra Zelensk\u00e9ho pro Reuters<\/a>,\u201c Reuters, 7. \u00fanora 2025.<\/p>\n<p>[ 10 ] \u201e<a href=\"https:\/\/nypost.com\/2025\/02\/06\/world-news\/trump-ready-to-double-down-on-russian-sanctions-us-ukraine-envoy-keith-kellogg\/\" target=\"_blank\" rel=\"external noopener\">Trump p\u0159ipraven zdvojn\u00e1sobit rusk\u00e9 sankce, \u0159\u00edk\u00e1 americk\u00fd vyslanec pro Ukrajinu Keith Kellogg<\/a>,\u201c Caitlin Doornbos, New York Post, 7. \u00fanora 2025.<\/p>\n<div class=\"podcarou\">\n<p><a href=\"https:\/\/www.voltairenet.org\/article221784.html\" target=\"_blank\" rel=\"external noopener\">Donald Trump et le conflit en Ukraine<\/a> vy\u0161el 12.2.2025 na voltairenet.org. P\u0159eklad\u00a0<a href=\"https:\/\/zvedavec.news\/komentare\/2025\/02\/10392-donald-trump-a-konflikt-na-ukrajine.htm\">Zvedavec.org<\/a><\/p>\n<\/div>\n<\/section>\n<p>&nbsp;<\/p>\n","protected":false},"excerpt":{"rendered":"<p>T\u0159i t\u00fddny po sv\u00e9m n\u00e1stupu do B\u00edl\u00e9ho domu se prezident Trump sna\u017e\u00ed vy\u0159e\u0161it ukrajinsk\u00fd konflikt&#8230;.<\/p>\n","protected":false},"author":2,"featured_media":72294,"comment_status":"closed","ping_status":"closed","sticky":false,"template":"","format":"standard","meta":[],"categories":[7],"tags":[1042,220,452,26],"_links":{"self":[{"href":"https:\/\/www.infokuryr.cz\/n\/wp-json\/wp\/v2\/posts\/72292"}],"collection":[{"href":"https:\/\/www.infokuryr.cz\/n\/wp-json\/wp\/v2\/posts"}],"about":[{"href":"https:\/\/www.infokuryr.cz\/n\/wp-json\/wp\/v2\/types\/post"}],"author":[{"embeddable":true,"href":"https:\/\/www.infokuryr.cz\/n\/wp-json\/wp\/v2\/users\/2"}],"replies":[{"embeddable":true,"href":"https:\/\/www.infokuryr.cz\/n\/wp-json\/wp\/v2\/comments?post=72292"}],"version-history":[{"count":1,"href":"https:\/\/www.infokuryr.cz\/n\/wp-json\/wp\/v2\/posts\/72292\/revisions"}],"predecessor-version":[{"id":72295,"href":"https:\/\/www.infokuryr.cz\/n\/wp-json\/wp\/v2\/posts\/72292\/revisions\/72295"}],"wp:featuredmedia":[{"embeddable":true,"href":"https:\/\/www.infokuryr.cz\/n\/wp-json\/wp\/v2\/media\/72294"}],"wp:attachment":[{"href":"https:\/\/www.infokuryr.cz\/n\/wp-json\/wp\/v2\/media?parent=72292"}],"wp:term":[{"taxonomy":"category","embeddable":true,"href":"https:\/\/www.infokuryr.cz\/n\/wp-json\/wp\/v2\/categories?post=72292"},{"taxonomy":"post_tag","embeddable":true,"href":"https:\/\/www.infokuryr.cz\/n\/wp-json\/wp\/v2\/tags?post=72292"}],"curies":[{"name":"wp","href":"https:\/\/api.w.org\/{rel}","templated":true}]}}