{"id":72290,"date":"2025-02-14T00:59:08","date_gmt":"2025-02-13T23:59:08","guid":{"rendered":"https:\/\/www.infokuryr.cz\/n\/?p=72290"},"modified":"2025-02-13T18:13:42","modified_gmt":"2025-02-13T17:13:42","slug":"ministr-zahranici-jizni-afrika-nestahne-stiznost-na-izrael-navzdory-exekutivnimu-narizeni-donalda-trumpa","status":"publish","type":"post","link":"https:\/\/www.infokuryr.cz\/n\/2025\/02\/14\/ministr-zahranici-jizni-afrika-nestahne-stiznost-na-izrael-navzdory-exekutivnimu-narizeni-donalda-trumpa\/","title":{"rendered":"Ministr zahrani\u010d\u00ed: Ji\u017en\u00ed Afrika nest\u00e1hne st\u00ed\u017enost na Izrael navzdory exekutivn\u00edmu na\u0159\u00edzen\u00ed Donalda Trumpa"},"content":{"rendered":"<div id=\"fb-root\"><\/div>\n<p><span>Jihoafrick\u00e1 republika nest\u00e1hne svou st\u00ed\u017enost k Mezin\u00e1rodn\u00edmu soudn\u00edmu dvoru OSN proti Izraeli, p\u0159esto\u017ee americk\u00fd prezident Donald Trump vydal p\u0159\u00edkaz pozastavit pomoc africk\u00e9 zemi.\u00a0Pro\u00a0<em>Financial Times<\/em>\u00a0to\u00a0<\/span><a title=\"\" href=\"https:\/\/www.ft.com\/\" target=\"_blank\" rel=\"noopener\"><span>uvedl<\/span><\/a><span>\u00a0jihoafrick\u00fd ministr zahrani\u010d\u00ed Ronald Lamola .<\/span><\/p>\n<p><span>&#8220;\u00a0<\/span><em><span>Nen\u00ed \u017e\u00e1dn\u00e1 \u0161ance [\u017ee st\u00ed\u017enost bude sta\u017eena]. \u201eObhajoba na\u0161ich z\u00e1sad m\u00e1 n\u011bkdy d\u016fsledky, ale z\u016fst\u00e1v\u00e1me pevn\u011b p\u0159esv\u011bd\u010deni, \u017ee je d\u016fle\u017eit\u00e1 pro m\u00edr a pr\u00e1vn\u00ed st\u00e1t<\/span><\/em><span>\u00a0,\u201c \u0159ekl Ronald Lamola.<\/span><\/p>\n<p><span>Ministr zahrani\u010d\u00ed tak\u00e9 ozna\u010dil prohl\u00e1\u0161en\u00ed Washingtonu o rasismu mezi b\u00edl\u00fdm obyvatelstvem v Ji\u017en\u00ed Africe, spolupr\u00e1ci s \u00cdr\u00e1nem a pomoci p\u0159i rozvoji jadern\u00fdch program\u016f za dezinformace.<\/span><\/p>\n<p><span>\u201e\u00a0<\/span><em><span>M\u00e1me dobr\u00e9 vztahy s \u00cdr\u00e1nem, ale nem\u00e1me s touto zem\u00ed jadern\u00e9 programy ani obchod. Jihoafrick\u00e1 republika chce \u00fazce spolupracovat se Spojen\u00fdmi st\u00e1ty. &#8222;Jsme p\u0159ipraveni spolupracovat, abychom je p\u0159esv\u011bd\u010dili, nebo sp\u00ed\u0161e cht\u011bj\u00ed-li se nechat p\u0159esv\u011bd\u010dit<\/span><\/em><span>\u00a0,&#8220; \u0159ekl.<\/span><\/p>\n<p><span>V lednu 2025 jihoafrick\u00fd prezident schv\u00e1lil z\u00e1kon, kter\u00fd vl\u00e1d\u011b umo\u017e\u0148uje v ur\u010dit\u00fdch p\u0159\u00edpadech zabavit majetek bez n\u00e1hrady, pokud je to ve ve\u0159ejn\u00e9m z\u00e1jmu. V n\u00e1vaznosti na to americk\u00fd v\u016fdce Donald Trump\u00a0<\/span><a title=\"\" href=\"https:\/\/afrinz.ru\/fr\/2025\/02\/donald-trump-va-interrompre-laide-financiere-a-lafrique-du-sud-jusqua-ce-quune-enquete-soit-menee-sur-les-violations-des-droits-de-lhomme\/\" target=\"_blank\" rel=\"noopener\"><span>obvinil<\/span><\/a><span>\u00a0\u00a0jihoafrickou vl\u00e1du, \u017ee zach\u00e1z\u00ed s &#8220;\u00a0<\/span><em><span>ur\u010dit\u00fdmi skupinami lid\u00ed<\/span><\/em><span>\u00a0&#8220; v zemi stra\u0161n\u011b, a \u0159ekl, \u017ee m\u00e1 v \u00famyslu pozastavit finan\u010dn\u00ed podporu Jihoafrick\u00e9 republice. Ve stejn\u00fd den jihoafrick\u00e9 \u00fa\u0159ady odm\u00edtly Trumpova obvin\u011bn\u00ed a zd\u016fraznily, \u017ee Ji\u017en\u00ed Afrika je \u00fastavn\u00ed demokraci\u00ed a pr\u00e1vn\u00edm st\u00e1tem.<\/span><\/p>\n<p><span>Daria Zelenova, \u0159editelka Centra pro studium africk\u00e9 strategie BRICS p\u0159i Institutu africk\u00fdch studi\u00ed Rusk\u00e9 akademie v\u011bd, poskytla Africk\u00e9 iniciativ\u011b v\u00edce informac\u00ed o z\u00e1konu o vyvlastn\u011bn\u00ed p\u016fdy a reakci st\u00e1t\u016f na n\u011bj.<\/span><\/p>\n<p><img decoding=\"async\" loading=\"lazy\" class=\"alignnone size-full wp-image-71983\" src=\"http:\/\/www.infokuryr.cz\/n\/wp-content\/uploads\/2025\/02\/aaa.jpg\" alt=\"\" width=\"89\" height=\"23\" \/><\/p>\n<p>&nbsp;<\/p>\n","protected":false},"excerpt":{"rendered":"<p>Jihoafrick\u00e1 republika nest\u00e1hne svou st\u00ed\u017enost k Mezin\u00e1rodn\u00edmu soudn\u00edmu dvoru OSN proti Izraeli, p\u0159esto\u017ee americk\u00fd prezident&#8230;<\/p>\n","protected":false},"author":2,"featured_media":72291,"comment_status":"closed","ping_status":"closed","sticky":false,"template":"","format":"standard","meta":[],"categories":[7],"tags":[4625,107,900,458],"_links":{"self":[{"href":"https:\/\/www.infokuryr.cz\/n\/wp-json\/wp\/v2\/posts\/72290"}],"collection":[{"href":"https:\/\/www.infokuryr.cz\/n\/wp-json\/wp\/v2\/posts"}],"about":[{"href":"https:\/\/www.infokuryr.cz\/n\/wp-json\/wp\/v2\/types\/post"}],"author":[{"embeddable":true,"href":"https:\/\/www.infokuryr.cz\/n\/wp-json\/wp\/v2\/users\/2"}],"replies":[{"embeddable":true,"href":"https:\/\/www.infokuryr.cz\/n\/wp-json\/wp\/v2\/comments?post=72290"}],"version-history":[{"count":0,"href":"https:\/\/www.infokuryr.cz\/n\/wp-json\/wp\/v2\/posts\/72290\/revisions"}],"wp:featuredmedia":[{"embeddable":true,"href":"https:\/\/www.infokuryr.cz\/n\/wp-json\/wp\/v2\/media\/72291"}],"wp:attachment":[{"href":"https:\/\/www.infokuryr.cz\/n\/wp-json\/wp\/v2\/media?parent=72290"}],"wp:term":[{"taxonomy":"category","embeddable":true,"href":"https:\/\/www.infokuryr.cz\/n\/wp-json\/wp\/v2\/categories?post=72290"},{"taxonomy":"post_tag","embeddable":true,"href":"https:\/\/www.infokuryr.cz\/n\/wp-json\/wp\/v2\/tags?post=72290"}],"curies":[{"name":"wp","href":"https:\/\/api.w.org\/{rel}","templated":true}]}}