{"id":72286,"date":"2025-02-14T00:56:34","date_gmt":"2025-02-13T23:56:34","guid":{"rendered":"https:\/\/www.infokuryr.cz\/n\/?p=72286"},"modified":"2025-02-13T18:20:32","modified_gmt":"2025-02-13T17:20:32","slug":"unikle-dokumenty-odhaluji-plany-usa-na-vmesovani-do-iranu","status":"publish","type":"post","link":"https:\/\/www.infokuryr.cz\/n\/2025\/02\/14\/unikle-dokumenty-odhaluji-plany-usa-na-vmesovani-do-iranu\/","title":{"rendered":"Unikl\u00e9 dokumenty odhaluj\u00ed pl\u00e1ny USA na vm\u011b\u0161ov\u00e1n\u00ed do \u00cdr\u00e1nu"},"content":{"rendered":"<div id=\"fb-root\"><\/div>\n<p><strong>Nov\u011b unikl\u00e9 dokumenty odhaluj\u00ed neust\u00e1l\u00fd, skryt\u00fd tlak Washingtonu na zm\u011bnu re\u017eimu v \u00cdr\u00e1nu. Nal\u00e9v\u00e1n\u00edm milion\u016f dolar\u016f do skryt\u00fdch iniciativ se Spojen\u00e9 st\u00e1ty sna\u017e\u00ed infiltrovat ob\u010danskou spole\u010dnost, manipulovat politickou participac\u00ed a vyvolat nepokoje, zat\u00edmco jejich \u00edr\u00e1n\u0161t\u00ed p\u0159\u00edjemci z\u016fst\u00e1vaj\u00ed ve st\u00ednu.<\/strong><\/p>\n<p>V\u00fdbu\u0161n\u00fd \u00fanik zkouman\u00fd\u00a0<em>The Cradle<\/em>\u00a0odhaluje rozsah dlouhodob\u00e9 kampan\u011b Washingtonu za destabilizaci isl\u00e1msk\u00e9 republiky.<\/p>\n<p>Po mnoho let utr\u00e1cel Fond pro region\u00e1ln\u00ed demokracii (\u00a0<a title=\"\" href=\"https:\/\/crsreports.congress.gov\/product\/pdf\/R\/R46344\/3\" target=\"_blank\" rel=\"noopener\">NERD<\/a>\u00a0) americk\u00e9ho ministerstva zahrani\u010d\u00ed stovky milion\u016f dolar\u016f na tajn\u00e9 operace zam\u011b\u0159en\u00e9 na svr\u017een\u00ed vl\u00e1dy v Teher\u00e1nu \u2013 bez \u00fasp\u011bchu.\u00a0Podrobnosti o t\u011bchto prost\u0159edc\u00edch a jejich p\u0159\u00edjemc\u00edch jsou obecn\u011b utajeny. Tento \u00fanik v\u0161ak poskytuje vz\u00e1cn\u00fd pohled na nejnov\u011bj\u0161\u00ed projekt zm\u011bny re\u017eimu NERD.<\/p>\n<h5 class=\"wp-block-heading\"><span style=\"font-size: 18pt;\"><strong>Skryt\u00e9 financov\u00e1n\u00ed \u00edr\u00e1nsk\u00e9 opozice<\/strong><\/span><\/h5>\n<p>Doty\u010dn\u00fd dokument je utajovan\u00e1 \u017e\u00e1dost o n\u00e1vrhy vydan\u00e1 ministerstvem zahrani\u010d\u00ed USA soukrom\u00fdm dodavatel\u016fm a subjekt\u016fm souvisej\u00edc\u00edm se zpravodajsk\u00fdmi slu\u017ebami, jako jsou National Endowment for Democracy (\u00a0<a title=\"\" href=\"https:\/\/thecradle.co\/articles-id\/2254\" target=\"_blank\" rel=\"noopener\">NED<\/a>\u00a0) a\u00a0<a title=\"\" href=\"https:\/\/thecradle.co\/articles-id\/27287\" target=\"_blank\" rel=\"noopener\">USAID<\/a>\u00a0.<\/p>\n<p>V srpnu 2023 byla v tichosti projedn\u00e1na a po\u017eadovala n\u00e1vrhy na \u201e\u00a0<em>podporu \u00edr\u00e1nsk\u00e9 ob\u010dansk\u00e9 spole\u010dnosti, obr\u00e1nc\u016f ob\u010dansk\u00fdch pr\u00e1v a ve\u0161ker\u00e9ho \u00edr\u00e1nsk\u00e9ho lidu p\u0159i uplat\u0148ov\u00e1n\u00ed jejich ob\u010dansk\u00fdch a politick\u00fdch pr\u00e1v b\u011bhem<\/em>\u00a0volebn\u00edho obdob\u00ed n\u00e1sleduj\u00edc\u00edho roku i po n\u011bm\u201c\u00a0<em>s c\u00edlem zn\u00e1sobit \u017eivotaschopn\u00e1 \u0159e\u0161en\u00ed pro demokratickou \u00fa\u010dast<\/em>\u00a0.<\/p>\n<p>NERD vyzval kandid\u00e1ty , aby &#8220;\u00a0<em>navrhli aktivity<\/em>\u00a0&#8220; , kter\u00e9 by &#8220;\u00a0<em>pos\u00edlily iniciativy ob\u010dansk\u00e9 spole\u010dnosti , aby se organizovaly kolem ot\u00e1zek kritick\u00fdch pro \u00edr\u00e1nsk\u00fd lid b\u011bhem volebn\u00edho obdob\u00ed a aby volen\u00e9 a nevolen\u00e9 v\u016fdce povolaly k odpov\u011bdnosti za po\u017eadavky ob\u010dan\u016f\u00a0<\/em><em>.<\/em>\u00a0&#8220;<\/p>\n<p>Ministerstvo zahrani\u010d\u00ed se tak\u00e9 sna\u017eilo zv\u00fd\u0161it pov\u011bdom\u00ed ob\u010dan\u016f o \u00fadajn\u00fdch \u201e\u00a0<em>nedostatc\u00edch v \u00edr\u00e1nsk\u00fdch volebn\u00edch procesech<\/em>\u00a0\u201c. N\u00e1vrhy m\u011bly \u201e\u00a0<em>v\u011bnovat zvl\u00e1\u0161tn\u00ed pozornost rozvoji strategi\u00ed a aktivit zam\u011b\u0159en\u00fdch na\u00a0<a title=\"\" href=\"https:\/\/thecradle.co\/articles\/iran-to-veil-or-not-to-veil\" target=\"_blank\" rel=\"noopener\">zv\u00fd\u0161en\u00ed \u00fa\u010dasti \u017een<\/a>\u00a0v ob\u010dansk\u00e9 spole\u010dnosti, advokacii, pr\u00e1vn\u00edm st\u00e1tu a akc\u00edch \u0159\u00e1dn\u00e9 spr\u00e1vy v\u011bc\u00ed ve\u0159ejn\u00fdch<\/em>\u00a0\u201c.<\/p>\n<p>Dokument je pln\u00fd pomp\u00e9zn\u00edch a eufemistick\u00fdch v\u00fdraz\u016f. NERD prohla\u0161uje, \u017ee obhajuje \u201e\u00a0<em>participativn\u00ed vl\u00e1dnut\u00ed, ekonomick\u00e9 reformy a pokrok ve vzd\u011bl\u00e1v\u00e1n\u00ed<\/em>\u00a0\u201c s c\u00edlem vytvo\u0159it \u201e\u00a0<em>reaktivn\u011bj\u0161\u00ed a odpov\u011bdn\u011bj\u0161\u00ed \u00edr\u00e1nskou vl\u00e1du, stabiln\u00ed v r\u00e1mci sv\u00fdch hranic a navenek m\u00edrumilovn\u00e9ho a produktivn\u00edho \u010dlena spole\u010denstv\u00ed n\u00e1rod\u016f<\/em>\u00a0\u201c.<\/p>\n<p>Jin\u00fdmi slovy, dal\u0161\u00ed poddajn\u00fd z\u00e1padn\u00ed klientsk\u00fd st\u00e1t slou\u017e\u00edc\u00ed imperi\u00e1ln\u00edm z\u00e1jm\u016fm v z\u00e1padn\u00ed Asii, m\u00edsto aby je zpochyb\u0148oval.<\/p>\n<p>NERD pl\u00e1noval, \u017ee \u00fasp\u011b\u0161n\u00ed \u017eadatel\u00e9 budou na t\u011bchto velk\u00fdch projektech koordinovat s \u201e\u00a0<em>vl\u00e1dami, organizacemi ob\u010dansk\u00e9 spole\u010dnosti, komunitn\u00edmi v\u016fdci, ml\u00e1de\u017enick\u00fdmi a \u017eensk\u00fdmi aktivistkami a skupinami ze soukrom\u00e9ho sektoru<\/em>\u00a0\u201c.<\/p>\n<p>Financov\u00e1n\u00ed ministerstva zahrani\u010d\u00ed by vedlo k \u201e\u00a0<em><a title=\"\" href=\"https:\/\/www.aa.com.tr\/en\/americas\/usaid-funded-6-200-journalists-supported-707-media-outlets-globally-report\/3474390\" target=\"_blank\" rel=\"noopener\">v\u011bt\u0161\u00ed rozmanitosti necenzurovan\u00fdch m\u00e9di\u00ed<\/a><\/em>\u00a0\u201c v \u00cdr\u00e1nu a z\u00e1rove\u0148 by roz\u0161\u00ed\u0159ilo \u201e\u00a0<em>p\u0159\u00edstup k digit\u00e1ln\u00edm m\u00e9di\u00edm pomoc\u00ed zabezpe\u010den\u00e9 komunika\u010dn\u00ed infrastruktury, n\u00e1stroj\u016f a technologi\u00ed<\/em>\u00a0\u201c. O\u010dek\u00e1v\u00e1 se , \u017ee to zlep\u0161\u00ed &#8220;\u00a0<em>schopnost ob\u010dansk\u00e9 spole\u010dnosti organizovat se a h\u00e1jit z\u00e1jmy ob\u010dan\u016f<\/em>\u00a0&#8220; .<\/p>\n<h5 class=\"wp-block-heading\"><span style=\"font-size: 18pt;\"><strong>&#8222;Humanistick\u00e1 t\u00e9mata&#8220;<\/strong><\/span><\/h5>\n<p>NERD pova\u017euje\u00a0<a title=\"\" href=\"https:\/\/thecradle.co\/articles-id\/25805\" target=\"_blank\" rel=\"noopener\">\u00edr\u00e1nsk\u00e9 volby<\/a>\u00a0a obdob\u00ed kampan\u011b v roce 2024 za \u201e\u00a0<em>p\u0159\u00edle\u017eitosti<\/em>\u00a0\u201c k infiltraci ob\u010dansk\u00e9 spole\u010dnosti. Pl\u00e1n p\u0159edpokl\u00e1dal s\u00ed\u0165 \u201e\u00a0<em>ob\u010dansk\u00fdch akt\u00e9r\u016f<\/em>\u00a0\u201c zapojen\u00fdch do volebn\u00edch strategi\u00ed od \u201e\u00a0<em>volebn\u00ed \u00fa\u010dasti<\/em>\u00a0\u201c po \u201e\u00a0<em>ne\u00fa\u010dast voli\u010d\u016f<\/em>\u00a0\u201c \u2013 jin\u00fdmi slovy, bu\u010f mobilizovat voli\u010de, nebo podkop\u00e1vat volebn\u00ed \u00fa\u010dast.<\/p>\n<p>Z\u00e1rove\u0148 by byla nab\u00eddnuta \u201e\u00a0<em>technick\u00e1 podpora a \u0161kolen\u00ed<\/em>\u00a0\u201c \u017een\u00e1m, ml\u00e1de\u017ei a etnick\u00fdm men\u0161in\u00e1m, kter\u00e9 aspiruj\u00ed na vedouc\u00ed postaven\u00ed na v\u0161ech \u00farovn\u00edch spr\u00e1vy v\u011bc\u00ed ve\u0159ejn\u00fdch \u2013 a\u010dkoli \u017e\u00e1dn\u00fd \u00edr\u00e1nsk\u00fd \u00fa\u0159edn\u00edk \u201e\u00a0<em>v sou\u010dasn\u00e9 dob\u011b ve funkci<\/em>\u00a0\u201c by nem\u011bl n\u00e1rok na pomoc.<\/p>\n<p>Jakmile byla tato s\u00ed\u0165 \u00edr\u00e1nsk\u00fdch agent\u016f p\u016fsob\u00edc\u00edch pro zm\u011bnu re\u017eimu na sv\u00e9m m\u00edst\u011b, m\u011bla, jak se doufalo, organizovat \u201e\u00a0<em>p\u0159edst\u00edran\u00e1 n\u00e1rodn\u00ed referenda<\/em>\u00a0\u201c a dal\u0161\u00ed \u201e\u00a0<em>neofici\u00e1ln\u00ed<\/em>\u00a0\u201c politick\u00e9 akce mimo ofici\u00e1ln\u00ed struktury Isl\u00e1msk\u00e9 republiky, aby upozornila na \u00fadajn\u00fd nepom\u011br mezi vl\u00e1dn\u00edmi kroky a v\u016fl\u00ed ve\u0159ejnosti.<\/p>\n<p>\u00cdr\u00e1nci by tak\u00e9 byli povzbuzov\u00e1ni, aby psali \u201e\u00a0<em>manifesty<\/em>\u00a0\u201c o \u201e\u00a0<em>neuspokojen\u00fdch pot\u0159eb\u00e1ch a priorit\u00e1ch<\/em>\u00a0\u201c m\u00edstn\u00edho obyvatelstva. Jak se o\u010dek\u00e1valo, nebyla u\u010din\u011bna \u017e\u00e1dn\u00e1 zm\u00ednka o tom, jak\u00a0<a title=\"\" href=\"https:\/\/www.state.gov\/iran-sanctions\/\" target=\"_blank\" rel=\"noopener\">ochromuj\u00edc\u00ed sankce uvalen\u00e9 Spojen\u00fdmi st\u00e1ty a Evropskou uni\u00ed<\/a>\u00a0v\u00fdznamn\u011b p\u0159isp\u00edvaj\u00ed k nespokojenosti obyvatelstva v Teher\u00e1nu. M\u00edsto toho \u0159ekl:<\/p>\n<p>\u201e\u00a0<em>Aktivity by m\u011bly b\u00fdt nestrann\u00e9 a otev\u0159en\u00e9 \u00fa\u010dasti \u0161irok\u00e9 \u0161k\u00e1ly skupin, aby povzbudily r\u016fzn\u00e9 akt\u00e9ry, aby se organizovali kolem spole\u010dn\u00fdch z\u00e1jm\u016f\u2026 V\u0161echny navrhovan\u00e9 aktivity mus\u00ed jasn\u011b prok\u00e1zat dopad na ob\u010dany a skupiny ob\u010dansk\u00e9 spole\u010dnosti v \u00cdr\u00e1nu. Podpora m\u016f\u017ee b\u00fdt poskytov\u00e1na v zemi, prost\u0159ednictv\u00edm \u010dinnost\u00ed ve t\u0159et\u00edch zem\u00edch s \u00edr\u00e1nsk\u00fdmi \u00fa\u010dastn\u00edky nebo virtu\u00e1ln\u011b prost\u0159ednictv\u00edm online kan\u00e1l\u016f, ale \u017eadatel mus\u00ed prok\u00e1zat p\u0159\u00edm\u00e9 spojen\u00ed s akt\u00e9ry ob\u010dansk\u00e9 spole\u010dnosti v \u00cdr\u00e1nu a schopnost s nimi jednat bezpe\u010dn\u011b a efektivn\u011b<\/em>\u00a0.<\/p>\n<p>Kupodivu byly n\u011bkter\u00e9 v\u00fddaje v\u00fdslovn\u011b zak\u00e1z\u00e1ny, v\u010detn\u011b podpory \u201e\u00a0<em>jednotliv\u00fdm politick\u00fdm stran\u00e1m nebo pokus\u016fm prosadit ur\u010ditou politickou agendu v \u00cdr\u00e1nu<\/em>\u00a0\u201c, aktivit v USA, akademick\u00e9ho v\u00fdzkumu, program\u016f soci\u00e1ln\u00ed p\u00e9\u010de, komer\u010dn\u00edch podnik\u016f, kulturn\u00edch festival\u016f a dokonce \u201e\u00a0<em>v\u00fddaj\u016f na z\u00e1bavu<\/em>\u00a0\u201c, jako jsou \u201e\u00a0<em>recepce, spole\u010densk\u00e9 aktivity, ceremonie, alkoholick\u00e9 n\u00e1poje [a] prohl\u00eddky s pr\u016fvodcem<\/em>\u00a0\u201c.<\/p>\n<p>Je\u0161t\u011b p\u0159ekvapiv\u011bj\u0161\u00ed je, \u017ee embargo se vztahuje na \u201e\u00a0<em>l\u00e9ka\u0159sk\u00fd a psychologick\u00fd v\u00fdzkum nebo klinick\u00e9 studie na lidsk\u00fdch subjektech<\/em>\u00a0\u201c. To vyvol\u00e1v\u00e1 znepokojiv\u00e9 ot\u00e1zky o p\u0159edchoz\u00edch projektech financovan\u00fdch NERD: Uva\u017eovalo se o n\u011bjak\u00fdch projektech zahrnuj\u00edc\u00edch lidsk\u00e9 experimenty na \u00edr\u00e1nsk\u00fdch ob\u010danech nebo jin\u00fdch cizinc\u00edch? Byly v minulosti n\u011bjak\u00e9 pl\u00e1ny na pou\u017eit\u00ed alkoholu jako n\u00e1stroje destabilizace?<\/p>\n<h5 class=\"wp-block-heading\"><span style=\"font-size: 18pt;\"><strong>&#8222;Lidov\u00e9&#8220; demonstrace<\/strong><\/span><\/h5>\n<p>Z\u016fst\u00e1v\u00e1 nejasn\u00e9, kter\u00e9 skupiny nakonec z\u00edskaly finan\u010dn\u00ed prost\u0159edky od NERD na tyto pokusy o zm\u011bnu re\u017eimu. Mainstreamov\u00e1 m\u00e9dia\u00a0<a title=\"\" href=\"https:\/\/www.washingtonpost.com\/world\/2025\/02\/05\/iran-trump-usaid-nuclear-deal-talks\/5471eed8-e37f-11ef-ab83-bb30e4340014_story.html\" target=\"_blank\" rel=\"noopener\">tvrd\u00ed<\/a>\u00a0, \u017ee tyto informace jsou tajn\u00e9, \u00fadajn\u011b kv\u016fli \u201e\u00a0<em>riziku pro aktivisty v \u00cdr\u00e1nu<\/em>\u00a0\u201c. Pokud v\u0161ak Washington zachov\u00e1 tajemstv\u00ed, je to mo\u017en\u00e1 m\u00e9n\u011b z bezpe\u010dnostn\u00edch d\u016fvod\u016f, ne\u017e aby maskoval pochybnou povahu t\u011bchto tajn\u00fdch operac\u00ed.<\/p>\n<p>Teher\u00e1n ji\u017e dlouho\u00a0<a title=\"\" href=\"https:\/\/www.voanews.com\/a\/voa-iran-trying-to-intimidate-with-ban-on-media-contact-80715042\/111249.html\" target=\"_blank\" rel=\"noopener\">moud\u0159e zakazuje<\/a>\u00a0podvratn\u00e9 aktivity americk\u00fdch zpravodajsk\u00fdch slu\u017eeb a vl\u00e1dn\u00edch agentur na sv\u00e9m \u00fazem\u00ed. Washington v\u0161ak nad\u00e1le podporuje \u010detn\u00e9 \u00edr\u00e1nsk\u00e9 \u201eexilov\u00e9\u201c a diasporov\u00e9 skupiny s\u00eddl\u00edc\u00ed na Z\u00e1pad\u011b, jako\u017e i jejich p\u0159idru\u017een\u00e9 nevl\u00e1dn\u00ed organizace, skupiny ob\u010dansk\u00e9 spole\u010dnosti a propagandistick\u00e9 platformy v zahrani\u010d\u00ed.<\/p>\n<p>P\u0159esto\u017ee ameri\u010dt\u00ed \u00fa\u0159edn\u00edci tyto aktivity ve\u0159ejn\u011b p\u0159iznali, podrobnosti \u2013 v\u010detn\u011b identity z\u00fa\u010dastn\u011bn\u00fdch skupin a jednotlivc\u016f \u2013 byly systematicky zatajov\u00e1ny.<\/p>\n<p><a href=\"https:\/\/web.archive.org\/web\/20220929211411\/https:\/www.ned.org\/wp-content\/themes\/ned\/search\/grant-search.php?organizationName=&amp;region=&amp;projectCountry=iran&amp;amount=&amp;fromDate=&amp;toDate=&amp;projectFocus%5B%5D=&amp;projectFocus%5B%5D=&amp;projectFocus%5B%5D=&amp;projectFocus%5B%5D=&amp;projectFocus%5B%5D=&amp;projectFocus%5B%5D=&amp;projectFocus%5B%5D=&amp;projectFocus%5B%5D=&amp;projectFocus%5B%5D=&amp;projectFocus%5B%5D=&amp;projectFocus%5B%5D=&amp;projectFocus%5B%5D=&amp;projectFocus%5B%5D=&amp;projectFocus%5B%5D=&amp;search=&amp;maxCount=100&amp;orderBy=SortAs&amp;sbmt=1\"><span dir=\"ltr\" lang=\"EN-GB\"><span>Od vymazan\u00fdch<\/span><\/span><\/a><span><span dir=\"ltr\" lang=\"EN-GB\">\u00a0ve\u0159ejn\u00fdch z\u00e1znam\u016f nap\u0159\u00edklad\u00a0<\/span><\/span><span dir=\"ltr\" lang=\"EN-GB\"><span>spole\u010dnost NED sama investovala nejm\u00e9n\u011b 4,6 milionu dolar\u016f do 51 samostatn\u00fdch kontrarevolu\u010dn\u00edch snah v \u00cdr\u00e1nu v letech 2016 a\u017e 2021. To zahrnovalo financov\u00e1n\u00ed odborov\u00fdch svaz\u016f, \u201epos\u00edlen\u00ed nez\u00e1visl\u00e9 \u017eurnalistiky\u201c, vytvo\u0159en\u00ed pr\u00e1vn\u00ed publikace, kter\u00e1 by povzbudila \u201epr\u00e1vn\u00edky, studenty pr\u00e1v a duchovn\u00ed\u201c k agitaci za reformn\u00ed \u201einiciativy irsk\u00fdch demokrat\u016f a mnohon\u00e1sobn\u00fdch \u017een\u201c podnik\u00e1n\u00ed, politika a spole\u010dnost.\u00a0<\/span><\/span><\/p>\n<p>Organizace odpov\u011bdn\u00e1 za realizaci t\u011bchto iniciativ byla uvedena pouze v sedmi p\u0159\u00edpadech, konkr\u00e9tn\u011b\u00a0<a title=\"\" href=\"https:\/\/www.iranrights.org\/\" target=\"_blank\" rel=\"noopener\">Abdorrahman Boroumand Center<\/a>\u00a0se s\u00eddlem ve Washingtonu.<\/p>\n<p>Toto\u017enost dal\u0161\u00edch 44 p\u0159\u00edjemc\u016f z\u016fst\u00e1v\u00e1 nezn\u00e1m\u00e1. Dal\u0161\u00ed\u00a0<a title=\"\" href=\"https:\/\/web.archive.org\/web\/20220325100211\/https:\/www.ned.org\/region\/middle-east-and-northern-africa\/iran-2021\/\" target=\"_blank\" rel=\"noopener\">smazan\u00fd<\/a>\u00a0z\u00e1znam NED odhaluje, \u017ee v roce, kter\u00fd p\u0159edch\u00e1zel\u00a0<a title=\"\" href=\"https:\/\/www.theguardian.com\/world\/2022\/nov\/06\/iran-fresh-protests-universities-kurdish-region\" target=\"_blank\" rel=\"noopener\">protest\u016fm v z\u00e1\u0159\u00ed 2022<\/a>\u00a0v \u00cdr\u00e1nu, agentura utratila t\u00e9m\u011b\u0159 1 milion dolar\u016f na nezve\u0159ejn\u011bn\u00e9 projekty zam\u011b\u0159en\u00e9 na obranu \u201elidsk\u00fdch pr\u00e1v\u201c.<\/p>\n<p>Nebyly uvedeny \u017e\u00e1dn\u00e9 z\u00fa\u010dastn\u011bn\u00e9 organizace. Nap\u0159\u00edklad des\u00edtky tis\u00edc americk\u00fdch dolar\u016f byly vlo\u017eeny do nejmenovan\u00e9ho subjektu, aby \u201e\u00a0<em>sledoval, dokumentoval a pod\u00e1val zpr\u00e1vy o poru\u0161ov\u00e1n\u00ed lidsk\u00fdch pr\u00e1v<\/em>\u00a0\u201c. Organizace m\u011bla tak\u00e9 \u201e\u00a0<em>\u00fazce spolupracovat se svou s\u00edt\u00ed lidskopr\u00e1vn\u00edch aktivist\u016f [v \u00cdr\u00e1nu] na pos\u00edlen\u00ed jejich kapacit v oblasti informac\u00ed, advokacie a digit\u00e1ln\u00ed bezpe\u010dnosti<\/em>\u00a0\u201c\u00a0<em>.<\/em><\/p>\n<h5 class=\"wp-block-heading\"><span style=\"font-size: 18pt;\"><strong>Zahrani\u010dn\u00ed vliv a instrumentalizace \u00edr\u00e1nsk\u00fdch mobilizac\u00ed<\/strong><\/span><\/h5>\n<p>Nen\u00ed jasn\u00e9, zda tyto fondy n\u011bjak\u00fdm zp\u016fsobem ovlivnily\u00a0<a title=\"\" href=\"https:\/\/thecradle.co\/articles\/iran-to-veil-or-not-to-veil\" target=\"_blank\" rel=\"noopener\">protesty v \u00cdr\u00e1nu v z\u00e1\u0159\u00ed 2022<\/a>\u00a0, ale je z\u0159ejm\u00e9, \u017ee NED od za\u010d\u00e1tku krize velmi pozorn\u011b sledoval m\u00edstn\u00ed d\u011bn\u00ed. T\u00fdden pot\u00e9, co shrom\u00e1\u017ed\u011bn\u00ed za\u010dala, nadace\u00a0<a title=\"\" href=\"https:\/\/x.com\/NEDemocracy\/status\/1573033864779468801\" target=\"_blank\" rel=\"noopener\">vyzvala<\/a>\u00a0ka\u017ed\u00e9ho, kdo m\u00e1 z\u00e1jem \u201e\u00a0<em>pokr\u00fdt vlnu protest\u016f<\/em>\u00a0\u201c, aby sledoval centrum Abdorrahmana Boroumanda, opakuj\u00edc\u00edho se p\u0159\u00edjemce v\u00fd\u0161e zm\u00edn\u011bn\u00fdch grant\u016f. P\u0159esto\u017ee \u00edr\u00e1nsk\u00e9 protesty zpo\u010d\u00e1tku z\u00edskaly rozs\u00e1hlou pozornost z\u00e1padn\u00edch m\u00e9di\u00ed, skon\u010dily\u00a0<a title=\"\" href=\"https:\/\/www.france24.com\/en\/asia-pacific\/20230316-iran-s-baloch-population-lead-anti-regime-protests-six-months-after-mahsa-amini-s-death\" target=\"_blank\" rel=\"noopener\">stejn\u011b<\/a>\u00a0rychle a n\u00e1hle, jako za\u010daly.<\/p>\n<p>Je ironi\u00ed, \u017ee mobilizace demonstrant\u016f byla zna\u010dn\u011b zpomalena nestydat\u00fdm vyu\u017e\u00edv\u00e1n\u00edm povst\u00e1n\u00ed z\u00e1padn\u00edmi akt\u00e9ry. Zaho\u0159kl\u00ed aktivist\u00e9\u00a0<a title=\"\" href=\"https:\/\/www.iranglobal.info\/fa\/node\/182551\" target=\"_blank\" rel=\"noopener\">si otev\u0159en\u011b st\u011b\u017eovali<\/a>\u00a0, \u017ee jejich v\u011bc je \u201e\u00a0<em>dr\u017eena jako rukojm\u00ed<\/em>\u00a0\u201c zahrani\u010dn\u00edmi akt\u00e9ry.<\/p>\n<p>Nejzn\u00e1m\u011bj\u0161\u00edm z t\u011bchto agit\u00e1tor\u016f s\u00eddl\u00edc\u00edch v USA je Masih Alinejad, \u00edr\u00e1nsk\u00fd exulant, kter\u00fd\u00a0<a title=\"\" href=\"https:\/\/asawinstanley.substack.com\/p\/iran-the-revolution-that-never-was\" target=\"_blank\" rel=\"noopener\">z\u00edskal<\/a>\u00a0od americk\u00fdch vl\u00e1dn\u00edch agentur stovky tis\u00edc dolar\u016f na protiteher\u00e1nsk\u00e9 propagandistick\u00e9 operace. Podvodn\u00e9\u00a0<a title=\"\" href=\"https:\/\/www.newyorker.com\/news\/daily-comment\/the-exiled-dissident-fuelling-the-hijab-protests-in-iran\" target=\"_blank\" rel=\"noopener\">prezentov\u00e1n\u00ed se<\/a>\u00a0jako \u201ev\u016fdce\u201c protestn\u00edho hnut\u00ed v Isl\u00e1msk\u00e9 republice z\u0159ejm\u011b sta\u010dilo k tomu, aby m\u00edstn\u00ed obyvatele odradilo od jak\u00e9koli iniciativy.<\/p>\n<p>To je d\u016fvod, pro\u010d Washington skr\u00fdv\u00e1 p\u0159\u00edjemce sv\u00fdch finan\u010dn\u00edch prost\u0159edk\u016f ur\u010den\u00fdch na zm\u011bnu re\u017eimu: historie odboje, kter\u00fd\u00a0<a title=\"\" href=\"https:\/\/www.middleeastmonitor.com\/20231104-on-this-day-the-iran-hostage-crisis\/\" target=\"_blank\" rel=\"noopener\">odm\u00edt\u00e1 z\u00e1padn\u00ed vm\u011b\u0161ov\u00e1n\u00ed<\/a>\u00a0, povzbuzuje \u00edr\u00e1nsk\u00e9 ob\u010dany k opatrnosti p\u0159ed ciz\u00edm vlivem. Skryt\u00e1 podpora USA nahlod\u00e1v\u00e1 legitimitu opozi\u010dn\u00edch hnut\u00ed a podn\u011bcuje nacionalistickou vlnu.<\/p>\n<p>The\u00a0<em>Washington Post<\/em>\u00a0ned\u00e1vno\u00a0<a title=\"\" href=\"https:\/\/www.washingtonpost.com\/world\/2025\/02\/05\/iran-trump-usaid-nuclear-deal-talks\/5471eed8-e37f-11ef-ab83-bb30e4340014_story.html\" target=\"_blank\" rel=\"noopener\">uvedl<\/a>\u00a0, \u017ee mnoho \u00cdr\u00e1nc\u016f nap\u0159\u00ed\u010d ideologiemi pova\u017euje zmrazen\u00ed financov\u00e1n\u00ed zm\u011bny re\u017eimu administrativou americk\u00e9ho prezidenta Donalda Trumpa za p\u0159\u00edle\u017eitost k v\u00fdznamn\u00e9 politick\u00e9 zm\u011bn\u011b.<\/p>\n<p>V posledn\u00edm roce funk\u010dn\u00edho obdob\u00ed b\u00fdval\u00e9ho americk\u00e9ho prezidenta Joe Bidena po\u017e\u00e1dal B\u00edl\u00fd d\u016fm o dal\u0161\u00edch 65 milion\u016f dolar\u016f na operace NERD, jak je podrobn\u011b pops\u00e1no v unikl\u00e9 \u017e\u00e1dosti o n\u00e1vrhy. Av\u0161ak s t\u00edmto financov\u00e1n\u00edm, kter\u00e9 je nyn\u00ed v limbu, je nyn\u00ed \u00edr\u00e1nsk\u00e1 opozice podporovan\u00e1 Z\u00e1padem a do zna\u010dn\u00e9 m\u00edry z\u00e1visl\u00e1 na zahrani\u010dn\u00edch dotac\u00edch ochromena.<\/p>\n<p>Jedna z hlavn\u00edch p\u0159ek\u00e1\u017eek skute\u010dn\u00e9ho diplomatick\u00e9ho st\u0159etnut\u00ed mezi Washingtonem a Teher\u00e1nem tak mohla b\u00fdt odstran\u011bna. Nadch\u00e1zej\u00edc\u00ed m\u011bs\u00edce n\u00e1m uk\u00e1\u017eou, zda tento posun otev\u0159e nov\u00e9 cesty k\u00a0<a title=\"\" href=\"https:\/\/apnews.com\/article\/iran-trump-usaid-nuclear-deal-talks-986793e2e21e2b338546767bba5f2df0\" target=\"_blank\" rel=\"noopener\">dialogu<\/a>\u00a0, nebo bude pouze do\u010dasnou pauzou v nekone\u010dn\u00e9 americk\u00e9 strategii zm\u011bny re\u017eimu v \u00cdr\u00e1nu.<\/p>\n<p><a href=\"https:\/\/thecradle.co\/authors\/kit-klarenberg\">Kit Klarenberg<\/a><\/p>\n<p>&nbsp;<\/p>\n","protected":false},"excerpt":{"rendered":"<p>Nov\u011b unikl\u00e9 dokumenty odhaluj\u00ed neust\u00e1l\u00fd, skryt\u00fd tlak Washingtonu na zm\u011bnu re\u017eimu v \u00cdr\u00e1nu. Nal\u00e9v\u00e1n\u00edm milion\u016f&#8230;<\/p>\n","protected":false},"author":2,"featured_media":72287,"comment_status":"closed","ping_status":"closed","sticky":false,"template":"","format":"standard","meta":[],"categories":[7],"tags":[1042,38,220,37],"_links":{"self":[{"href":"https:\/\/www.infokuryr.cz\/n\/wp-json\/wp\/v2\/posts\/72286"}],"collection":[{"href":"https:\/\/www.infokuryr.cz\/n\/wp-json\/wp\/v2\/posts"}],"about":[{"href":"https:\/\/www.infokuryr.cz\/n\/wp-json\/wp\/v2\/types\/post"}],"author":[{"embeddable":true,"href":"https:\/\/www.infokuryr.cz\/n\/wp-json\/wp\/v2\/users\/2"}],"replies":[{"embeddable":true,"href":"https:\/\/www.infokuryr.cz\/n\/wp-json\/wp\/v2\/comments?post=72286"}],"version-history":[{"count":1,"href":"https:\/\/www.infokuryr.cz\/n\/wp-json\/wp\/v2\/posts\/72286\/revisions"}],"predecessor-version":[{"id":72288,"href":"https:\/\/www.infokuryr.cz\/n\/wp-json\/wp\/v2\/posts\/72286\/revisions\/72288"}],"wp:featuredmedia":[{"embeddable":true,"href":"https:\/\/www.infokuryr.cz\/n\/wp-json\/wp\/v2\/media\/72287"}],"wp:attachment":[{"href":"https:\/\/www.infokuryr.cz\/n\/wp-json\/wp\/v2\/media?parent=72286"}],"wp:term":[{"taxonomy":"category","embeddable":true,"href":"https:\/\/www.infokuryr.cz\/n\/wp-json\/wp\/v2\/categories?post=72286"},{"taxonomy":"post_tag","embeddable":true,"href":"https:\/\/www.infokuryr.cz\/n\/wp-json\/wp\/v2\/tags?post=72286"}],"curies":[{"name":"wp","href":"https:\/\/api.w.org\/{rel}","templated":true}]}}