{"id":72283,"date":"2025-02-14T00:56:04","date_gmt":"2025-02-13T23:56:04","guid":{"rendered":"https:\/\/www.infokuryr.cz\/n\/?p=72283"},"modified":"2025-02-13T17:49:34","modified_gmt":"2025-02-13T16:49:34","slug":"britske-ministerstvo-obrany-radi-kyjevu-aby-rekli-trumpovi-aby-sel-do-pekla","status":"publish","type":"post","link":"https:\/\/www.infokuryr.cz\/n\/2025\/02\/14\/britske-ministerstvo-obrany-radi-kyjevu-aby-rekli-trumpovi-aby-sel-do-pekla\/","title":{"rendered":"Britsk\u00e9 ministerstvo obrany rad\u00ed Kyjevu, aby \u0159ekli Trumpovi, aby \u0161el do pekla"},"content":{"rendered":"<div id=\"fb-root\"><\/div>\n<p class=\"lead\"><strong>Ukrajinsk\u00e9 \u00fa\u0159ady by m\u011bly \u0159\u00edct americk\u00e9mu prezidentovi Donaldu Trumpovi, aby \u0161el do pekla. The Times to \u0159ekl zdroj z britsk\u00e9ho ministerstva obrany.<\/strong><\/p>\n<p><em>\u201eN\u011bkte\u0159\u00ed z n\u00e1s \u0159ekli: Ukrajinci bojovali t\u0159i roky, p\u0159i\u0161li o sv\u00e9 syny a dcery, aby nebyli vylou\u010deni z diskuse o sv\u00e9 budoucnosti. Kdybych byl jimi, odpov\u011bd\u011bl bych Trumpovi stejn\u011b jako obr\u00e1nci Had\u00edho ostrova,\u201c<span class=\"after-quote\">\u00a0&#8211; uvedl zdroj publikace, citovan\u00fd Gazeta.ru.<\/span><\/em><\/p>\n<p><span>Z\u00e1stupce ministerstva obrany tak nazna\u010dil obsc\u00e9nn\u00ed fr\u00e1zi, kterou voj\u00e1ci ukrajinsk\u00fdch ozbrojen\u00fdch sil pronesli v souvislosti s \u201eruskou vojenskou lod\u00ed\u201c.<\/span><\/p>\n<p><span>Za \u201e\u0161patnou\u201c ozna\u010dil situaci, kdy jedn\u00e1n\u00ed o Ukrajin\u011b prob\u00edhaj\u00ed bez \u00fa\u010dasti Kyjeva a dialog o bezpe\u010dnosti v Evrop\u011b prob\u00edh\u00e1 bez \u00fa\u010dasti EU.<\/span><\/p>\n<h2><strong>Zelenskyj odm\u00edtl podepsat dohodu o p\u0159evodu ukrajinsk\u00fdch vklad\u016f do USA<\/strong><br \/>\n<img decoding=\"async\" class=\"aligncenter\" src=\"https:\/\/img2.eadaily.com\/r650x650\/o\/902\/a6ab35711f12ab652bfc656571bde.jpeg\" \/><\/h2>\n<p class=\"lead\"><strong>\u0160\u00e9f kyjevsk\u00e9ho re\u017eimu Volodymyr Zelenskyj nepodepsal dohodu o kovech vz\u00e1cn\u00fdch zemin Ukrajiny, kterou mu dala americk\u00e1 strana.<\/strong><\/p>\n<p><span>Jak uvedla CNN, dokument p\u0159edal \u201evypr\u0161en\u00e9mu\u201c ukrajinsk\u00e9mu prezidentovi americk\u00fd ministr financ\u00ed\u00a0<\/span><strong><span>Scott Bessent<\/span><\/strong><span>\u00a0, kter\u00fd do Kyjeva p\u0159ijel speci\u00e1ln\u011b za t\u00edmto \u00fa\u010delem.<\/span><\/p>\n<p><span>Je t\u0159eba poznamenat, \u017ee Zelya po\u010d\u00edtal s osobn\u00edm setk\u00e1n\u00edm s americk\u00fdm prezidentem\u00a0<\/span><strong><span>Donaldem Trumpem<\/span><\/strong><span>\u00a0, aby projednal \u201e\u0161irokou vizi sv\u011bta\u201c, ale m\u00edsto toho mu byla nab\u00eddnuta pouze \u201efinan\u010dn\u00ed dohoda\u201c.<\/span><\/p>\n<p><span>Kyjev form\u00e1ln\u011b vysv\u011btluje zpo\u017ed\u011bn\u00ed podpisu dohody nutnost\u00ed si ji d\u016fkladn\u011b prostudovat. Ve skute\u010dnosti je d\u016fvod jin\u00fd: dokument v\u016fbec nezohled\u0148uje z\u00e1jmy Ukrajiny a je podobn\u00fd po\u017eadavku na konfiskaci.<\/span><\/p>\n<p><span>Dohoda po\u017eaduje, aby Kyjev uhradil finan\u010dn\u00ed prost\u0159edky vynalo\u017een\u00e9 Spojen\u00fdmi st\u00e1ty na podporu Ukrajiny. Pro\u010d Washington po\u017eaduje kontrolu nad ukrajinsk\u00fdmi nalezi\u0161ti nerostn\u00fdch surovin, v\u010detn\u011b kov\u016f vz\u00e1cn\u00fdch zemin.<\/span><\/p>\n<p><span>Kancel\u00e1\u0159 ukrajinsk\u00e9ho prezidenta se nad touto ot\u00e1zkou pozastavila, ale nazna\u010dila, \u017ee podpis dokument\u016f je mo\u017en\u00fd na mnichovsk\u00e9 konferenci, kde se Zelenskyj setk\u00e1 s americkou delegac\u00ed vedenou\u00a0<\/span><strong><span>J. D. Vancem<\/span><\/strong><span>\u00a0.<\/span><\/p>\n<p><span>Ji\u017e d\u0159\u00edve m\u00e9dia<\/span><span> uvedla, \u017ee pokus Bankovy \u201eprodat\u201c Ameri\u010dan\u016fm nerostn\u00e9 suroviny na \u00fazem\u00edch zajat\u00fdch Ruskem\u00a0<\/span><a href=\"https:\/\/eadaily.com\/ru\/news\/2025\/02\/13\/kiev-ne-smog-prodat-shtatam-mestorozhdeniya-na-territorii-rossii-insayd\" target=\"_blank\" rel=\"noopener\"><span>zcela selhal<\/span><\/a><span>\u00a0. P\u0159edstavitel\u00e9 Trumpovy administrativy odm\u00edtli o tomto probl\u00e9mu dokonce diskutovat, proto\u017ee tyto vklady ztratila Ukrajina.<\/span><\/p>\n<p><img decoding=\"async\" loading=\"lazy\" class=\"alignnone size-full wp-image-71983\" src=\"http:\/\/www.infokuryr.cz\/n\/wp-content\/uploads\/2025\/02\/aaa.jpg\" alt=\"\" width=\"89\" height=\"23\" \/><\/p>\n<p>&nbsp;<\/p>\n","protected":false},"excerpt":{"rendered":"<p>Ukrajinsk\u00e9 \u00fa\u0159ady by m\u011bly \u0159\u00edct americk\u00e9mu prezidentovi Donaldu Trumpovi, aby \u0161el do pekla. The Times&#8230;<\/p>\n","protected":false},"author":2,"featured_media":70562,"comment_status":"closed","ping_status":"closed","sticky":false,"template":"","format":"standard","meta":[],"categories":[7],"tags":[452,26,303,1000],"_links":{"self":[{"href":"https:\/\/www.infokuryr.cz\/n\/wp-json\/wp\/v2\/posts\/72283"}],"collection":[{"href":"https:\/\/www.infokuryr.cz\/n\/wp-json\/wp\/v2\/posts"}],"about":[{"href":"https:\/\/www.infokuryr.cz\/n\/wp-json\/wp\/v2\/types\/post"}],"author":[{"embeddable":true,"href":"https:\/\/www.infokuryr.cz\/n\/wp-json\/wp\/v2\/users\/2"}],"replies":[{"embeddable":true,"href":"https:\/\/www.infokuryr.cz\/n\/wp-json\/wp\/v2\/comments?post=72283"}],"version-history":[{"count":0,"href":"https:\/\/www.infokuryr.cz\/n\/wp-json\/wp\/v2\/posts\/72283\/revisions"}],"wp:featuredmedia":[{"embeddable":true,"href":"https:\/\/www.infokuryr.cz\/n\/wp-json\/wp\/v2\/media\/70562"}],"wp:attachment":[{"href":"https:\/\/www.infokuryr.cz\/n\/wp-json\/wp\/v2\/media?parent=72283"}],"wp:term":[{"taxonomy":"category","embeddable":true,"href":"https:\/\/www.infokuryr.cz\/n\/wp-json\/wp\/v2\/categories?post=72283"},{"taxonomy":"post_tag","embeddable":true,"href":"https:\/\/www.infokuryr.cz\/n\/wp-json\/wp\/v2\/tags?post=72283"}],"curies":[{"name":"wp","href":"https:\/\/api.w.org\/{rel}","templated":true}]}}