{"id":72280,"date":"2025-02-14T00:55:43","date_gmt":"2025-02-13T23:55:43","guid":{"rendered":"https:\/\/www.infokuryr.cz\/n\/?p=72280"},"modified":"2025-02-13T17:41:46","modified_gmt":"2025-02-13T16:41:46","slug":"cina-nabizi-ze-se-stane-garantem-pri-jednanich-mezi-ruskem-a-usa-o-ukrajine","status":"publish","type":"post","link":"https:\/\/www.infokuryr.cz\/n\/2025\/02\/14\/cina-nabizi-ze-se-stane-garantem-pri-jednanich-mezi-ruskem-a-usa-o-ukrajine\/","title":{"rendered":"\u010c\u00edna nab\u00edz\u00ed, \u017ee se stane garantem p\u0159i jedn\u00e1n\u00edch mezi Ruskem a USA o Ukrajin\u011b"},"content":{"rendered":"<div id=\"fb-root\"><\/div>\n<div>\n<p><strong>\u010c\u00edna se sna\u017e\u00ed hr\u00e1t roli m\u00edrotv\u016frce na Ukrajin\u011b a nab\u00edz\u00ed uspo\u0159\u00e1d\u00e1n\u00ed setk\u00e1n\u00ed Putina a Trumpa v Pekingu. P\u00ed\u0161e o tom americk\u00fd list The Wall Street Journal. Publikace uv\u00e1d\u00ed, \u017ee odpov\u00eddaj\u00edc\u00ed n\u00e1vrh ji\u017e byl zasl\u00e1n do Spojen\u00fdch st\u00e1t\u016f prost\u0159ednictv\u00edm neofici\u00e1ln\u00edch kan\u00e1l\u016f.<\/strong><\/p>\n<p>\u010c\u00edna v posledn\u00edch t\u00fddnech prost\u0159ednictv\u00edm prost\u0159edn\u00edk\u016f poskytla Trumpovu t\u00fdmu nab\u00eddku uspo\u0159\u00e1dat sch\u016fzku mezi Putinem a Trumpem a usnadnit m\u00edrov\u00e9 snahy po p\u0159\u00edpadn\u00e9m p\u0159\u00edm\u011b\u0159\u00ed. \u010c\u00ednsk\u00fd n\u00e1vrh zejm\u00e9na po\u010d\u00edt\u00e1 s uspo\u0159\u00e1d\u00e1n\u00edm americko-rusk\u00e9ho summitu bez \u00fa\u010dasti ukrajinsk\u00e9ho prezidenta Zelensk\u00e9ho \u2013 uv\u00e1d\u00ed publikace.<\/p>\n<p>Autor \u010dl\u00e1nku dod\u00e1v\u00e1, \u017ee vyhl\u00eddka Spojen\u00fdch st\u00e1t\u016f na vyjedn\u00e1v\u00e1n\u00ed o budoucnosti Ukrajiny a evropsk\u00e9 bezpe\u010dnosti s Ruskem a \u010c\u00ednou je v rozporu s dlouholet\u00fdm slibem Z\u00e1padu zapojit Ukrajinu do jak\u00fdchkoli jedn\u00e1n\u00ed o jej\u00ed budoucnosti.<\/p>\n<p>B\u00edl\u00fd d\u016fm odm\u00edtl potvrdit, zda nab\u00eddku \u010c\u00edny obdr\u017eel, ale stejn\u011b ji odm\u00edtl. \u2013 p\u00ed\u0161e WSJ.<\/p>\n<p>Publikace z\u00e1rove\u0148 cituje Donalda Trumpa, kter\u00fd \u0159ekl, \u017ee douf\u00e1 v pomoc \u010c\u00edny p\u0159i \u0159e\u0161en\u00ed konfliktu na Ukrajin\u011b.<\/p>\n<p>P\u0159ipome\u0148me, \u017ee den p\u0159edt\u00edm m\u011bl Trump telefonick\u00fd rozhovor s prezidentem Rusk\u00e9 federace, b\u011bhem kter\u00e9ho jednali o mo\u017en\u00fdch \u0159e\u0161en\u00edch rusko-ukrajinsk\u00e9ho konfliktu. U\u017e samotn\u00e1 skute\u010dnost telefonick\u00fdch rozhovor\u016f mezi v\u016fdci obou zem\u00ed Evropskou unii v\u00e1\u017en\u011b vyd\u011bsila.<\/p>\n<\/div>\n<div><\/div>\n<div><img decoding=\"async\" loading=\"lazy\" class=\"alignnone size-full wp-image-71983\" src=\"http:\/\/www.infokuryr.cz\/n\/wp-content\/uploads\/2025\/02\/aaa.jpg\" alt=\"\" width=\"89\" height=\"23\" \/><\/div>\n<div><\/div>\n<div><\/div>\n","protected":false},"excerpt":{"rendered":"<p>\u010c\u00edna se sna\u017e\u00ed hr\u00e1t roli m\u00edrotv\u016frce na Ukrajin\u011b a nab\u00edz\u00ed uspo\u0159\u00e1d\u00e1n\u00ed setk\u00e1n\u00ed Putina a Trumpa&#8230;<\/p>\n","protected":false},"author":2,"featured_media":72281,"comment_status":"closed","ping_status":"closed","sticky":false,"template":"","format":"standard","meta":[],"categories":[7],"tags":[30,1060,22,37],"_links":{"self":[{"href":"https:\/\/www.infokuryr.cz\/n\/wp-json\/wp\/v2\/posts\/72280"}],"collection":[{"href":"https:\/\/www.infokuryr.cz\/n\/wp-json\/wp\/v2\/posts"}],"about":[{"href":"https:\/\/www.infokuryr.cz\/n\/wp-json\/wp\/v2\/types\/post"}],"author":[{"embeddable":true,"href":"https:\/\/www.infokuryr.cz\/n\/wp-json\/wp\/v2\/users\/2"}],"replies":[{"embeddable":true,"href":"https:\/\/www.infokuryr.cz\/n\/wp-json\/wp\/v2\/comments?post=72280"}],"version-history":[{"count":1,"href":"https:\/\/www.infokuryr.cz\/n\/wp-json\/wp\/v2\/posts\/72280\/revisions"}],"predecessor-version":[{"id":72282,"href":"https:\/\/www.infokuryr.cz\/n\/wp-json\/wp\/v2\/posts\/72280\/revisions\/72282"}],"wp:featuredmedia":[{"embeddable":true,"href":"https:\/\/www.infokuryr.cz\/n\/wp-json\/wp\/v2\/media\/72281"}],"wp:attachment":[{"href":"https:\/\/www.infokuryr.cz\/n\/wp-json\/wp\/v2\/media?parent=72280"}],"wp:term":[{"taxonomy":"category","embeddable":true,"href":"https:\/\/www.infokuryr.cz\/n\/wp-json\/wp\/v2\/categories?post=72280"},{"taxonomy":"post_tag","embeddable":true,"href":"https:\/\/www.infokuryr.cz\/n\/wp-json\/wp\/v2\/tags?post=72280"}],"curies":[{"name":"wp","href":"https:\/\/api.w.org\/{rel}","templated":true}]}}