{"id":72270,"date":"2025-02-14T07:54:11","date_gmt":"2025-02-14T06:54:11","guid":{"rendered":"https:\/\/www.infokuryr.cz\/n\/?p=72270"},"modified":"2025-02-14T11:58:44","modified_gmt":"2025-02-14T10:58:44","slug":"petr-michalu-ne-valentynu-ale-ucteni-obeti-americkeho-zabijeni-lidi-pri-bombardovani-prahy-dne-14-2-1945","status":"publish","type":"post","link":"https:\/\/www.infokuryr.cz\/n\/2025\/02\/14\/petr-michalu-ne-valentynu-ale-ucteni-obeti-americkeho-zabijeni-lidi-pri-bombardovani-prahy-dne-14-2-1945\/","title":{"rendered":"Petr Michal\u016f: NE Valent\u00fdnu, ale uct\u011bn\u00ed ob\u011bt\u00ed americk\u00e9ho zab\u00edjen\u00ed lid\u00ed p\u0159i bombardov\u00e1n\u00ed Prahy dne 14.2.1945!"},"content":{"rendered":"<div id=\"fb-root\"><\/div>\n<p><span style=\"font-size: 14pt;\"><strong>14.\u00fanor \u2013 p\u0159ipom\u00edn\u00e1 V\u00e1m to n\u011bco? Mn\u011b ano! <\/strong>(Ale rozhodn\u011b nic spole\u010dn\u00e9ho s\u00a0l\u00e1skou). Pokud \u201eValent\u00fdn\u201c, tak jedin\u011b takto:<\/span><\/p>\n<p><span style=\"font-size: 18pt;\"><strong>ZLO\u010cIN USA sp\u00e1chan\u00fd na civiln\u00edm obyvatelstvu Prahy!<\/strong><\/span><\/p>\n<p><strong>14.\u00fanora 1945<\/strong> <em>(to je p\u0159esn\u011b p\u0159ed 80 lety)<\/em> \u2013 pr\u00e1v\u011b v\u00a0tento \u00fanorov\u00fd den <strong><em>\u201espojeneck\u00e9\u201c <\/em><\/strong><u>bombardovac\u00ed letectvo USA a An<\/u>g<u>lie<\/u> svrhlo na hust\u011b obydlen\u00e9 \u010dtvrt\u011b Prahy smrtonosn\u00fd n\u00e1klad bomb. Bombami n\u00e1m \u2013 \u010cechoslov\u00e1k\u016fm &#8211; <strong><em>\u201espojenci\u201c<\/em> <\/strong>(Ameri\u010dan\u00e9 a Angli\u010dan\u00e9) nesli svobodu a jejich ne\u010dekan\u00fdm svr\u017een\u00edm na bezbrann\u00e9 obyvatele n\u00e1s <strong><em>\u201eosvobozovali\u201c<\/em>!<\/strong><\/p>\n<p><img decoding=\"async\" loading=\"lazy\" class=\"wp-image-72271 aligncenter\" src=\"http:\/\/www.infokuryr.cz\/n\/wp-content\/uploads\/2025\/02\/praha-45a-300x266.jpg\" alt=\"\" width=\"776\" height=\"688\" srcset=\"https:\/\/www.infokuryr.cz\/n\/wp-content\/uploads\/2025\/02\/praha-45a-300x266.jpg 300w, https:\/\/www.infokuryr.cz\/n\/wp-content\/uploads\/2025\/02\/praha-45a.jpg 768w\" sizes=\"(max-width: 776px) 100vw, 776px\" \/><\/p>\n<p><span style=\"font-size: 18pt;\"><strong>Lid\u00e9, \u010desk\u00fd n\u00e1rode,<\/strong><\/span><\/p>\n<p><u>v\u017ed<\/u>y<u> v\u00a0tento<\/u> ned\u00e1vnou histori\u00ed <u>tra<\/u>g<u>ick\u00fd den <\/u>vzpome\u0148te a uct\u011bte pam\u00e1tku v\u0161ech ne\u0161\u0165astn\u00fdch ob\u011bt\u00ed <em>\u201el\u00e1skypln\u00e9ho\u201c<\/em> americk\u00e9ho a britsk\u00e9ho bombardov\u00e1n\u00ed, zab\u00edjen\u00ed lid\u00ed a ni\u010den\u00ed Prahy!<\/p>\n<p>T\u0159eba i n\u011bjak\u00fdm t\u00edm pietn\u00edm shrom\u00e1\u017ed\u011bn\u00edm nejl\u00e9pe p\u0159ed americkou ambas\u00e1dou. Dejte Ameri\u010dan\u016fm, jak se pat\u0159\u00ed najevo, \u017ee jsme na jejich zlo\u010din nezapomn\u011bli! P\u0159ipome\u0148te jim toho jejich \u201evalent\u00fdna\u201c!<\/p>\n<p>Tento v\u00e1le\u010dn\u00fd zlo\u010din provedlo 62 <em>\u201espojeneck\u00fdch\u201c <\/em>americk\u00fdch bombardovac\u00edch letoun\u016f startuj\u00edc\u00edch ze z\u00e1kladny v anglick\u00e9m Nuthampsteadu. N\u00e1let trval pouze dv\u011b minuty mezi 12:25 a 12:27.<\/p>\n<p><img decoding=\"async\" loading=\"lazy\" class=\"wp-image-72272 aligncenter\" src=\"http:\/\/www.infokuryr.cz\/n\/wp-content\/uploads\/2025\/02\/praha-45b-300x272.jpg\" alt=\"\" width=\"786\" height=\"713\" srcset=\"https:\/\/www.infokuryr.cz\/n\/wp-content\/uploads\/2025\/02\/praha-45b-300x272.jpg 300w, https:\/\/www.infokuryr.cz\/n\/wp-content\/uploads\/2025\/02\/praha-45b-1024x930.jpg 1024w, https:\/\/www.infokuryr.cz\/n\/wp-content\/uploads\/2025\/02\/praha-45b-768x697.jpg 768w, https:\/\/www.infokuryr.cz\/n\/wp-content\/uploads\/2025\/02\/praha-45b-1536x1394.jpg 1536w, https:\/\/www.infokuryr.cz\/n\/wp-content\/uploads\/2025\/02\/praha-45b.jpg 1639w\" sizes=\"(max-width: 786px) 100vw, 786px\" \/><\/p>\n<p>Na Prahu bylo svr\u017eeno p\u0159ibli\u017en\u011b <strong>150 tun trhav\u00fdch a z\u00e1paln\u00fdch bomb<\/strong> v \u0161irok\u00e9m p\u00e1su od Radlic a\u017e t\u00e9m\u011b\u0159 po \u017ei\u017ekovsk\u00e9 n\u00e1kladov\u00e9 n\u00e1dra\u017e\u00ed \u2013 bombardov\u00e1n\u00ed zas\u00e1hlo Radlice, Vy\u0161ehrad, Zl\u00edchov, Nov\u00e9 M\u011bsto, Nusle, Vinohrady, Vr\u0161ovice a Pankr\u00e1c. Nejv\u00edce byla po\u0161kozena oblast od Palack\u00e9ho mostu (tehdy Mozartova) p\u0159es Karlovo n\u00e1m\u011bst\u00ed na Vinohrady.<\/p>\n<p>V d\u016fsledku n\u00e1letu bylo <strong>zabito 701 <\/strong>a<strong> zran\u011bno 1 184 lid\u00ed<\/strong>; mezi ob\u011b\u0165mi byli nap\u0159. horolezkyn\u011b a mal\u00ed\u0159 Vlasta a Otakar \u0160t\u00e1flovi a Eva Ladov\u00e1 &#8211; dcera Josefa Lady. Ob\u011bti tvo\u0159ili t\u00e9m\u011b\u0159 v\u00fdhradn\u011b civilist\u00e9. Bez p\u0159\u00edst\u0159e\u0161\u00ed z\u016fstalo <strong>11 000<\/strong> Pra\u017ean\u016f. P\u0159es <strong>80<\/strong> lid\u00ed z\u016fstalo nezv\u011bstn\u00fdch<em>. (Je\u0161t\u011b dlouho po v\u00e1lce, v roce 1971, na\u0161li d\u011bln\u00edci ve sklep\u011b domu na Vinohradsk\u00e9 t\u0159\u00edd\u011b <strong>t\u0159iadvacet t\u011bl<\/strong> do t\u00e9 doby nezv\u011bstn\u00fdch lid\u00ed, kte\u0159\u00ed se udusili v zasypan\u00e9m krytu.)<\/em><\/p>\n<p>Bombardov\u00e1n\u00edm bylo zasa\u017eeno p\u0159es <strong>2 500<\/strong> pra\u017esk\u00fdch dom\u016f, z toho <strong>68<\/strong> bylo \u00fapln\u011b zni\u010deno, <strong>88<\/strong> velmi t\u011b\u017ece po\u0161kozeno,<strong> 168<\/strong> t\u011b\u017ece po\u0161kozeno a <strong>2 351<\/strong> po\u0161kozeno lehce. Zasa\u017een byl nap\u0159. Emauzsk\u00fd kl\u00e1\u0161ter, Faust\u016fv d\u016fm, Vinohradsk\u00e1 synagoga, Gr\u00e9bovka (v\u010detn\u011b Gr\u00f6bovy vily), sochy na Palack\u00e9ho most\u011b, vozovna Pankr\u00e1c, Vinohradsk\u00e9 divadlo. Siln\u011b byl po\u0161kozen d\u016fm na rohu dne\u0161n\u00ed Resslovy ulice a Ra\u0161\u00ednova n\u00e1b\u0159e\u017e\u00ed, kter\u00fd musel b\u00fdt odstran\u011bn; na jeho m\u00edst\u011b teprve v roce 1996 vyrostl Tan\u010d\u00edc\u00ed d\u016fm. Mimo objekty bylo napo\u010d\u00edt\u00e1no dal\u0161\u00edch <strong>67<\/strong> z\u00e1sah\u016f. Zni\u010deno nebo t\u011b\u017ece po\u0161kozeno bylo tak\u00e9 p\u0159ibli\u017en\u011b <strong>40<\/strong> tramvajov\u00fdch voz\u016f.<\/p>\n<p><img decoding=\"async\" loading=\"lazy\" class=\"wp-image-72273 aligncenter\" src=\"http:\/\/www.infokuryr.cz\/n\/wp-content\/uploads\/2025\/02\/praha-45c-300x294.jpg\" alt=\"\" width=\"640\" height=\"627\" srcset=\"https:\/\/www.infokuryr.cz\/n\/wp-content\/uploads\/2025\/02\/praha-45c-300x294.jpg 300w, https:\/\/www.infokuryr.cz\/n\/wp-content\/uploads\/2025\/02\/praha-45c-768x752.jpg 768w, https:\/\/www.infokuryr.cz\/n\/wp-content\/uploads\/2025\/02\/praha-45c.jpg 950w\" sizes=\"(max-width: 640px) 100vw, 640px\" \/><\/p>\n<p><span style=\"font-size: 18pt;\"><strong>N\u00e1let <em>\u201espojenc\u016f\u201c<\/em> \u2013 Ameri\u010dan\u016f a Brit\u016f nezni\u010dil \u017e\u00e1dn\u00fd v\u00fdznamn\u00fd vojensk\u00fd c\u00edl.<\/strong><\/span><\/p>\n<p>V sou\u010dasn\u00e9 \u010cesk\u00e9 republice vl\u00e1dnouc\u00ed fa\u0161istick\u00e1 junta ni\u010d\u00ed a odstra\u0148uje pam\u00e1tn\u00edky skute\u010dn\u00fdm osvoboditel\u016fm \u010ceskoslovenska od n\u011bmeck\u00e9ho nacismu, fa\u0161ismu a stav\u00ed pam\u00e1tn\u00edky sv\u00fdm vrah\u016fm a ni\u010ditel\u016fm \u2013 nap\u0159\u00edklad v\u00a0Plzni pam\u00e1tn\u00edk americk\u00fdm vrah\u016fm a ni\u010ditel\u016fm s\u00a0cynick\u00fdm n\u00e1zvem \u201eThank you, America\u201c! (D\u011bkuji ti, Ameriko!)<\/p>\n<p>Nebojme se mluvit a ps\u00e1t pravdu, nenechme p\u0159episovat na\u0161e d\u011bjiny! Jinak jako n\u00e1rod p\u0159estaneme existovat! Ameri\u010dan\u00e9, Britov\u00e9, N\u011bmci, z\u00e1pad to s\u00a0n\u00e1mi nikdy nemysleli dob\u0159e a nemysl\u00ed ani dnes!<\/p>\n<p><img decoding=\"async\" loading=\"lazy\" class=\"wp-image-72274 aligncenter\" src=\"http:\/\/www.infokuryr.cz\/n\/wp-content\/uploads\/2025\/02\/praha-45d-300x291.jpg\" alt=\"\" width=\"653\" height=\"634\" srcset=\"https:\/\/www.infokuryr.cz\/n\/wp-content\/uploads\/2025\/02\/praha-45d-300x291.jpg 300w, https:\/\/www.infokuryr.cz\/n\/wp-content\/uploads\/2025\/02\/praha-45d-1024x992.jpg 1024w, https:\/\/www.infokuryr.cz\/n\/wp-content\/uploads\/2025\/02\/praha-45d-768x744.jpg 768w, https:\/\/www.infokuryr.cz\/n\/wp-content\/uploads\/2025\/02\/praha-45d-1536x1489.jpg 1536w, https:\/\/www.infokuryr.cz\/n\/wp-content\/uploads\/2025\/02\/praha-45d.jpg 1625w\" sizes=\"(max-width: 653px) 100vw, 653px\" \/><\/p>\n<p>My, \u010ce\u0161i, Slov\u00e1ci (a vlastn\u011b v\u0161ichni Slovan\u00e9) projevujeme l\u00e1sku kv\u011btinami, a ne bombami.<\/p>\n<p>Slav\u00edme <strong>8. b\u0159ezen<\/strong> \u2013 Mezin\u00e1rodn\u00ed den \u017een (MD\u017d), slav\u00edme <strong>1. kv\u011bten<\/strong> \u2013 sv\u00e1tek l\u00e1sky <em>(\u201eByl pozdn\u00ed ve\u010der \u2013 prvn\u00ed m\u00e1j \u2013 ve\u010dern\u00ed m\u00e1j \u2013 byl l\u00e1sky \u010das\u2026\u201c)<\/em>, slav\u00edme <strong>8. kv\u011bten<\/strong> \u2013 Den matek.<\/p>\n<p><em><strong>Mgr. Petr Michal\u016f<\/strong><\/em><\/p>\n<p><img decoding=\"async\" loading=\"lazy\" class=\"alignnone size-medium wp-image-35494\" src=\"http:\/\/www.infokuryr.cz\/n\/wp-content\/uploads\/2023\/09\/petr-michalu-300x251.jpg\" alt=\"\" width=\"300\" height=\"251\" srcset=\"https:\/\/www.infokuryr.cz\/n\/wp-content\/uploads\/2023\/09\/petr-michalu-300x251.jpg 300w, https:\/\/www.infokuryr.cz\/n\/wp-content\/uploads\/2023\/09\/petr-michalu-768x641.jpg 768w, https:\/\/www.infokuryr.cz\/n\/wp-content\/uploads\/2023\/09\/petr-michalu.jpg 801w\" sizes=\"(max-width: 300px) 100vw, 300px\" \/><\/p>\n<p>&nbsp;<\/p>\n","protected":false},"excerpt":{"rendered":"<p>14.\u00fanor \u2013 p\u0159ipom\u00edn\u00e1 V\u00e1m to n\u011bco? Mn\u011b ano! (Ale rozhodn\u011b nic spole\u010dn\u00e9ho s\u00a0l\u00e1skou). Pokud \u201eValent\u00fdn\u201c,&#8230;<\/p>\n","protected":false},"author":2,"featured_media":72275,"comment_status":"closed","ping_status":"closed","sticky":false,"template":"","format":"standard","meta":[],"categories":[6],"tags":[1128,3203,234,40,673],"_links":{"self":[{"href":"https:\/\/www.infokuryr.cz\/n\/wp-json\/wp\/v2\/posts\/72270"}],"collection":[{"href":"https:\/\/www.infokuryr.cz\/n\/wp-json\/wp\/v2\/posts"}],"about":[{"href":"https:\/\/www.infokuryr.cz\/n\/wp-json\/wp\/v2\/types\/post"}],"author":[{"embeddable":true,"href":"https:\/\/www.infokuryr.cz\/n\/wp-json\/wp\/v2\/users\/2"}],"replies":[{"embeddable":true,"href":"https:\/\/www.infokuryr.cz\/n\/wp-json\/wp\/v2\/comments?post=72270"}],"version-history":[{"count":1,"href":"https:\/\/www.infokuryr.cz\/n\/wp-json\/wp\/v2\/posts\/72270\/revisions"}],"predecessor-version":[{"id":72276,"href":"https:\/\/www.infokuryr.cz\/n\/wp-json\/wp\/v2\/posts\/72270\/revisions\/72276"}],"wp:featuredmedia":[{"embeddable":true,"href":"https:\/\/www.infokuryr.cz\/n\/wp-json\/wp\/v2\/media\/72275"}],"wp:attachment":[{"href":"https:\/\/www.infokuryr.cz\/n\/wp-json\/wp\/v2\/media?parent=72270"}],"wp:term":[{"taxonomy":"category","embeddable":true,"href":"https:\/\/www.infokuryr.cz\/n\/wp-json\/wp\/v2\/categories?post=72270"},{"taxonomy":"post_tag","embeddable":true,"href":"https:\/\/www.infokuryr.cz\/n\/wp-json\/wp\/v2\/tags?post=72270"}],"curies":[{"name":"wp","href":"https:\/\/api.w.org\/{rel}","templated":true}]}}