{"id":72257,"date":"2025-02-14T00:39:12","date_gmt":"2025-02-13T23:39:12","guid":{"rendered":"https:\/\/www.infokuryr.cz\/n\/?p=72257"},"modified":"2025-02-13T16:28:52","modified_gmt":"2025-02-13T15:28:52","slug":"erik-best-babis-odevzdal-okamuru-posilil-rakusana","status":"publish","type":"post","link":"https:\/\/www.infokuryr.cz\/n\/2025\/02\/14\/erik-best-babis-odevzdal-okamuru-posilil-rakusana\/","title":{"rendered":"Erik Best: Babi\u0161 odevzdal Okamuru, pos\u00edlil Raku\u0161ana"},"content":{"rendered":"<div id=\"fb-root\"><\/div>\n<p>Hnut\u00ed ANO p\u0159ed v\u010derej\u0161\u00edm hlasov\u00e1n\u00edm o\u00a0vyd\u00e1n\u00ed p\u0159edsedy SPD Tomia Okamury demonstrativn\u011b prohl\u00e1silo, \u017ee jeho poslanci budou hlasovat proti tomu, aby Okamura mohl b\u00fdt st\u00edh\u00e1n za dva p\u0159edvolebn\u00ed plak\u00e1ty, kter\u00e9 maj\u00ed podle policie rasistick\u00fd \u010di xenofobn\u00ed podtext.<\/p>\n<p>ANO se skute\u010dn\u011b proti n\u00e1vrhu postavilo, ale\u00a0<a href=\"https:\/\/www.psp.cz\/sqw\/hlasy.sqw?g=84925&amp;l=cz\" target=\"_blank\" rel=\"noopener\">28 z\u00a0jeho 71 z\u00e1konod\u00e1rc\u016f chyb\u011blo<\/a>, co\u017e umo\u017enilo \u010dty\u0159em vl\u00e1dnouc\u00edm stran\u00e1m a\u00a0Pir\u00e1t\u016fm n\u00e1vrh v\u00a0pom\u011bru hlas\u016f 81:62 schv\u00e1lit. Hnut\u00ed ANO to m\u016f\u017ee sv\u00e1d\u011bt na jarn\u00ed pr\u00e1zdniny, ov\u0161em strana Andreje Babi\u0161e se tak stejn\u011b nedok\u00e1zala postavit vl\u00e1d\u011b, kter\u00e1 se dle jeho slov chce \u201e<a href=\"https:\/\/www.psp.cz\/eknih\/2021ps\/stenprot\/129schuz\/s129006.htm\" target=\"_blank\" rel=\"noopener\">udr\u017eet u\u00a0moci za ka\u017edou cenu<\/a>\u201c. Mezi t\u011bmi, kte\u0159\u00ed se v\u010derej\u0161\u00edho hlasov\u00e1n\u00ed nez\u00fa\u010dastnili, byl i\u00a0on s\u00e1m. Stejn\u011b tak p\u0159edseda STANu V\u00edt Raku\u0161an, kter\u00fd jako\u017eto ministr vnitra policii \u0159\u00edd\u00ed.<\/p>\n<p>Hlasov\u00e1n\u00ed proti Okamurovi bylo jeho t\u0159et\u00edm velk\u00fdm v\u00edt\u011bzstv\u00edm v\u00a0\u0159ad\u011b po p\u0159ijet\u00ed z\u00e1kona o\u00a0koresponden\u010dn\u00edm hlasov\u00e1n\u00ed ze zahrani\u010d\u00ed a\u00a0nov\u00e9ho trestn\u00e9ho \u010dinu \u201eneopr\u00e1vn\u011bn\u00e1 \u010dinnost pro ciz\u00ed moc\u201c. Raku\u0161an se st\u00e1v\u00e1, tentokr\u00e1t za pomoci Babi\u0161e, nov\u00fdm buldozerem \u010desk\u00e9 politiky.<\/p>\n<p><a href=\"https:\/\/www.fsfinalword.cz\/?page=archive&amp;day=2025-02-13&amp;utm_source=utm_source%3Dnewsletter&amp;utm_medium=utm_medium%3De-mail&amp;utm_campaign=utm_campaign%3Dfinal_word_13.2.2025\">Erik Best<\/a><\/p>\n<p><img decoding=\"async\" loading=\"lazy\" class=\"alignnone  wp-image-1179\" src=\"http:\/\/www.infokuryr.cz\/n\/wp-content\/uploads\/2021\/04\/erik-best.jpg\" alt=\"\" width=\"162\" height=\"182\" \/><\/p>\n<p>&nbsp;<\/p>\n","protected":false},"excerpt":{"rendered":"<p>Hnut\u00ed ANO p\u0159ed v\u010derej\u0161\u00edm hlasov\u00e1n\u00edm o\u00a0vyd\u00e1n\u00ed p\u0159edsedy SPD Tomia Okamury demonstrativn\u011b prohl\u00e1silo, \u017ee jeho poslanci&#8230;<\/p>\n","protected":false},"author":2,"featured_media":31077,"comment_status":"closed","ping_status":"closed","sticky":false,"template":"","format":"standard","meta":[],"categories":[6],"tags":[126,1317,1032,2476],"_links":{"self":[{"href":"https:\/\/www.infokuryr.cz\/n\/wp-json\/wp\/v2\/posts\/72257"}],"collection":[{"href":"https:\/\/www.infokuryr.cz\/n\/wp-json\/wp\/v2\/posts"}],"about":[{"href":"https:\/\/www.infokuryr.cz\/n\/wp-json\/wp\/v2\/types\/post"}],"author":[{"embeddable":true,"href":"https:\/\/www.infokuryr.cz\/n\/wp-json\/wp\/v2\/users\/2"}],"replies":[{"embeddable":true,"href":"https:\/\/www.infokuryr.cz\/n\/wp-json\/wp\/v2\/comments?post=72257"}],"version-history":[{"count":0,"href":"https:\/\/www.infokuryr.cz\/n\/wp-json\/wp\/v2\/posts\/72257\/revisions"}],"wp:featuredmedia":[{"embeddable":true,"href":"https:\/\/www.infokuryr.cz\/n\/wp-json\/wp\/v2\/media\/31077"}],"wp:attachment":[{"href":"https:\/\/www.infokuryr.cz\/n\/wp-json\/wp\/v2\/media?parent=72257"}],"wp:term":[{"taxonomy":"category","embeddable":true,"href":"https:\/\/www.infokuryr.cz\/n\/wp-json\/wp\/v2\/categories?post=72257"},{"taxonomy":"post_tag","embeddable":true,"href":"https:\/\/www.infokuryr.cz\/n\/wp-json\/wp\/v2\/tags?post=72257"}],"curies":[{"name":"wp","href":"https:\/\/api.w.org\/{rel}","templated":true}]}}