{"id":72252,"date":"2025-02-14T00:36:15","date_gmt":"2025-02-13T23:36:15","guid":{"rendered":"https:\/\/www.infokuryr.cz\/n\/?p=72252"},"modified":"2025-02-13T16:18:44","modified_gmt":"2025-02-13T15:18:44","slug":"prohlaseni-dsz-za-prava-zvirat-k-peticim-proti-povoleni-ritualnich-porazek-v-cr","status":"publish","type":"post","link":"https:\/\/www.infokuryr.cz\/n\/2025\/02\/14\/prohlaseni-dsz-za-prava-zvirat-k-peticim-proti-povoleni-ritualnich-porazek-v-cr\/","title":{"rendered":"Prohl\u00e1\u0161en\u00ed DSZ &#8211; ZA PR\u00c1VA ZV\u00cd\u0158AT k petic\u00edm proti povolen\u00ed ritu\u00e1ln\u00edch por\u00e1\u017eek v \u010cR"},"content":{"rendered":"<div id=\"fb-root\"><\/div>\n<p><strong>Demokratick\u00e1 strana zelen\u00fdch &#8211; ZA PR\u00c1VA ZV\u00cd\u0158AT se rozhodla podpo\u0159it petice ochr\u00e1nc\u016f zv\u00ed\u0159at, resp. Alexandry Krac\u00edkov\u00e9 a Lucyny Rapack\u00e9 po\u017eaduj\u00edc\u00ed z\u00e1kaz ritu\u00e1ln\u00edch por\u00e1\u017eek zv\u00ed\u0159at v \u010cesk\u00e9 republice.<\/strong><\/p>\n<p>DSZ &#8211; ZA PR\u00c1VA ZV\u00cd\u0158AT konstatuje, \u017ee ritu\u00e1ln\u00ed por\u00e1\u017eky zp\u016fsobuj\u00ed zv\u00ed\u0159at\u016fm krutou bolest &#8211; po pod\u0159\u00edznut\u00ed hrdla z\u016fst\u00e1vaj\u00ed a\u017e n\u011bkolik minut p\u0159i pln\u00e9m v\u011bdom\u00ed a v\u0161echno c\u00edt\u00ed, \u010dasto se st\u00e1v\u00e1, \u017ee se p\u0159ed smrt\u00ed dus\u00ed vlastn\u00ed krv\u00ed.<\/p>\n<p>DSZ &#8211; ZA PR\u00c1VA ZV\u00cd\u0158AT dlouhodob\u011b \u017e\u00e1d\u00e1 o zru\u0161en\u00ed v\u00fdjimky zab\u00edjen\u00ed zv\u00ed\u0159at bez omr\u00e1\u010den\u00ed &#8211; zejm\u00e9na p\u0159i ritu\u00e1ln\u00edch por\u00e1\u017ek\u00e1ch, a o p\u0159\u00edsn\u00fd z\u00e1kaz zv\u00ed\u0159ec\u00edch ritu\u00e1ln\u00edch ob\u011bt\u00ed.<\/p>\n<p>DSZ &#8211; ZA PR\u00c1VA ZV\u00cd\u0158AT se ztoto\u017e\u0148uje s d\u016fvody k vytvo\u0159en\u00ed petic\u00ed, s jejich textem i n\u00e1vrhy \u0159e\u0161en\u00ed. K petic\u00edm se t\u00edmto prohl\u00e1\u0161en\u00edm p\u0159ipojuje.<\/p>\n<p><u>Petice \u010d. 1 s n\u00e1zvem: Nedovolme tr\u00e1pit na\u0161e zv\u00ed\u0159ata &#8211; Petice za z\u00e1kaz ritu\u00e1ln\u00edch por\u00e1\u017eek zv\u00ed\u0159at na cel\u00e9m \u00fazem\u00ed \u010cR a za z\u00e1kaz transport\u016f smrti pro hospod\u00e1\u0159sk\u00e1 zv\u00ed\u0159ata od n\u00e1s na jatka do ciziny.<br \/>\n<\/u><br \/>\n<em>Ned\u00e1vno navrhovan\u00fd dodatek k veterin\u00e1rn\u00edmu z\u00e1konu o povolen\u00ed ritu\u00e1ln\u00edch por\u00e1\u017eek na v\u0161ech por\u00e1\u017eec\u00edch m\u00edstech a jatk\u00e1ch v \u010cR , byl pro velk\u00fd odpor ve\u0159ejnosti odlo\u017een. Tehdy se to navrhovatel\u016fm nepovedlo. Ale t\u00edm to ur\u010dit\u011b nekon\u010d\u00ed. V \u010cR ale st\u00e1le existuj\u00ed por\u00e1\u017eec\u00ed m\u00edsta, kter\u00e1 maj\u00ed certifik\u00e1t na ritu\u00e1ln\u00ed por\u00e1\u017eku zv\u00ed\u0159at. Kdo tyto certifik\u00e1ty povolil , kdo se pod n\u011b podepsal, bez ve\u0159ejn\u00e9 diskuse, nev\u00edme, ale d\u011bje se to. A je to v rozporu s \u010desk\u00fdmi z\u00e1kony. Ritu\u00e1ln\u00ed por\u00e1\u017eky zp\u016fsobuj\u00ed zv\u00ed\u0159at\u016fm krutou bolest. Po pod\u0159\u00edznut\u00ed hrdla z\u016fst\u00e1vaj\u00ed a\u017e n\u011bkolik minut p\u0159i pln\u00e9m v\u011bdom\u00ed a v\u0161echno c\u00edt\u00ed. St\u00e1v\u00e1 se, \u017ee se p\u0159ed smrt\u00ed dus\u00ed vlastn\u00ed krv\u00ed. Den\u00edk.cz zve\u0159ejnil data z\u00edskan\u00e1 od St\u00e1tn\u00ed veterin\u00e1rn\u00ed spr\u00e1vy, kter\u00e1 ukazuj\u00ed, \u017ee po\u010det ritu\u00e1ln\u00edch por\u00e1\u017eek v \u010cesku stoup\u00e1. V roce 2022 prob\u011bhlo 47,5 tis\u00edc ritu\u00e1ln\u00edch por\u00e1\u017eek, za rok 2023 to bylo 61,3 tis\u00edc. Za prvn\u00ed pololet\u00ed leto\u0161n\u00edho roku se po\u010det vy\u0161plhal u\u017e na \u010dty\u0159icet dva a p\u016fl tis\u00edce. A to jsou jenom leg\u00e1ln\u011b hl\u00e1\u0161en\u00e9 por\u00e1\u017eky. Na\u0161la jsem tam i odstavec :N\u00e1\u0161, \u010desk\u00fd z\u00e1kon o t\u00fdr\u00e1n\u00ed zv\u00ed\u0159at p\u00ed\u0161e: \u201eKdo t\u00fdr\u00e1 zv\u00ed\u0159e surov\u00fdm nebo tr\u00fdzniv\u00fdm zp\u016fsobem, bude potrest\u00e1n odn\u011bt\u00edm svobody na \u0161est m\u011bs\u00edc\u016f a\u017e na t\u0159i l\u00e9ta, z\u00e1kazem \u010dinnosti nebo propadnut\u00edm v\u011bci.\u201c \u201eOdn\u011bt\u00edm svobody na jeden rok a\u017e p\u011bt let nebo z\u00e1kazem \u010dinnosti bude pachatel potrest\u00e1n, a) sp\u00e1ch\u00e1-li takov\u00fd \u010din ve\u0159ejn\u011b nebo na m\u00edst\u011b ve\u0159ejnosti p\u0159\u00edstupn\u00e9m, b) sp\u00e1ch\u00e1-li takov\u00fd \u010din jako \u010dlen organizovan\u00e9 skupiny, nebo c) pokra\u010duje-li v p\u00e1ch\u00e1n\u00ed takov\u00e9ho \u010dinu po del\u0161\u00ed dobu. \u201eOdn\u011bt\u00edm svobody na dv\u011b l\u00e9ta a\u017e \u0161est let bude pachatel potrest\u00e1n, a) sp\u00e1ch\u00e1-li \u010din uveden\u00fd v odstavci 1 na v\u011bt\u0161\u00edm po\u010dtu zv\u00ed\u0159at, b) zp\u016fsob\u00ed-li takov\u00fdm \u010dinem t\u00fdran\u00e9mu zv\u00ed\u0159eti trval\u00e9 n\u00e1sledky na zdrav\u00ed nebo smrt, c) sp\u00e1ch\u00e1-li \u010din uveden\u00fd v odstavci 1 zvl\u00e1\u0161\u0165 surov\u00fdm nebo tr\u00fdzniv\u00fdm zp\u016fsobem, nebo d) sp\u00e1ch\u00e1-li takov\u00fd \u010din op\u011btovn\u011b. Vzhledem k tomu, \u017ee se bude je\u0161t\u011b o tomto z\u00e1konu hlasovat, nen\u00ed na co \u010dekat. Pokud se neza\u010dneme t\u011bmto primitivn\u00edm zp\u016fsob\u016fm, kter\u00e9 do civilizovan\u00e9 spole\u010dnosti nepat\u0159\u00ed, br\u00e1nit, tak brzo nebudeme p\u00e1ny ve sv\u00e9 vlasti. P\u0159\u00edchoz\u00ed do na\u0161\u00ed zem\u011b v\u00edt\u00e1me, mus\u00ed ale dodr\u017eovat na\u0161e, \u010desk\u00e9 z\u00e1kony. Jsou v na\u0161\u00ed zemi. My jsme tady doma a nechceme \u017e\u00edt s v\u011bdom\u00edm, \u017ee se u n\u00e1s t\u00fdraj\u00ed zv\u00ed\u0159ata. Nelze m\u011bnit na\u0161e z\u00e1kony podle ciz\u00edch po\u017eadavk\u016f. Kdybychom \u017eili v jejich rodn\u00e9 zemi, dodr\u017eovali bychom jejich dom\u00e1c\u00ed z\u00e1kony To je \u0159\u00e1d \u017eivota lidstva. Proto pos\u00edl\u00e1me na ve\u0159ejnost tuto petici k podpisu a p\u0159eposl\u00e1n\u00ed na adekv\u00e1tn\u00ed m\u00edsta. 1\/ Po\u017eadujeme vlo\u017eit do t.\u010d. schvalovan\u00e9ho veterin\u00e1rn\u00edho z\u00e1kona tot\u00e1ln\u00ed z\u00e1kaz ritu\u00e1ln\u00ed por\u00e1\u017eky zv\u00ed\u0159at na cel\u00e9m \u00fazem\u00ed CR jak v komer\u010dn\u00edch objektech tak i v soukrom\u00fdch. 2\/ Po\u017eadujeme uz\u00e1konit z\u00e1kaz transport\u016f smrti hospod\u00e1\u0159sk\u00fdch zv\u00ed\u0159at na jatka do zahrani\u010d\u00ed. Cesta je pro n\u011b nep\u0159edstaviteln\u011b tr\u00fdzniv\u00e1. Kdo rozum\u00ed zv\u00ed\u0159at\u016fm, ten v\u011b\u0159\u00ed. Mnoho z nich skon\u010d\u00ed nakonec je\u0161t\u011b na ritu\u00e1ln\u00ed por\u00e1\u017ece, kter\u00e1 je t\u00fdr\u00e1n\u00edm a\u017e do posledn\u00edho bolestiv\u00e9ho vydechnut\u00ed zv\u00ed\u0159ete. Kdy\u017e ji\u017e zv\u00ed\u0159e mus\u00ed zem\u0159\u00edt, a\u0165 je to pro n\u011bj \u0161etrn\u00e9 a nebolestiv\u00e9, jak n\u00e1\u0161 z\u00e1kon k\u00e1\u017ee. 3\/ Po\u017eadujeme po ministru zem\u011bd\u011blstv\u00ed vypracov\u00e1n\u00ed takov\u00fdch z\u00e1konem dan\u00fdch podm\u00ednek, aby se chovatel\u016fm hospod\u00e1\u0159sk\u00fdch zv\u00ed\u0159at v CR finan\u010dn\u011b vyplatilo utratit zv\u00ed\u0159e bez bolesti a bez stresu v dom\u00e1c\u00edm prost\u0159ed\u00ed. Kdo souhlas\u00edte, pos\u00edlejte pros\u00edm tuto petici s podpisem na\u0161im politik\u016fm. <\/em><\/p>\n<p><u><strong>Petice \u010d. 2 s n\u00e1zvem: Petice proti muslimsk\u00e9 ritu\u00e1ln\u00ed por\u00e1\u017ece zv\u00ed\u0159at Halal.<\/strong><br \/>\n<\/u><br \/>\n<em>Nejzn\u00e1m\u011bj\u0161\u00ed z halal v\u00fdrobk\u016f je halal maso. P\u0159i por\u00e1\u017ece stylem halal (tzv. Zab\u00edha) mus\u00ed b\u00fdt zv\u00ed\u0159e pod\u0159\u00edznuto muslimem za recitace modlitby a to z\u00e1m\u011brn\u011b bez p\u0159edchoz\u00edho omr\u00e1\u010den\u00ed (aby tu modlitbu sly\u0161elo), n\u011bkdy zv\u00ed\u0159e um\u00edr\u00e1 i n\u011bkolik minut! Zv\u00ed\u0159e je tedy p\u0159i por\u00e1\u017ece p\u0159i pln\u00e9m v\u011bdom\u00ed! A\u010dkoliv je tento zp\u016fsob ke zv\u00ed\u0159eti velmi krut\u00fd a byl i v mnoha st\u00e1tech zak\u00e1z\u00e1n, byla mu v \u010cR ud\u011blena v roce 2010 v\u00fdjimka Ministerstvem zem\u011bd\u011blstv\u00ed v z\u00e1kon\u011b o ochran\u011b zv\u00ed\u0159at, kdy se nad\u0159adil isl\u00e1m nad ochranu zv\u00ed\u0159at a nyn\u00ed je mo\u017en\u00e9 zde tyto ritu\u00e1ln\u00ed vra\u017edy praktikovat.<\/p>\n<p>Na\u0161e b\u011b\u017en\u00e1 por\u00e1\u017eka zaji\u0161\u0165uje tak\u00e9 vykrven\u00ed masa, proto\u017ee t\u011blo pora\u017een\u00e9ho zv\u00ed\u0159ete je ihned pov\u011b\u0161eno za nohy. V pou\u0161tn\u00edch podm\u00ednk\u00e1ch nebylo zv\u00ed\u0159e za co pov\u011bsit a tak se pode\u0159ez\u00e1valo na zemi. Halal maso tak nejen\u017ee nen\u00ed l\u00e9pe vykrveno, ale krom\u011b bakt\u00e9ri\u00ed obsahuje nav\u00edc i plno stresov\u00fdch hormon\u016f.<\/p>\n<p>Halal maso m\u00e1 i naprost\u00e1 v\u011bt\u0161ina Kebab ob\u010derstven\u00ed, zejm\u00e9na tureck\u00fd Donner, Indick\u00e9 a podobn\u00e9 restaurace, ale i b\u011b\u017en\u00e9 restaurace a dokonce \u0161koln\u00ed j\u00eddelny. V\u011bt\u0161inou samoz\u0159ejm\u011b bez ozna\u010den\u00ed, aby neodradili nemuslimsk\u00e9 z\u00e1kazn\u00edky, nebo o tom nev\u011bd\u00ed, ale ne\u0161t\u00edt\u00ed se ob\u010das i lh\u00e1t. Nap\u0159. halal s ozna\u010den\u00edm firmy DZ Klatovy i s logem Klasa! (ji\u017e nen\u00ed v prodeji d\u00edky na\u0161emu upozorn\u011bn\u00ed prodejce, za co\u017e mu d\u011bkujeme).<br \/>\nHygiena a riziko infekce.<\/p>\n<p>Podle hygienick\u00fdch a pr\u00e1vn\u00edch p\u0159edpis\u016f Evropsk\u00e9 unie mus\u00ed b\u00fdt por\u00e1\u017eka proveden\u00e1 po omr\u00e1\u010den\u00ed zv\u00ed\u0159ete. P\u0159edpis vy\u017eaduje podv\u00e1z\u00e1n\u00ed j\u00edcnu, aby se zabr\u00e1nilo tomu, \u017ee st\u0159evn\u00ed a \u017ealude\u010dn\u00ed obsah p\u0159elije maso. Ritu\u00e1ln\u00ed por\u00e1\u017eky (halal) maj\u00ed v\u00fdjimku z t\u011bchto pr\u00e1vn\u00edch a hygienick\u00fdch p\u0159edpis\u016f EU. Velkou pozornost ale p\u0159itahuj\u00ed znaleck\u00e9 hygienick\u00e9 posudky, kter\u00e9 varuj\u00ed p\u0159ed t\u00edm, \u017ee zp\u016fsob halal por\u00e1\u017eky neumo\u017e\u0148uje dodr\u017een\u00ed po\u017eadovan\u00fdch hygienick\u00fdch norem. Tato metoda por\u00e1\u017eky de facto nen\u00ed schopna zajistit podv\u00e1z\u00e1n\u00ed j\u00edcnu (ligace) a p\u0159es zej\u00edc\u00ed r\u00e1nu otev\u0159en\u00e9ho j\u00edcnu je maso kontaminovan\u00e9 \u017ealude\u010dn\u00edm a st\u0159evn\u00edm obsahem. Z tohoto d\u016fvodu u halal masa roste riziko kontaminace nap\u0159. bakteri\u00ed Escherichia Coli, kontaminace se t\u00fdk\u00e1 hlavn\u011b mlet\u00e9ho masa zvl\u00e1\u0161t\u011b u hamburger\u016f a dal\u0161\u00edch produkt\u016f z mlet\u00e9ho masa.<\/em><\/p>\n<p>DSZ &#8211; ZA PR\u00c1VA ZV\u00cd\u0158AT si klade za c\u00edl prosadit d\u016fsledn\u011bj\u0161\u00ed ochranu zv\u00ed\u0159at, lid\u00ed, p\u0159\u00edrody, vody, ovzdu\u0161\u00ed, podneb\u00ed, \u017eivotn\u00edho prost\u0159ed\u00ed, ale t\u00e9\u017e v\u011bt\u0161\u00ed pr\u00e1va pro zv\u00ed\u0159ata, resp. jejich v\u011bt\u0161\u00ed pr\u00e1vn\u00ed ochranu.<\/p>\n<p>DSZ &#8211; ZA PR\u00c1VA ZV\u00cd\u0158AT vystupuje proti v\u0161em druh\u016fm t\u00fdr\u00e1n\u00ed zv\u00ed\u0159at \u010di krut\u00e9mu zach\u00e1zen\u00ed s nimi. Odsuzuje ka\u017edou \u010dinnost, kter\u00e1 zp\u016fsobuje utrpen\u00ed zv\u00ed\u0159at.<\/p>\n<p>DSZ &#8211; ZA PR\u00c1VA ZV\u00cd\u0158AT se zasazuje o d\u016fsledn\u011bj\u0161\u00ed ochranu zv\u00ed\u0159at, p\u0159\u00edsn\u011bj\u0161\u00ed tresty za t\u00fdr\u00e1n\u00ed a zlep\u0161en\u00ed podm\u00ednek chovu.<\/p>\n<p>DSZ &#8211; ZA PR\u00c1VA ZV\u00cd\u0158AT je dvac\u00e1tou registrovanou politickou stranou za pr\u00e1va zv\u00ed\u0159at ve sv\u011bt\u011b, resp. \u010cesk\u00e1 republika je dvac\u00e1tou zem\u00ed, ve kter\u00e9 existuje strana zam\u011b\u0159en\u00e1 prim\u00e1rn\u011b na obranu pr\u00e1v zv\u00ed\u0159at.<\/p>\n<p>NEP\u0158IHL\u00cd\u017dEJME UTRPEN\u00cd, ZV\u00cd\u0158E NEN\u00cd V\u011aC!<br \/>\nMLUV\u00cdME ZA TY, KTE\u0158\u00cd SAMI NEMOHOU.<br \/>\nBR\u00c1N\u00cdME TY, KTE\u0158\u00cd SE BR\u00c1NIT SAMI NEDOK\u00c1\u017d\u00cd.<br \/>\nCHR\u00c1N\u00cdME ZV\u00cd\u0158ATA A JEJICH PR\u00c1VA.<\/p>\n<p>\u0158V DSZ &#8211; ZA PR\u00c1VA ZV\u00cd\u0158AT<\/p>\n<p>V Doma\u017elic\u00edch 12. 2. 2025<\/p>\n<p><img decoding=\"async\" loading=\"lazy\" class=\"alignnone size-medium wp-image-14353\" src=\"http:\/\/www.infokuryr.cz\/n\/wp-content\/uploads\/2022\/08\/demokraticka-strana-zelenych-300x172.jpg\" alt=\"\" width=\"300\" height=\"172\" srcset=\"https:\/\/www.infokuryr.cz\/n\/wp-content\/uploads\/2022\/08\/demokraticka-strana-zelenych-300x172.jpg 300w, https:\/\/www.infokuryr.cz\/n\/wp-content\/uploads\/2022\/08\/demokraticka-strana-zelenych-768x441.jpg 768w, https:\/\/www.infokuryr.cz\/n\/wp-content\/uploads\/2022\/08\/demokraticka-strana-zelenych.jpg 838w\" sizes=\"(max-width: 300px) 100vw, 300px\" \/><\/p>\n<p>&nbsp;<\/p>\n","protected":false},"excerpt":{"rendered":"<p>Demokratick\u00e1 strana zelen\u00fdch &#8211; ZA PR\u00c1VA ZV\u00cd\u0158AT se rozhodla podpo\u0159it petice ochr\u00e1nc\u016f zv\u00ed\u0159at, resp. Alexandry&#8230;<\/p>\n","protected":false},"author":2,"featured_media":72253,"comment_status":"closed","ping_status":"closed","sticky":false,"template":"","format":"standard","meta":[],"categories":[6],"tags":[1140,8594,331],"_links":{"self":[{"href":"https:\/\/www.infokuryr.cz\/n\/wp-json\/wp\/v2\/posts\/72252"}],"collection":[{"href":"https:\/\/www.infokuryr.cz\/n\/wp-json\/wp\/v2\/posts"}],"about":[{"href":"https:\/\/www.infokuryr.cz\/n\/wp-json\/wp\/v2\/types\/post"}],"author":[{"embeddable":true,"href":"https:\/\/www.infokuryr.cz\/n\/wp-json\/wp\/v2\/users\/2"}],"replies":[{"embeddable":true,"href":"https:\/\/www.infokuryr.cz\/n\/wp-json\/wp\/v2\/comments?post=72252"}],"version-history":[{"count":1,"href":"https:\/\/www.infokuryr.cz\/n\/wp-json\/wp\/v2\/posts\/72252\/revisions"}],"predecessor-version":[{"id":72254,"href":"https:\/\/www.infokuryr.cz\/n\/wp-json\/wp\/v2\/posts\/72252\/revisions\/72254"}],"wp:featuredmedia":[{"embeddable":true,"href":"https:\/\/www.infokuryr.cz\/n\/wp-json\/wp\/v2\/media\/72253"}],"wp:attachment":[{"href":"https:\/\/www.infokuryr.cz\/n\/wp-json\/wp\/v2\/media?parent=72252"}],"wp:term":[{"taxonomy":"category","embeddable":true,"href":"https:\/\/www.infokuryr.cz\/n\/wp-json\/wp\/v2\/categories?post=72252"},{"taxonomy":"post_tag","embeddable":true,"href":"https:\/\/www.infokuryr.cz\/n\/wp-json\/wp\/v2\/tags?post=72252"}],"curies":[{"name":"wp","href":"https:\/\/api.w.org\/{rel}","templated":true}]}}