{"id":72238,"date":"2025-02-14T00:43:27","date_gmt":"2025-02-13T23:43:27","guid":{"rendered":"https:\/\/www.infokuryr.cz\/n\/?p=72238"},"modified":"2025-02-13T15:40:28","modified_gmt":"2025-02-13T14:40:28","slug":"hlasit-samostatne-uderit-spolecne-alternativni-media-spojuji-sve-sily-v-boji-proti-velkemu-resetu","status":"publish","type":"post","link":"https:\/\/www.infokuryr.cz\/n\/2025\/02\/14\/hlasit-samostatne-uderit-spolecne-alternativni-media-spojuji-sve-sily-v-boji-proti-velkemu-resetu\/","title":{"rendered":"\u201eHl\u00e1sit samostatn\u011b, ude\u0159it spole\u010dn\u011b\u201c: Alternativn\u00ed m\u00e9dia spojuj\u00ed sv\u00e9 s\u00edly v boji proti Velk\u00e9mu resetu"},"content":{"rendered":"<div id=\"fb-root\"><\/div>\n<p><strong><span>Na prosincov\u00e9m A-WEF se \u00fa\u010dastn\u00edci konference shodli: V boji proti globalistick\u00e9 agend\u011b mus\u00ed alternativn\u00ed medi\u00e1ln\u00ed sc\u00e9na dr\u017eet pohromad\u011b. Proto se na konci ledna uskute\u010dnilo prvn\u00ed networkingov\u00e9 setk\u00e1n\u00ed \u0161\u00e9fredaktor\u016f nez\u00e1visl\u00fdch m\u00e9di\u00ed. C\u00edl: prodiskutovat strategii dal\u0161\u00edho velk\u00e9ho \u00fatoku na syst\u00e9m.<\/span><\/strong><\/p>\n<p><em><span>Tiskov\u00e1 zpr\u00e1va od AUF1:<\/span><\/em><\/p>\n<h3 id=\"h-das-system-darf-die-menschen-nie-wieder-durch-desinformation-uberrumpeln\" class=\"wp-block-heading\"><span style=\"font-size: 18pt;\">&#8222;Syst\u00e9m u\u017e nikdy nesm\u00ed lidi p\u0159ekvapovat dezinformacemi!&#8220;<\/span><\/h3>\n<p><span>Alternativn\u00ed medi\u00e1ln\u00ed sc\u00e9na se v boji proti Velk\u00e9mu resetu sbli\u017euje: Na konci ledna prob\u011bhla prvn\u00ed konference \u0161\u00e9fredaktor\u016f alternativn\u00edch m\u00e9di\u00ed. Networkingov\u00e9 setk\u00e1n\u00ed s c\u00edlem vytvo\u0159it nebyrokratick\u00fd krizov\u00fd a nouzov\u00fd n\u00e1stroj, aby bylo mo\u017en\u00e9 rychle vym\u011b\u0148ovat a publikovat d\u016fle\u017eit\u00e9 informace a v\u00fdsledky v\u00fdzkumu v p\u0159\u00edpad\u011b dal\u0161\u00edho velk\u00e9ho \u00fatoku na syst\u00e9m podle Corona blueprint.<\/span><\/p>\n<h3 id=\"h-vernetzung-gegen-die-agenda\" class=\"wp-block-heading\"><span style=\"font-size: 18pt;\">Networking proti Agend\u011b<\/span><\/h3>\n<p><span>\u201eUspo\u0159\u00e1d\u00e1n\u00ed t\u00e9to konference bylo jedn\u00edm z v\u00fdstup\u016f setk\u00e1n\u00ed A-WEF v Praze v prosinci 2024,\u201c \u0159\u00edk\u00e1 inici\u00e1tor A-WEF Stefan Magnet. &#8222;V\u0161ichni \u00fa\u010dastn\u00edci se shodli na tom, \u017ee globalistick\u00e9 agend\u011b m\u016f\u017ee \u010delit pouze s\u00ed\u0165ov\u00e1 alternativn\u00ed medi\u00e1ln\u00ed sc\u00e9na.&#8220; Tohoto virtu\u00e1ln\u00edho setk\u00e1n\u00ed se z\u00fa\u010dastnili z\u00e1stupci port\u00e1l\u016f s velk\u00fdm dosahem, jako jsou Kla.TV, Report24, Apolut, Compact, pi-news, Deutschlandkurier, Nuoviso a AUF1. Pozv\u00e1n\u00ed my\u0161lenkov\u00e9ho v\u016fdce A-WEF Stefana Magneta p\u0159ijali tak\u00e9 zn\u00e1m\u00ed medi\u00e1ln\u00ed tv\u016frci jako Paul Brandenburg, Michelle Gollan, Robert Stein, Frank H\u00f6fer a Kayvan Soufi-Siavash.<\/span><\/p>\n<h3 id=\"h-getrennt-berichten-vereint-schlagen\" class=\"wp-block-heading\"><span style=\"font-size: 18pt;\">Hl\u00e1sit zvl\u00e1\u0161\u0165, ude\u0159it spole\u010dn\u011b<\/span><\/h3>\n<p><span>Konference byla efektivn\u00ed a c\u00edlev\u011bdom\u00e1. Mimo jin\u00e9 bylo rozhodnuto, \u017ee v budoucnu by se podle hesla \u201eHl\u00e1sejte zvl\u00e1\u0161\u0165, ude\u0159te spole\u010dn\u011b!\u201c m\u011bla v p\u0159\u00edpad\u011b nouze vym\u011b\u0148ovat informace a v\u00fdsledky v\u00fdzkum\u016f a zlep\u0161ovat tak efektivitu vy\u0161et\u0159ov\u00e1n\u00ed.<\/span><\/p>\n<p><span>\u00da\u010dastn\u00edci tak\u00e9 nominovali dal\u0161\u00ed tv\u016frce m\u00e9di\u00ed, kte\u0159\u00ed budou nyn\u00ed pozv\u00e1ni na dal\u0161\u00ed setk\u00e1n\u00ed, aby d\u00e1le roz\u0161\u00ed\u0159ili s\u00ed\u0165. Od nyn\u011bj\u0161ka se bude skupina alternativn\u00edch m\u00e9di\u00ed sch\u00e1zet pravideln\u011b nebo ad hoc, aby koordinovala v\u00fdvoj kolem Velk\u00e9ho resetu a d\u00e1le posilovala networking. Stefan Magnet: &#8222;Syst\u00e9m u\u017e nikdy nesm\u00ed lidi p\u0159ekvapovat dezinformacemi!&#8220;<\/span><\/p>\n<p><strong><span style=\"font-size: 18pt;\">Pozn\u00e1mka redakce:<\/span><\/strong><\/p>\n<p><strong>Spoj\u00ed se i v \u010cesk\u00e9 republice alternativn\u00ed m\u00e9dia a vytvo\u0159\u00ed jeden ucelen\u00fd blok proti provl\u00e1dn\u00edm dezinforma\u010dn\u00edm m\u00e9di\u00edm! Jsem p\u0159ipraven\u00ed se zapojit.<\/strong><\/p>\n<p><img decoding=\"async\" loading=\"lazy\" class=\"alignnone size-full wp-image-71983\" src=\"http:\/\/www.infokuryr.cz\/n\/wp-content\/uploads\/2025\/02\/aaa.jpg\" alt=\"\" width=\"89\" height=\"23\" \/><\/p>\n<p>&nbsp;<\/p>\n","protected":false},"excerpt":{"rendered":"<p>Na prosincov\u00e9m A-WEF se \u00fa\u010dastn\u00edci konference shodli: V boji proti globalistick\u00e9 agend\u011b mus\u00ed alternativn\u00ed medi\u00e1ln\u00ed&#8230;<\/p>\n","protected":false},"author":2,"featured_media":72239,"comment_status":"closed","ping_status":"closed","sticky":false,"template":"","format":"standard","meta":[],"categories":[7],"tags":[2008,2962,235],"_links":{"self":[{"href":"https:\/\/www.infokuryr.cz\/n\/wp-json\/wp\/v2\/posts\/72238"}],"collection":[{"href":"https:\/\/www.infokuryr.cz\/n\/wp-json\/wp\/v2\/posts"}],"about":[{"href":"https:\/\/www.infokuryr.cz\/n\/wp-json\/wp\/v2\/types\/post"}],"author":[{"embeddable":true,"href":"https:\/\/www.infokuryr.cz\/n\/wp-json\/wp\/v2\/users\/2"}],"replies":[{"embeddable":true,"href":"https:\/\/www.infokuryr.cz\/n\/wp-json\/wp\/v2\/comments?post=72238"}],"version-history":[{"count":0,"href":"https:\/\/www.infokuryr.cz\/n\/wp-json\/wp\/v2\/posts\/72238\/revisions"}],"wp:featuredmedia":[{"embeddable":true,"href":"https:\/\/www.infokuryr.cz\/n\/wp-json\/wp\/v2\/media\/72239"}],"wp:attachment":[{"href":"https:\/\/www.infokuryr.cz\/n\/wp-json\/wp\/v2\/media?parent=72238"}],"wp:term":[{"taxonomy":"category","embeddable":true,"href":"https:\/\/www.infokuryr.cz\/n\/wp-json\/wp\/v2\/categories?post=72238"},{"taxonomy":"post_tag","embeddable":true,"href":"https:\/\/www.infokuryr.cz\/n\/wp-json\/wp\/v2\/tags?post=72238"}],"curies":[{"name":"wp","href":"https:\/\/api.w.org\/{rel}","templated":true}]}}