{"id":72226,"date":"2025-02-14T00:36:15","date_gmt":"2025-02-13T23:36:15","guid":{"rendered":"https:\/\/www.infokuryr.cz\/n\/?p=72226"},"modified":"2025-02-13T15:03:55","modified_gmt":"2025-02-13T14:03:55","slug":"odhalene-tajne-dokumenty-bidenuv-generalni-chirurg-naridil-cenzuru-skutecnych-vedlejsich-ucinku-vakcin","status":"publish","type":"post","link":"https:\/\/www.infokuryr.cz\/n\/2025\/02\/14\/odhalene-tajne-dokumenty-bidenuv-generalni-chirurg-naridil-cenzuru-skutecnych-vedlejsich-ucinku-vakcin\/","title":{"rendered":"Odhalen\u00e9 tajn\u00e9 dokumenty: Biden\u016fv gener\u00e1ln\u00ed chirurg na\u0159\u00eddil cenzuru skute\u010dn\u00fdch vedlej\u0161\u00edch \u00fa\u010dink\u016f vakc\u00edn!"},"content":{"rendered":"<div id=\"fb-root\"><\/div>\n<div class=\"elementor-element elementor-element-1fb4c2c elementor-widget elementor-widget-theme-post-content\" data-id=\"1fb4c2c\" data-element_type=\"widget\" data-widget_type=\"theme-post-content.default\">\n<div class=\"elementor-widget-container\">\n<h3 class=\"wp-block-heading\"><span style=\"font-size: 18pt;\"><strong>Americk\u00fd l\u00e9ka\u0159 gener\u00e1l Vivek Murthy: Zodpov\u011bdn\u00fd za c\u00edlen\u00e9 potla\u010den\u00ed poran\u011bn\u00ed zp\u016fsoben\u00fdch vakc\u00ednou<\/strong><\/span><\/h3>\n<p><strong><span>Vivek Murthy<\/span><\/strong><span>\u00a0je\u00a0<\/span><strong><span>gener\u00e1ln\u00edm chirurgem Spojen\u00fdch st\u00e1t\u016f americk\u00fdch<\/span><\/strong><span>\u00a0(srovnateln\u00fd s vysok\u00fdm zdravotnick\u00fdm \u00fa\u0159edn\u00edkem), kter\u00fd byl za prezidenta\u00a0<\/span><strong><span>Joe Bidena<\/span><\/strong><span>\u00a0zodpov\u011bdn\u00fd za komunikaci v oblasti ve\u0159ejn\u00e9ho zdrav\u00ed .\u00a0V t\u00e9to pozici se pod\u00edlel na realizaci o\u010dkovac\u00ed strategie b\u011bhem pandemie COVID-19. \u00dast\u0159edn\u00edm \u00fakolem bylo kontrolovat informace o zdrav\u00ed a bojovat proti takzvan\u00fdm \u201edezinformac\u00edm\u201c \u2013 opat\u0159en\u00ed, kter\u00e9 nyn\u00ed unikl\u00e9 dokumenty odhaluj\u00ed jako z\u00e1m\u011brn\u00e9 zakr\u00fdv\u00e1n\u00ed zdravotn\u00edch \u0161kod.<\/span><\/p>\n<p class=\"has-medium-font-size\"><span style=\"font-size: 18pt;\"><strong>D\u016fkaz: Murthy organizoval c\u00edlenou cenzuru po\u0161kozen\u00ed vakc\u00ednami<\/strong><\/span><\/p>\n<p><span>Unikl\u00e9 dokumenty dokazuj\u00ed, \u017ee Vivek Murthy\u00a0<\/span><strong><span>aktivn\u011b spolupracoval s platformami soci\u00e1ln\u00edch m\u00e9di\u00ed jako Facebook, \ud835\udd4f a Google<\/span><\/strong><span>\u00a0na cenzu\u0159e zpr\u00e1v o po\u0161kozen\u00edch zp\u016fsoben\u00fdch vakc\u00ednami. M\u00edsto transparentn\u00edch informac\u00ed ve\u0159ejnosti osobn\u011b zajistil odstran\u011bn\u00ed pravdiv\u00e9ho obsahu.<\/span><\/p>\n<p class=\"has-medium-font-size\"><span style=\"font-size: 18pt;\"><strong>Koordinace s Big Tech za \u00fa\u010delem z\u00e1m\u011brn\u00e9 manipulace s ve\u0159ejnost\u00ed<\/strong><\/span><\/p>\n<ul>\n<li><strong><span>Z intern\u00edch dokument\u016f Facebooku vypl\u00fdv\u00e1, \u017ee Murthy p\u0159\u00edmo po\u017eadoval, aby byly smaz\u00e1ny i pravdiv\u00e9 zpr\u00e1vy o vedlej\u0161\u00edch \u00fa\u010dinc\u00edch.<\/span><\/strong><span>\u00a0Intern\u00ed sd\u011blen\u00ed konkr\u00e9tn\u011b cituje:<\/span><br \/>\n<strong><span>\u201eGener\u00e1ln\u00ed chirurg chce, abychom odstranili pravdiv\u00e9 informace o vedlej\u0161\u00edch \u00fa\u010dinc\u00edch.\u201c<\/span><\/strong><\/li>\n<li><strong><span>Spolupr\u00e1ce s projektem Stanford Virality Project<\/span><\/strong><span>\u00a0, kter\u00fd systematicky klasifikoval zpr\u00e1vy od ob\u011bt\u00ed vakc\u00edny jako \u201edezinformace\u201c a po\u017eadoval jejich vymaz\u00e1n\u00ed na n\u011bkolika platform\u00e1ch.<\/span><\/li>\n<li><strong><span>Facebook, \ud835\udd4f a dal\u0161\u00ed platformy prov\u00e1d\u011bly tuto cenzuru<\/span><\/strong><span>\u00a0maz\u00e1n\u00edm p\u0159\u00edsp\u011bvk\u016f, blokov\u00e1n\u00edm u\u017eivatel\u016f nebo ozna\u010dov\u00e1n\u00edm obsahu jako \u201ezav\u00e1d\u011bj\u00edc\u00edho\u201c.<\/span><\/li>\n<\/ul>\n<p class=\"has-medium-font-size\"><span style=\"font-size: 18pt;\"><strong>Pomluva a perzekuce kritik\u016f<\/strong><\/span><\/p>\n<ul>\n<li><strong><span>L\u00e9ka\u0159i, v\u011bdci a inform\u00e1to\u0159i<\/span><\/strong><span>\u00a0, kte\u0159\u00ed nahl\u00e1sili zran\u011bn\u00ed zp\u016fsoben\u00e1 o\u010dkov\u00e1n\u00edm, byli\u00a0<\/span><strong><span>ve\u0159ejn\u011b zdiskreditov\u00e1ni<\/span><\/strong><span>\u00a0a vyl\u00ed\u010deni jako \u201ehrozba pro ve\u0159ejn\u00e9 zdrav\u00ed\u201c.<\/span><\/li>\n<li><span>Na celost\u00e1tn\u00ed tiskov\u00e9 konferenci Murthy uvedl,\u00a0<\/span><strong><span>\u017ee osobnosti jako Robert F. Kennedy Jr. a Dr. Mercola \u201ezab\u00edjel lidi\u201c jen za zve\u0159ejn\u011bn\u00ed pravdiv\u00fdch zpr\u00e1v.<\/span><\/strong><\/li>\n<li><strong><span>Ti, kte\u0159\u00ed byli posti\u017eeni v\u00e1\u017en\u00fdmi vedlej\u0161\u00edmi \u00fa\u010dinky, byli uml\u010deni<\/span><\/strong><span>\u00a0, jejich zpr\u00e1vy byly vymaz\u00e1ny nebo zam\u00edtnuty jako \u201enespr\u00e1vn\u00e9 interpretace\u201c.<\/span><\/li>\n<\/ul>\n<p class=\"has-medium-font-size\"><span style=\"font-size: 18pt;\"><strong>Z\u00e1va\u017en\u00e1 poru\u0161en\u00ed etiky a z\u00e1kona<\/strong><\/span><\/p>\n<p><span>Odhalen\u00ed ukazuj\u00ed masivn\u00ed poru\u0161en\u00ed l\u00e9ka\u0159sk\u00fdch a pr\u00e1vn\u00edch princip\u016f:<\/span><\/p>\n<ul>\n<li><strong><span>Poru\u0161en\u00ed Norimbersk\u00e9ho kodexu:<\/span><\/strong><span>\u00a0Zatajov\u00e1n\u00ed informac\u00ed o rizic\u00edch je v rozporu se z\u00e1sadou dobrovoln\u00e9ho souhlasu s l\u00e9ka\u0159sk\u00fdmi z\u00e1kroky.<\/span><\/li>\n<li><strong><span>\u00datok na svobodu slova:\u00a0<\/span><\/strong><strong><span>Americk\u00e1 vl\u00e1da aktivn\u011b p\u0159inutila spole\u010dnosti soci\u00e1ln\u00edch m\u00e9di\u00ed k cenzu\u0159e<\/span><\/strong><span>\u00a0\u2013 p\u0159\u00edm\u00e9 poru\u0161en\u00ed svobody slova.<\/span><\/li>\n<li><strong><span>Zni\u010den\u00ed d\u016fv\u011bry ve zdravotnick\u00e9 \u00fa\u0159ady:<\/span><\/strong><span>\u00a0Prost\u0159ednictv\u00edm c\u00edlen\u00e9 manipulace s vn\u00edm\u00e1n\u00edm ve\u0159ejnosti byla masivn\u011b podkop\u00e1na d\u016fv\u011bra ve\u0159ejnosti ve v\u011bdu a medic\u00ednu.<\/span><\/li>\n<\/ul>\n<h3 class=\"wp-block-heading\"><span style=\"font-size: 18pt;\"><strong>Po\u017eadavek na d\u016fsledky<\/strong><\/span><\/h3>\n<p><span>Role\u00a0<\/span><strong><span>Viveka Murthyho, Marka Zuckerberga a v\u0161ech z\u00fa\u010dastn\u011bn\u00fdch instituc\u00ed<\/span><\/strong><span>\u00a0mus\u00ed b\u00fdt trestn\u011b vy\u0161et\u0159ena. Z\u00e1m\u011brn\u00e9 potla\u010dov\u00e1n\u00ed l\u00e9ka\u0159sk\u00fdch fakt\u016f a systematick\u00e9 klam\u00e1n\u00ed ve\u0159ejnosti vy\u017eaduje \u00fapln\u00e9 vy\u0161et\u0159en\u00ed a pr\u00e1vn\u00ed d\u016fsledky.<\/span><\/p>\n<\/div>\n<\/div>\n<div class=\"elementor-element elementor-element-8c57238 quelle dc-has-condition dc-condition-empty elementor-widget elementor-widget-heading\" data-id=\"8c57238\" data-element_type=\"widget\" data-widget_type=\"heading.default\">\n<div class=\"elementor-widget-container\">\n<h3 class=\"elementor-heading-title elementor-size-default\"><span style=\"font-size: 10pt;\"><a href=\"https:\/\/vigilantnews.com\/post\/busted-leaked-docs-reveal-bidens-surgeon-general-deliberately-buried-vaccine-injury-reports\/\" target=\"_blank\" rel=\"nofollow noopener\">Zdroj<\/a><\/span><\/h3>\n<p>&nbsp;<\/p>\n<\/div>\n<\/div>\n","protected":false},"excerpt":{"rendered":"<p>Americk\u00fd l\u00e9ka\u0159 gener\u00e1l Vivek Murthy: Zodpov\u011bdn\u00fd za c\u00edlen\u00e9 potla\u010den\u00ed poran\u011bn\u00ed zp\u016fsoben\u00fdch vakc\u00ednou Vivek Murthy\u00a0je\u00a0gener\u00e1ln\u00edm chirurgem&#8230;<\/p>\n","protected":false},"author":2,"featured_media":72227,"comment_status":"closed","ping_status":"closed","sticky":false,"template":"","format":"standard","meta":[],"categories":[7],"tags":[23,630,37,651],"_links":{"self":[{"href":"https:\/\/www.infokuryr.cz\/n\/wp-json\/wp\/v2\/posts\/72226"}],"collection":[{"href":"https:\/\/www.infokuryr.cz\/n\/wp-json\/wp\/v2\/posts"}],"about":[{"href":"https:\/\/www.infokuryr.cz\/n\/wp-json\/wp\/v2\/types\/post"}],"author":[{"embeddable":true,"href":"https:\/\/www.infokuryr.cz\/n\/wp-json\/wp\/v2\/users\/2"}],"replies":[{"embeddable":true,"href":"https:\/\/www.infokuryr.cz\/n\/wp-json\/wp\/v2\/comments?post=72226"}],"version-history":[{"count":0,"href":"https:\/\/www.infokuryr.cz\/n\/wp-json\/wp\/v2\/posts\/72226\/revisions"}],"wp:featuredmedia":[{"embeddable":true,"href":"https:\/\/www.infokuryr.cz\/n\/wp-json\/wp\/v2\/media\/72227"}],"wp:attachment":[{"href":"https:\/\/www.infokuryr.cz\/n\/wp-json\/wp\/v2\/media?parent=72226"}],"wp:term":[{"taxonomy":"category","embeddable":true,"href":"https:\/\/www.infokuryr.cz\/n\/wp-json\/wp\/v2\/categories?post=72226"},{"taxonomy":"post_tag","embeddable":true,"href":"https:\/\/www.infokuryr.cz\/n\/wp-json\/wp\/v2\/tags?post=72226"}],"curies":[{"name":"wp","href":"https:\/\/api.w.org\/{rel}","templated":true}]}}