{"id":72207,"date":"2025-02-13T07:37:54","date_gmt":"2025-02-13T06:37:54","guid":{"rendered":"https:\/\/www.infokuryr.cz\/n\/?p=72207"},"modified":"2025-02-13T07:37:54","modified_gmt":"2025-02-13T06:37:54","slug":"kreml-putin-jednal-s-novym-syrskym-vedenim","status":"publish","type":"post","link":"https:\/\/www.infokuryr.cz\/n\/2025\/02\/13\/kreml-putin-jednal-s-novym-syrskym-vedenim\/","title":{"rendered":"Kreml: Putin jednal s nov\u00fdm syrsk\u00fdm veden\u00edm"},"content":{"rendered":"<div id=\"fb-root\"><\/div>\n<p><span style=\"font-size: 18pt;\"><strong>Z\u00fa\u010dastn\u011bn\u00e9 strany vedly \u201ekonstruktivn\u00ed, obchodn\u00ed\u201c telefonick\u00fd rozhovor, uvedla Moskva<\/strong><\/span><\/p>\n<p data-start=\"111\" data-end=\"163\"><span>Rusk\u00fd prezident Vladimir Putin vedl telefonick\u00fd rozhovor s \u0161\u00e9fem syrsk\u00e9 administrativy Ahmedem Husajnem al-Sharaa poprv\u00e9 od p\u00e1du vl\u00e1dy b\u00fdval\u00e9ho prezidenta Ba\u0161\u00e1ra Asada, ozn\u00e1mil ve st\u0159edu Kreml.<\/span><\/p>\n<p data-start=\"702\" data-end=\"1003\"><span>Moskva podporuje jednotu, suverenitu a \u00fazemn\u00ed celistvost S\u00fdrie, \u0159ekl Putin\u00a0<\/span><a href=\"http:\/\/en.kremlin.ru\/events\/president\/news\/76258\" target=\"_blank\" rel=\"noopener noreferrer\"><span>podle<\/span><\/a><span>\u00a0Kremlu al-Sharaa. Rusk\u00fd v\u016fdce zd\u016fraznil, \u017ee je d\u016fle\u017eit\u00e9 stabilizovat situaci v zemi a podporovat dialog mezi v\u0161emi etnick\u00fdmi, n\u00e1bo\u017eensk\u00fdmi a politick\u00fdmi skupinami v syrsk\u00e9 spole\u010dnosti.<\/span><\/p>\n<p data-start=\"1005\" data-end=\"1418\"><em><span>\u201eVladimir Putin znovu potvrdil neutuchaj\u00edc\u00ed odhodl\u00e1n\u00ed Ruska p\u0159isp\u011bt ke zlep\u0161en\u00ed soci\u00e1ln\u00ed a ekonomick\u00e9 situace v S\u00fdrii, mimo jin\u00e9 poskytov\u00e1n\u00edm humanit\u00e1rn\u00ed pomoci jej\u00edmu lidu,\u201c<\/span><\/em><span>\u00a0stoj\u00ed v prohl\u00e1\u0161en\u00ed Kremlu. Rusk\u00fd prezident tak\u00e9 ocenil historicky p\u0159\u00e1telsk\u00e9 vztahy mezi ob\u011bma n\u00e1rody, kter\u00e9 jsou podle n\u011bj\u00a0<\/span><em><span>\u201ev\u00e1z\u00e1ny pouty vz\u00e1jemn\u011b v\u00fdhodn\u00e9 spolupr\u00e1ce\u201c.<\/span><\/em><\/p>\n<p data-start=\"1420\" data-end=\"1649\"><span>Telefonick\u00fd rozhovor na vysok\u00e9 \u00farovni byl\u00a0<\/span><em><span>\u201ekonstruktivn\u00ed, obchodn\u00ed a podstatn\u00fd\u201c,<\/span><\/em><span>\u00a0\u00a0p\u0159i\u010dem\u017e strany diskutovaly o obchodu, ekonomice a vzd\u011bl\u00e1v\u00e1n\u00ed, uvedl Kreml. Stalo se tak po prvn\u00ed rusk\u00e9 diplomatick\u00e9 n\u00e1v\u0161t\u011bv\u011b v S\u00fdrii od v\u00fdm\u011bny jej\u00edho veden\u00ed na konci prosince.<\/span><\/p>\n<p data-start=\"1651\" data-end=\"2039\"><span>N\u00e1m\u011bstek ministra zahrani\u010d\u00ed Michail Bogdanov, kter\u00fd minul\u00fd m\u011bs\u00edc vedl ruskou delegaci, tehdy \u0159ekl, \u017ee p\u0159esun moci v Dama\u0161ku\u00a0<\/span><em><span>\u201enezm\u011bn\u00ed povahu\u201c<\/span><\/em><span>\u00a0vztah\u016f mezi ob\u011bma n\u00e1rody. B\u011bhem n\u00e1v\u0161t\u011bvy se Bogdanov setkal s al-Sharaa, syrsk\u00fdm ministrem zahrani\u010d\u00ed Asaad al-Shaibani, ministrem zdravotnictv\u00ed Maher al-Sharaa a z\u00e1stupci n\u011bkolika rusk\u00fdch vl\u00e1dn\u00edch agentur.<\/span><\/p>\n<p data-start=\"2041\" data-end=\"2308\"><span>Al-Sharaa, zn\u00e1m\u00fd tak\u00e9 pod sv\u00fdm nom de guerre Abu Mohammad al-Julani, se stal de facto v\u016fdcem S\u00fdrie v prosinci 2024 pot\u00e9, co jeho d\u017eih\u00e1distick\u00e1 skupina Hayat Tahrir al-Sham (HTS) zah\u00e1jila p\u0159ekvapiv\u00fd \u00fatok na Dama\u0161ek, kter\u00fd donutil b\u00fdval\u00e9ho prezidenta Ba\u0161\u00e1ra Asada uprchnout ze zem\u011b.<\/span><\/p>\n<p data-start=\"2310\" data-end=\"2672\"><span>Od p\u0159echodu moci nov\u00e1 administrativa opakovan\u011b vyjad\u0159ovala sv\u016fj z\u00e1m\u011br udr\u017eovat dobr\u00e9 vztahy s Moskvou. V prosinci al-Sharaa \u0159ekl Al Arabiya News, \u017ee tyto dva n\u00e1rody sd\u00edlej\u00ed\u00a0<\/span><em><span>\u201estrategick\u00e9 z\u00e1jmy\u201c.<\/span><\/em><span>\u00a0\u0158ekl tak\u00e9, \u017ee Dama\u0161ek m\u00e1 z\u00e1jem na udr\u017een\u00ed dobr\u00fdch vztah\u016f s\u00a0<\/span><em><span>\u201edruhou nejmocn\u011bj\u0161\u00ed zem\u00ed sv\u011bta\u201c,<\/span><\/em><span>\u00a0s odkazem na Moskvu.<\/span><\/p>\n<p data-start=\"2674\" data-end=\"2902\"><span>Za\u010d\u00e1tkem \u00fanora syrsk\u00fd ministr obrany Murhaf Abu Qasra \u0159ekl\u00a0<\/span><em data-start=\"2741\" data-end=\"2762\"><span>The Washington Post,<\/span><\/em><span>\u00a0\u017ee Dama\u0161ek je ochoten dovolit Rusku ponechat si sv\u00e9 n\u00e1mo\u0159n\u00ed a leteck\u00e9 z\u00e1kladny na syrsk\u00e9 p\u016fd\u011b, pokud to poslou\u017e\u00ed z\u00e1jm\u016fm arabsk\u00e9ho n\u00e1roda.<\/span><\/p>\n<p data-start=\"2674\" data-end=\"2902\"><img decoding=\"async\" loading=\"lazy\" class=\"alignnone size-full wp-image-1185\" src=\"http:\/\/www.infokuryr.cz\/n\/wp-content\/uploads\/2021\/04\/kuryr-podpis.png\" alt=\"\" width=\"84\" height=\"24\" \/><\/p>\n<p data-start=\"2674\" data-end=\"2902\">\n","protected":false},"excerpt":{"rendered":"<p>Z\u00fa\u010dastn\u011bn\u00e9 strany vedly \u201ekonstruktivn\u00ed, obchodn\u00ed\u201c telefonick\u00fd rozhovor, uvedla Moskva Rusk\u00fd prezident Vladimir Putin vedl telefonick\u00fd&#8230;<\/p>\n","protected":false},"author":2,"featured_media":72208,"comment_status":"closed","ping_status":"closed","sticky":false,"template":"","format":"standard","meta":[],"categories":[7],"tags":[1882,102,147],"_links":{"self":[{"href":"https:\/\/www.infokuryr.cz\/n\/wp-json\/wp\/v2\/posts\/72207"}],"collection":[{"href":"https:\/\/www.infokuryr.cz\/n\/wp-json\/wp\/v2\/posts"}],"about":[{"href":"https:\/\/www.infokuryr.cz\/n\/wp-json\/wp\/v2\/types\/post"}],"author":[{"embeddable":true,"href":"https:\/\/www.infokuryr.cz\/n\/wp-json\/wp\/v2\/users\/2"}],"replies":[{"embeddable":true,"href":"https:\/\/www.infokuryr.cz\/n\/wp-json\/wp\/v2\/comments?post=72207"}],"version-history":[{"count":0,"href":"https:\/\/www.infokuryr.cz\/n\/wp-json\/wp\/v2\/posts\/72207\/revisions"}],"wp:featuredmedia":[{"embeddable":true,"href":"https:\/\/www.infokuryr.cz\/n\/wp-json\/wp\/v2\/media\/72208"}],"wp:attachment":[{"href":"https:\/\/www.infokuryr.cz\/n\/wp-json\/wp\/v2\/media?parent=72207"}],"wp:term":[{"taxonomy":"category","embeddable":true,"href":"https:\/\/www.infokuryr.cz\/n\/wp-json\/wp\/v2\/categories?post=72207"},{"taxonomy":"post_tag","embeddable":true,"href":"https:\/\/www.infokuryr.cz\/n\/wp-json\/wp\/v2\/tags?post=72207"}],"curies":[{"name":"wp","href":"https:\/\/api.w.org\/{rel}","templated":true}]}}