{"id":72190,"date":"2025-02-13T00:33:29","date_gmt":"2025-02-12T23:33:29","guid":{"rendered":"https:\/\/www.infokuryr.cz\/n\/?p=72190"},"modified":"2025-02-12T14:00:36","modified_gmt":"2025-02-12T13:00:36","slug":"erik-best-ceska-svrchovanost-a-veto-eu","status":"publish","type":"post","link":"https:\/\/www.infokuryr.cz\/n\/2025\/02\/13\/erik-best-ceska-svrchovanost-a-veto-eu\/","title":{"rendered":"Erik Best: \u010cesk\u00e1 svrchovanost a veto EU"},"content":{"rendered":"<div id=\"fb-root\"><\/div>\n<p>Sou\u010d\u00e1st\u00ed \u010desk\u00e9ho pr\u00e1vn\u00edho \u0159\u00e1du se dnes st\u00e1v\u00e1 nov\u00fd trestn\u00fd \u010din\u00a0<a href=\"https:\/\/www.fsfinalword.cz\/?page=archive&amp;show=1&amp;day=2025-1-23\" target=\"_blank\" rel=\"noopener\">neopr\u00e1vn\u011bn\u00e1 \u010dinnost pro ciz\u00ed moc<\/a>. Deklarovan\u00fdm c\u00edlem ministra vnitra V\u00edta Raku\u0161ana (STAN) a\u00a0dal\u0161\u00edch p\u0159edkladatel\u016f legislativn\u00edho p\u0159\u00edlepku je ochrana \u00fastavn\u00edho z\u0159\u00edzen\u00ed a\u00a0svrchovanosti zem\u011b.<\/p>\n<p><a href=\"https:\/\/www.fsfinalword.cz\/?page=archive&amp;show=1&amp;day=2024-12-12\" target=\"_blank\" rel=\"noopener\">Nejvy\u0161\u0161\u00ed soud<\/a>\u00a0v\u0161ak v\u00a0r\u00e1mci\u00a0<a href=\"https:\/\/odok.cz\/portal\/veklep\/material\/pripominky\/KORND3QJZZZ3\/\" target=\"_blank\" rel=\"noopener\">p\u0159ipom\u00ednkov\u00e9ho \u0159\u00edzen\u00ed<\/a>\u00a0uvedl, \u017ee skutkov\u00e1 podstata spadaj\u00edc\u00ed pod\u00a0<a href=\"https:\/\/www.zakonyprolidi.cz\/cs\/2009-40\" target=\"_blank\" rel=\"noopener\">nov\u00fd \u00a7 318a trestn\u00edho z\u00e1kon\u00edku<\/a>\u00a0je natolik \u0161irok\u00e1, \u017ee i\u00a0\u0159ada diplomatick\u00fdch aktivit sp\u0159\u00e1telen\u00fdch zem\u00ed<strong>\u00a0<\/strong>by se mohla st\u00e1t trestn\u00fdm \u010dinem. N\u011bmeck\u00fd kancl\u00e9\u0159 Olaf Scholz samoz\u0159ejm\u011b nem\u016f\u017ee b\u00fdt zp\u011btn\u011b st\u00edh\u00e1n za to, \u017ee\u00a0<a href=\"https:\/\/www.bundesregierung.de\/breg-en\/news\/scholz-speech-prague-charles-university-2080752\" target=\"_blank\" rel=\"noopener\">29. srpna 2022 v\u00a0Praze<\/a>\u00a0vyzval v\u00a0zahrani\u010dn\u011bpolitick\u00fdch a\u00a0da\u0148ov\u00fdch z\u00e1le\u017eitostech EU k\u00a0v\u011bt\u0161inov\u00e9mu hlasov\u00e1n\u00ed, ov\u0161em co s\u00a0t\u00edm souvisej\u00edc\u00ed budouc\u00ed snahy nediplomatick\u00fdch zam\u011bstnanc\u016f velvyslanectv\u00ed jeho zem\u011b?<\/p>\n<p>Nen\u00ed snad aktivita pro ciz\u00ed moc s\u00a0c\u00edlem omezit<strong>\u00a0<\/strong>\u010deskou suverenitu v\u00a0zahrani\u010dn\u00ed politice a\u00a0da\u0148ov\u00fdch ot\u00e1zk\u00e1ch n\u011b\u010d\u00edm, na co se nov\u00fd paragraf nejsp\u00ed\u0161 vztahuje? Vedlej\u0161\u00edm efektem nov\u00e9ho trestn\u00e9ho \u010dinu by mohlo b\u00fdt nov\u00e9 pov\u011bdom\u00ed o\u00a0tom, co skute\u010dn\u011b znamen\u00e1 loajalita k\u00a0\u010cesk\u00e9 republice.<\/p>\n<p><a href=\"https:\/\/www.fsfinalword.cz\/?page=archive&amp;day=2025-02-11&amp;utm_source=utm_source%3Dnewsletter&amp;utm_medium=utm_medium%3De-mail&amp;utm_campaign=utm_campaign%3Dfinal_word_11.2.2025\">Erik Best<\/a><\/p>\n<p><img decoding=\"async\" loading=\"lazy\" class=\"alignnone  wp-image-1179\" src=\"http:\/\/www.infokuryr.cz\/n\/wp-content\/uploads\/2021\/04\/erik-best.jpg\" alt=\"\" width=\"124\" height=\"140\" \/><\/p>\n<p>&nbsp;<\/p>\n","protected":false},"excerpt":{"rendered":"<p>Sou\u010d\u00e1st\u00ed \u010desk\u00e9ho pr\u00e1vn\u00edho \u0159\u00e1du se dnes st\u00e1v\u00e1 nov\u00fd trestn\u00fd \u010din\u00a0neopr\u00e1vn\u011bn\u00e1 \u010dinnost pro ciz\u00ed moc. Deklarovan\u00fdm&#8230;<\/p>\n","protected":false},"author":2,"featured_media":63035,"comment_status":"closed","ping_status":"closed","sticky":false,"template":"","format":"standard","meta":[],"categories":[6],"tags":[8586,1503,424,1483,609],"_links":{"self":[{"href":"https:\/\/www.infokuryr.cz\/n\/wp-json\/wp\/v2\/posts\/72190"}],"collection":[{"href":"https:\/\/www.infokuryr.cz\/n\/wp-json\/wp\/v2\/posts"}],"about":[{"href":"https:\/\/www.infokuryr.cz\/n\/wp-json\/wp\/v2\/types\/post"}],"author":[{"embeddable":true,"href":"https:\/\/www.infokuryr.cz\/n\/wp-json\/wp\/v2\/users\/2"}],"replies":[{"embeddable":true,"href":"https:\/\/www.infokuryr.cz\/n\/wp-json\/wp\/v2\/comments?post=72190"}],"version-history":[{"count":0,"href":"https:\/\/www.infokuryr.cz\/n\/wp-json\/wp\/v2\/posts\/72190\/revisions"}],"wp:featuredmedia":[{"embeddable":true,"href":"https:\/\/www.infokuryr.cz\/n\/wp-json\/wp\/v2\/media\/63035"}],"wp:attachment":[{"href":"https:\/\/www.infokuryr.cz\/n\/wp-json\/wp\/v2\/media?parent=72190"}],"wp:term":[{"taxonomy":"category","embeddable":true,"href":"https:\/\/www.infokuryr.cz\/n\/wp-json\/wp\/v2\/categories?post=72190"},{"taxonomy":"post_tag","embeddable":true,"href":"https:\/\/www.infokuryr.cz\/n\/wp-json\/wp\/v2\/tags?post=72190"}],"curies":[{"name":"wp","href":"https:\/\/api.w.org\/{rel}","templated":true}]}}