{"id":72163,"date":"2025-02-13T00:35:50","date_gmt":"2025-02-12T23:35:50","guid":{"rendered":"https:\/\/www.infokuryr.cz\/n\/?p=72163"},"modified":"2025-02-12T14:20:05","modified_gmt":"2025-02-12T13:20:05","slug":"na-kazde-smene-vidim-jak-jsou-ockovani-lide-stale-vice-nemocni","status":"publish","type":"post","link":"https:\/\/www.infokuryr.cz\/n\/2025\/02\/13\/na-kazde-smene-vidim-jak-jsou-ockovani-lide-stale-vice-nemocni\/","title":{"rendered":"Na ka\u017ed\u00e9 sm\u011bn\u011b vid\u00edm, jak jsou o\u010dkovan\u00ed lid\u00e9 st\u00e1le v\u00edce nemocn\u00ed"},"content":{"rendered":"<div id=\"fb-root\"><\/div>\n<p><strong>Zdravotn\u00edk Harry Fisher pr\u00e1v\u011b dokon\u010dil dlouhou sm\u011bnu, kter\u00e1 mu je\u0161t\u011b v\u00edce otev\u0159ela o\u010di.<\/strong><\/p>\n<p>Musel p\u0159ech\u00e1zet od jednoho o\u010dkovan\u00e9ho pacienta k druh\u00e9mu s COVID a z\u00e1palem plic. &#8222;Vzor je nezam\u011bniteln\u00fd.&#8220;<\/p>\n<p>Co\u00a0<a href=\"https:\/\/x.com\/harryfisherEMTP\/status\/1888647456055017563\" target=\"_blank\" rel=\"noreferrer noopener\" data-type=\"link\" data-id=\"https:\/\/x.com\/harryfisherEMTP\/status\/1888647456055017563\">p\u00ed\u0161e na X<\/a>\u00a0:<\/p>\n<p><strong>Informace od z\u00e1chran\u00e1\u0159e v re\u00e1ln\u00e9m \u010dase:<\/strong><\/p>\n<p>Pr\u00e1v\u011b jsem dokon\u010dil dal\u0161\u00ed vy\u010derp\u00e1vaj\u00edc\u00ed sm\u011bnu, kter\u00e1 mi otev\u0159ela o\u010di je\u0161t\u011b v\u00edc. Neust\u00e1le jsem na mis\u00edch k o\u010dkovan\u00fdm pacient\u016fm s \u201eCOVID\u201c a z\u00e1palem plic. Vzor je nezam\u011bniteln\u00fd.<\/p>\n<p>Pr\u00e1v\u011b jsem p\u0159evezl dal\u0161\u00edho obyvatele pe\u010dovatelsk\u00e9ho domu. Sestra mi \u0159ekla: &#8222;Ch\u0159ipka A COVID.&#8220; Zeptal jsem se, zda jsou v\u0161ichni obyvatel\u00e9 o\u010dkovan\u00ed (co\u017e jsem ji\u017e v\u011bd\u011bl). V\u00fdraz jej\u00ed tv\u00e1\u0159e mluvil za v\u0161e. Nemohla ani odpov\u011bd\u011bt.<\/p>\n<p>Nejde o ojedin\u011bl\u00e9 p\u0159\u00edpady. Ka\u017edou sm\u011bnu vid\u00edm, jak jsou o\u010dkovan\u00ed lid\u00e9 nemocn\u011bj\u0161\u00ed a nemocn\u011bj\u0161\u00ed. Mnoho\u010detn\u00e9 infekce, opakovan\u00e9 hospitalizace. St\u00e1le stejn\u00ed pacienti.<\/p>\n<p>Vypr\u00e1v\u011bn\u00ed bylo, \u017ee tato o\u010dkov\u00e1n\u00ed zabr\u00e1n\u00ed v\u00e1\u017en\u00fdm nemocem. M\u00edsto toho vid\u00edm v re\u00e1ln\u00e9m \u010dase prav\u00fd opak. Jako frontov\u00fd zdravotnick\u00fd pracovn\u00edk nebudu ml\u010det.<\/p>\n<p>Proto jsem tato o\u010dkov\u00e1n\u00ed odm\u00edtla podat. To je d\u016fvod, pro\u010d jsem p\u0159i\u0161el o posledn\u00ed pr\u00e1ci. Ale sp\u00edm dob\u0159e, proto\u017ee v\u00edm, \u017ee jsem si st\u00e1l za t\u00edm, co bylo spr\u00e1vn\u00e9. Dob\u0159e, sp\u00edm dob\u0159e, kdy\u017e nezazvon\u00ed bud\u00edk.<\/p>\n<p>Koleg\u016fm ve zdravotnictv\u00ed: Jak dlouho budete p\u0159edst\u00edrat, \u017ee se to ned\u011bje? Kolik pacient\u016f je\u0161t\u011b mus\u00ed trp\u011bt, ne\u017e otev\u0159ete \u00fasta?<\/p>\n<p>Pravda stoj\u00ed za to p\u0159ij\u00edt o pr\u00e1ci. Nikdy nebudu litovat nad\u0159azen\u00ed sv\u00e9ho sv\u011bdom\u00ed nad slepou poslu\u0161nost.<\/p>\n<p><strong>B\u016fh v\u00e1m \u017eehnej.<\/strong><\/p>\n<p><img decoding=\"async\" loading=\"lazy\" class=\"alignnone size-full wp-image-71983\" src=\"http:\/\/www.infokuryr.cz\/n\/wp-content\/uploads\/2025\/02\/aaa.jpg\" alt=\"\" width=\"89\" height=\"23\" \/><\/p>\n<p>&nbsp;<\/p>\n","protected":false},"excerpt":{"rendered":"<p>Zdravotn\u00edk Harry Fisher pr\u00e1v\u011b dokon\u010dil dlouhou sm\u011bnu, kter\u00e1 mu je\u0161t\u011b v\u00edce otev\u0159ela o\u010di. Musel p\u0159ech\u00e1zet&#8230;<\/p>\n","protected":false},"author":2,"featured_media":72164,"comment_status":"closed","ping_status":"closed","sticky":false,"template":"","format":"standard","meta":[],"categories":[7],"tags":[23,2789,213],"_links":{"self":[{"href":"https:\/\/www.infokuryr.cz\/n\/wp-json\/wp\/v2\/posts\/72163"}],"collection":[{"href":"https:\/\/www.infokuryr.cz\/n\/wp-json\/wp\/v2\/posts"}],"about":[{"href":"https:\/\/www.infokuryr.cz\/n\/wp-json\/wp\/v2\/types\/post"}],"author":[{"embeddable":true,"href":"https:\/\/www.infokuryr.cz\/n\/wp-json\/wp\/v2\/users\/2"}],"replies":[{"embeddable":true,"href":"https:\/\/www.infokuryr.cz\/n\/wp-json\/wp\/v2\/comments?post=72163"}],"version-history":[{"count":0,"href":"https:\/\/www.infokuryr.cz\/n\/wp-json\/wp\/v2\/posts\/72163\/revisions"}],"wp:featuredmedia":[{"embeddable":true,"href":"https:\/\/www.infokuryr.cz\/n\/wp-json\/wp\/v2\/media\/72164"}],"wp:attachment":[{"href":"https:\/\/www.infokuryr.cz\/n\/wp-json\/wp\/v2\/media?parent=72163"}],"wp:term":[{"taxonomy":"category","embeddable":true,"href":"https:\/\/www.infokuryr.cz\/n\/wp-json\/wp\/v2\/categories?post=72163"},{"taxonomy":"post_tag","embeddable":true,"href":"https:\/\/www.infokuryr.cz\/n\/wp-json\/wp\/v2\/tags?post=72163"}],"curies":[{"name":"wp","href":"https:\/\/api.w.org\/{rel}","templated":true}]}}