{"id":72160,"date":"2025-02-13T00:35:00","date_gmt":"2025-02-12T23:35:00","guid":{"rendered":"https:\/\/www.infokuryr.cz\/n\/?p=72160"},"modified":"2025-02-12T12:04:34","modified_gmt":"2025-02-12T11:04:34","slug":"dr-william-makis-o-ivermectinu-jako-potencialni-lecbe-rakoviny-cim-vice-budete-kopat-tim-vice-najdete","status":"publish","type":"post","link":"https:\/\/www.infokuryr.cz\/n\/2025\/02\/13\/dr-william-makis-o-ivermectinu-jako-potencialni-lecbe-rakoviny-cim-vice-budete-kopat-tim-vice-najdete\/","title":{"rendered":"Dr. William Makis o Ivermectinu jako potenci\u00e1ln\u00ed l\u00e9\u010db\u011b rakoviny \u2013 \u010c\u00edm v\u00edce budete kopat, t\u00edm v\u00edce najdete"},"content":{"rendered":"<div id=\"fb-root\"><\/div>\n<p>Onkolog\u00a0<strong>Dr.<\/strong>\u00a0B\u011bhem sv\u00e9ho v\u00fdzkumu COVID-19\u00a0<strong>William Makis objevil\u00a0<\/strong><strong>stovky studi\u00ed<\/strong>\u00a0ukazuj\u00edc\u00edch ivermektin jako potenci\u00e1ln\u00ed l\u00e9k proti rakovin\u011b. V zem\u00edch, jako jsou\u00a0<strong>Filip\u00edny, Mexiko a Indie,<\/strong>\u00a0ji\u017e l\u00e9ka\u0159i k l\u00e9\u010db\u011b rakoviny\u00a0\u00fasp\u011b\u0161n\u011b pou\u017e\u00edvaj\u00ed\u00a0<strong>p\u0159epracovan\u00e9 l\u00e9ky .<\/strong><\/p>\n<p>Makis kritizuje skute\u010dnost, \u017ee\u00a0v Severn\u00ed Americe jsou schvalov\u00e1ny\u00a0<strong>pouze drah\u00e9 terapie<\/strong>\u00a0, proto\u017ee pacienti s rakovinou jsou pro farmaceutick\u00fd pr\u016fmysl\u00a0<strong>miliardov\u00fdm zdrojem p\u0159\u00edjm\u016f .<\/strong><\/p>\n<div class=\"twitter-tweet twitter-tweet-rendered\"><iframe id=\"twitter-widget-0\" class=\"\" title=\"X Post\" src=\"https:\/\/platform.twitter.com\/embed\/Tweet.html?dnt=false&amp;embedId=twitter-widget-0&amp;features=eyJ0ZndfdGltZWxpbmVfbGlzdCI6eyJidWNrZXQiOltdLCJ2ZXJzaW9uIjpudWxsfSwidGZ3X2ZvbGxvd2VyX2NvdW50X3N1bnNldCI6eyJidWNrZXQiOnRydWUsInZlcnNpb24iOm51bGx9LCJ0ZndfdHdlZXRfZWRpdF9iYWNrZW5kIjp7ImJ1Y2tldCI6Im9uIiwidmVyc2lvbiI6bnVsbH0sInRmd19yZWZzcmNfc2Vzc2lvbiI6eyJidWNrZXQiOiJvbiIsInZlcnNpb24iOm51bGx9LCJ0ZndfZm9zbnJfc29mdF9pbnRlcnZlbnRpb25zX2VuYWJsZWQiOnsiYnVja2V0Ijoib24iLCJ2ZXJzaW9uIjpudWxsfSwidGZ3X21peGVkX21lZGlhXzE1ODk3Ijp7ImJ1Y2tldCI6InRyZWF0bWVudCIsInZlcnNpb24iOm51bGx9LCJ0ZndfZXhwZXJpbWVudHNfY29va2llX2V4cGlyYXRpb24iOnsiYnVja2V0IjoxMjA5NjAwLCJ2ZXJzaW9uIjpudWxsfSwidGZ3X3Nob3dfYmlyZHdhdGNoX3Bpdm90c19lbmFibGVkIjp7ImJ1Y2tldCI6Im9uIiwidmVyc2lvbiI6bnVsbH0sInRmd19kdXBsaWNhdGVfc2NyaWJlc190b19zZXR0aW5ncyI6eyJidWNrZXQiOiJvbiIsInZlcnNpb24iOm51bGx9LCJ0ZndfdXNlX3Byb2ZpbGVfaW1hZ2Vfc2hhcGVfZW5hYmxlZCI6eyJidWNrZXQiOiJvbiIsInZlcnNpb24iOm51bGx9LCJ0ZndfdmlkZW9faGxzX2R5bmFtaWNfbWFuaWZlc3RzXzE1MDgyIjp7ImJ1Y2tldCI6InRydWVfYml0cmF0ZSIsInZlcnNpb24iOm51bGx9LCJ0ZndfbGVnYWN5X3RpbWVsaW5lX3N1bnNldCI6eyJidWNrZXQiOnRydWUsInZlcnNpb24iOm51bGx9LCJ0ZndfdHdlZXRfZWRpdF9mcm9udGVuZCI6eyJidWNrZXQiOiJvbiIsInZlcnNpb24iOm51bGx9fQ%3D%3D&amp;frame=false&amp;hideCard=false&amp;hideThread=false&amp;id=1884759105442656302&amp;lang=cs&amp;maxWidth=560px&amp;origin=https%3A%2F%2Funcutnews.ch%2Fdr-william-makis-ueber-ivermectin-als-potenzielle-krebsbehandlung-je-mehr-man-graebt-desto-mehr-findet-man%2F&amp;sessionId=71a93474419a705af28910de91f4c530ee41b55c&amp;theme=light&amp;widgetsVersion=2615f7e52b7e0%3A1702314776716&amp;width=550px\" frameborder=\"0\" scrolling=\"no\" allowfullscreen=\"allowfullscreen\" data-tweet-id=\"1884759105442656302\" data-mce-fragment=\"1\"><\/iframe><\/div>\n<p><span style=\"font-size: 18pt;\"><strong>\u201e\u010c\u00edm v\u00edce kop\u00e1te, t\u00edm v\u00edce najdete\u201c \u2013 Ivermectin proti rakovin\u011b?<\/strong><\/span><\/p>\n<p>Radiolog, onkolog a v\u00fdzkumn\u00edk rakoviny\u00a0<strong>Dr.<\/strong>\u00a0V rozhovoru se\u00a0<strong>Shaunem Newmanem\u00a0<\/strong><strong>William Makis<\/strong> uv\u00e1d\u00ed , jak objevil Ivermectin \u2013 vlastn\u011b antiparazitikum \u2013 jako mo\u017enou l\u00e9\u010dbu rakoviny. P\u0159i v\u00fdzkumu ivermectinu pro l\u00e9\u010dbu COVID-19 narazil na <strong>stovky v\u011bdeck\u00fdch studi\u00ed<\/strong> o ivermectinu a jeho \u00fa\u010dinc\u00edch na rakovinu.<\/p>\n<p><strong>&#8222;Ivermectin m\u00e1 tucet mechanism\u016f, kter\u00fdmi p\u016fsob\u00ed proti rakovin\u011b.&#8220;<\/strong><\/p>\n<p>Dr. Makis popisuje, \u017ee jeho p\u016fvodn\u00ed v\u00fdzkum v letech 2022 a 2023 m\u011bl za c\u00edl\u00a0zv\u00fd\u0161it pov\u011bdom\u00ed ve\u0159ejnosti o\u00a0<strong>\u201eDied Suddenly\u201c a fenom\u00e9nu rakoviny turba<\/strong> . Narazil na velk\u00e9 mno\u017estv\u00ed v\u011bdeck\u00fdch prac\u00ed o ivermectinu a jeho potenci\u00e1ln\u00edch protirakovinn\u00fdch \u00fa\u010dinc\u00edch.<\/p>\n<p><strong>&#8222;\u010c\u00edm v\u00edce budete kopat, t\u00edm v\u00edce se dozv\u00edte, \u017ee l\u00e9ka\u0159i mimo Severn\u00ed Ameriku &#8211; v zem\u00edch, jako jsou Filip\u00edny, Mexiko a Indie &#8211; l\u00e9\u010d\u00ed pacienty s rakovinou pomoc\u00ed takzvan\u00fdch repurposed l\u00e9k\u016f.&#8220;<\/strong><\/p>\n<p>Makis vysv\u011btluje, \u017ee pacienti v mnoha zem\u00edch nemaj\u00ed p\u0159\u00edstup k drah\u00e9 chemoterapii nebo high-tech nemocnic\u00edm. Proto tamn\u00ed l\u00e9ka\u0159i spol\u00e9haj\u00ed na l\u00e9ky, kter\u00e9 byly p\u016fvodn\u011b vyvinuty pro jin\u00e9 \u00fa\u010dely, ale st\u00e1le vykazuj\u00ed slibn\u00e9 v\u00fdsledky proti rakovin\u011b.<\/p>\n<p><strong>\u201eDrogy s nov\u00fdm pou\u017eit\u00edm jsou mimo Severn\u00ed Ameriku velk\u00fdm probl\u00e9mem. L\u00e9ka\u0159i je mohou pou\u017e\u00edvat a n\u011bkte\u0159\u00ed z nich s nimi m\u011bli obrovsk\u00fd \u00fasp\u011bch, kter\u00fd publikovali.\u201c<\/strong><\/p>\n<p>Makis odkazuje na\u00a0<strong>studii z Ji\u017en\u00ed Ameriky<\/strong>\u00a0, ve kter\u00e9 se t\u0159i pacienti vyl\u00e9\u010dili z rakoviny oxidem chlori\u010dit\u00fdm. V Kanad\u011b nebo USA by takov\u00e1 publikace byla nemysliteln\u00e1.<\/p>\n<p><span style=\"font-size: 18pt;\"><strong>P\u0159\u00edpad Filip\u00edn: Ivermectin a rakovina<\/strong><\/span><\/p>\n<p>Na Filip\u00edn\u00e1ch\u00a0<strong>se od roku 2021 l\u00e9\u010d\u00ed tis\u00edce pacient\u016f na rakovinu ivermectinem<\/strong> . L\u00e9ka\u0159i zjistili, \u017ee u n\u011bkter\u00fdch pacient\u016f s COVID, kte\u0159\u00ed u\u017e\u00edvali vysok\u00e9 d\u00e1vky ivermectinu, do\u0161lo ke <strong>spont\u00e1nn\u00edmu zmen\u0161en\u00ed jejich n\u00e1dor\u016f<\/strong>\u00a0.<\/p>\n<p><strong>&#8222;L\u00e9ka\u0159i \u0159ekli: &#8222;Po\u010dkejte chv\u00edli!&#8220;<\/strong>\u00a0A kdy\u017e se pod\u00edvali na v\u00fdzkum, uv\u011bdomili si:\u00a0<strong>\u201aIvermectin m\u00e1 \u010detn\u00e9 mechanismy \u00fa\u010dinku proti rakovin\u011b \u2013 ale proti rakovin\u011b se nepou\u017e\u00edv\u00e1. Pro\u010d? Proto\u017ee je to levn\u00e9. Proto\u017ee u\u017e to nen\u00ed patentov\u00e1no.\u201c<\/strong><\/p>\n<p><strong>\u201ePacienti s rakovinou v Severn\u00ed Americe jsou miliardov\u00fdm zdrojem p\u0159\u00edjm\u016f\u201c<\/strong><\/p>\n<p>Makis kritizuje skute\u010dnost, \u017ee pacient\u016fm v Kanad\u011b a USA\u00a0<strong>jsou nab\u00edzeny pouze l\u00e9ky, kter\u00e9 p\u0159in\u00e1\u0161ej\u00ed farmaceutick\u00e9mu pr\u016fmyslu zisk<\/strong>\u00a0.<\/p>\n<p><strong>\u201ePokud v Severn\u00ed Americe dostanete rakovinu, jste pro farmaceutick\u00fd pr\u016fmysl aktivem v hodnot\u011b mnoha milion\u016f dolar\u016f.<\/strong>\u00a0Onkologov\u00e9 sm\u011bj\u00ed p\u0159edepisovat pouze l\u00e9ky, kter\u00e9 pr\u016fmyslu a jeho akcion\u00e1\u0159\u016fm generuj\u00ed vysok\u00e9 zisky.\u00a0<strong>Jin\u00e9 mo\u017enosti nejsou povoleny.<\/strong>\u00a0&#8220;<\/p>\n<p>Dr. Makis vyz\u00fdv\u00e1 k v\u011bt\u0161\u00ed otev\u0159enosti alternativn\u00edm a n\u00e1kladov\u011b efektivn\u00edm mo\u017enostem l\u00e9\u010dby a varuje p\u0159ed up\u0159ednost\u0148ov\u00e1n\u00edm ekonomick\u00fdch z\u00e1jm\u016f nad blahobytem pacient\u016f.<\/p>\n<p><img decoding=\"async\" loading=\"lazy\" class=\"alignnone size-full wp-image-1185\" src=\"http:\/\/www.infokuryr.cz\/n\/wp-content\/uploads\/2021\/04\/kuryr-podpis.png\" alt=\"\" width=\"84\" height=\"24\" \/><\/p>\n<p>&nbsp;<\/p>\n","protected":false},"excerpt":{"rendered":"<p>Onkolog\u00a0Dr.\u00a0B\u011bhem sv\u00e9ho v\u00fdzkumu COVID-19\u00a0William Makis objevil\u00a0stovky studi\u00ed\u00a0ukazuj\u00edc\u00edch ivermektin jako potenci\u00e1ln\u00ed l\u00e9k proti rakovin\u011b. V zem\u00edch,&#8230;<\/p>\n","protected":false},"author":2,"featured_media":72161,"comment_status":"closed","ping_status":"closed","sticky":false,"template":"","format":"standard","meta":[],"categories":[7],"tags":[518,630,1366,839],"_links":{"self":[{"href":"https:\/\/www.infokuryr.cz\/n\/wp-json\/wp\/v2\/posts\/72160"}],"collection":[{"href":"https:\/\/www.infokuryr.cz\/n\/wp-json\/wp\/v2\/posts"}],"about":[{"href":"https:\/\/www.infokuryr.cz\/n\/wp-json\/wp\/v2\/types\/post"}],"author":[{"embeddable":true,"href":"https:\/\/www.infokuryr.cz\/n\/wp-json\/wp\/v2\/users\/2"}],"replies":[{"embeddable":true,"href":"https:\/\/www.infokuryr.cz\/n\/wp-json\/wp\/v2\/comments?post=72160"}],"version-history":[{"count":1,"href":"https:\/\/www.infokuryr.cz\/n\/wp-json\/wp\/v2\/posts\/72160\/revisions"}],"predecessor-version":[{"id":72162,"href":"https:\/\/www.infokuryr.cz\/n\/wp-json\/wp\/v2\/posts\/72160\/revisions\/72162"}],"wp:featuredmedia":[{"embeddable":true,"href":"https:\/\/www.infokuryr.cz\/n\/wp-json\/wp\/v2\/media\/72161"}],"wp:attachment":[{"href":"https:\/\/www.infokuryr.cz\/n\/wp-json\/wp\/v2\/media?parent=72160"}],"wp:term":[{"taxonomy":"category","embeddable":true,"href":"https:\/\/www.infokuryr.cz\/n\/wp-json\/wp\/v2\/categories?post=72160"},{"taxonomy":"post_tag","embeddable":true,"href":"https:\/\/www.infokuryr.cz\/n\/wp-json\/wp\/v2\/tags?post=72160"}],"curies":[{"name":"wp","href":"https:\/\/api.w.org\/{rel}","templated":true}]}}