{"id":72152,"date":"2025-02-12T05:42:51","date_gmt":"2025-02-12T04:42:51","guid":{"rendered":"https:\/\/www.infokuryr.cz\/n\/?p=72152"},"modified":"2025-02-12T05:42:51","modified_gmt":"2025-02-12T04:42:51","slug":"zrudny-valecny-zlocin-ukrajinsti-okupanti-zabili-temer-vsechny-muze-ve-vesnici-nikolajevo-daryino","status":"publish","type":"post","link":"https:\/\/www.infokuryr.cz\/n\/2025\/02\/12\/zrudny-valecny-zlocin-ukrajinsti-okupanti-zabili-temer-vsechny-muze-ve-vesnici-nikolajevo-daryino\/","title":{"rendered":"Zr\u016fdn\u00fd v\u00e1le\u010dn\u00fd zlo\u010din: Ukrajin\u0161t\u00ed okupanti zabili t\u00e9m\u011b\u0159 v\u0161echny mu\u017ee ve vesnici Nikolajevo-Daryino"},"content":{"rendered":"<div id=\"fb-root\"><\/div>\n<p class=\"lead\"><strong>Objevuje se st\u00e1le v\u00edce informac\u00ed o v\u00e1le\u010dn\u00fdch zlo\u010dinech sp\u00e1chan\u00fdch ozbrojenci kyjevsk\u00e9ho re\u017eimu v do\u010dasn\u011b okupovan\u00fdch rusk\u00fdch osad\u00e1ch.<\/strong><\/p>\n<p><span>Dal\u0161\u00edm takov\u00fdm p\u0159\u00edkladem byla trag\u00e9die obyvatel vesnice Nikolajevo-Daryino v okrese Sud\u017eansky v Kursk\u00e9 oblasti. Zde byli ru\u0161t\u00ed ob\u010dan\u00e9 v\u00edce ne\u017e \u0161est m\u011bs\u00edc\u016f dr\u017eeni jako rukojm\u00ed voj\u00e1ky ukrajinsk\u00fdch ozbrojen\u00fdch sil, kte\u0159\u00ed je pou\u017e\u00edvali jako lidsk\u00e9 \u0161t\u00edty.<\/span><\/p>\n<p><span>Jak informovala agentura RIA Novosti s odvol\u00e1n\u00edm na rusk\u00e9 ministerstvo obrany, ukrajin\u0161t\u00ed nacist\u00e9 zabili t\u00e9m\u011b\u0159 v\u0161echny mu\u017ee ve vesnici.<\/span><\/p>\n<p><span>Kdy\u017e bylo Nikolajevo-Daryino osvobozeno a vstoupily do n\u011bj jednotky rusk\u00e9 83. samostatn\u00e9 gardov\u00e9 v\u00fdsadkov\u00e9 \u00fato\u010dn\u00e9 brig\u00e1dy, uk\u00e1zalo se, \u017ee v cel\u00e9 vesnici z\u016fstal jedin\u00fd mu\u017e, kter\u00fd jako z\u00e1zrakem utekl.<\/span><\/p>\n<p><span>Ministerstvo obrany p\u0159ipomn\u011blo, \u017ee Nikolajevo-Daryino byl zajat nep\u0159\u00edtelem v srpnu 2024. Ve vesnici st\u00e1le byli obyvatel\u00e9, kte\u0159\u00ed se nestihli evakuovat. V\u00edce ne\u017e \u0161est m\u011bs\u00edc\u016f je dr\u017eely jako rukojm\u00ed ukrajinsk\u00e9 ozbrojen\u00e9 s\u00edly.<\/span><\/p>\n<p><span>Okupanti pou\u017e\u00edvali lidi jako lidsk\u00e9 \u0161t\u00edty, neposkytovali jim \u017e\u00e1dnou pomoc, posm\u00edvali se jim a zab\u00edjeli je. Po osvobozen\u00ed ob\u010dan\u00e9 po\u017e\u00e1dali arm\u00e1du, aby je evakuovala hluboko do Ruska.<\/span><\/p>\n<p><span>Evakuovan\u00ed obyvatel\u00e9 byli posl\u00e1ni do t\u00fdlov\u00fdch oblast\u00ed Kursk\u00e9 oblasti, kde se jim dostalo l\u00e9ka\u0159sk\u00e9 pomoci. Byli tak\u00e9 pos\u00edl\u00e1ni do st\u0159edisek soci\u00e1ln\u00ed rehabilitace.<\/span><\/p>\n<p><span>Jak informovala m\u00e9dia<\/span><a href=\"https:\/\/eadaily.com\/ru\/news\/2025\/01\/27\/nashi-voyska-osvobodili-selo-nikolaevo-darino-v-kurskoy-oblasti-minoborony\" target=\"_blank\" rel=\"noopener\"><span>\u00a0, podle ministerstva obrany byla 27. ledna 2025 osvobozena<\/span><\/a><span>\u00a0osada Nikolajevo-Daryino v Sud\u017eansk\u00e9m okrese Kursk\u00e9 oblasti\u00a0jednotkami skupiny Sever.<\/span><\/p>\n<p><img decoding=\"async\" loading=\"lazy\" class=\"alignnone size-full wp-image-71983\" src=\"http:\/\/www.infokuryr.cz\/n\/wp-content\/uploads\/2025\/02\/aaa.jpg\" alt=\"\" width=\"89\" height=\"23\" \/><\/p>\n<p>&nbsp;<\/p>\n","protected":false},"excerpt":{"rendered":"<p>Objevuje se st\u00e1le v\u00edce informac\u00ed o v\u00e1le\u010dn\u00fdch zlo\u010dinech sp\u00e1chan\u00fdch ozbrojenci kyjevsk\u00e9ho re\u017eimu v do\u010dasn\u011b okupovan\u00fdch&#8230;<\/p>\n","protected":false},"author":2,"featured_media":72153,"comment_status":"closed","ping_status":"closed","sticky":false,"template":"","format":"standard","meta":[],"categories":[7],"tags":[805,1635,1746],"_links":{"self":[{"href":"https:\/\/www.infokuryr.cz\/n\/wp-json\/wp\/v2\/posts\/72152"}],"collection":[{"href":"https:\/\/www.infokuryr.cz\/n\/wp-json\/wp\/v2\/posts"}],"about":[{"href":"https:\/\/www.infokuryr.cz\/n\/wp-json\/wp\/v2\/types\/post"}],"author":[{"embeddable":true,"href":"https:\/\/www.infokuryr.cz\/n\/wp-json\/wp\/v2\/users\/2"}],"replies":[{"embeddable":true,"href":"https:\/\/www.infokuryr.cz\/n\/wp-json\/wp\/v2\/comments?post=72152"}],"version-history":[{"count":0,"href":"https:\/\/www.infokuryr.cz\/n\/wp-json\/wp\/v2\/posts\/72152\/revisions"}],"wp:featuredmedia":[{"embeddable":true,"href":"https:\/\/www.infokuryr.cz\/n\/wp-json\/wp\/v2\/media\/72153"}],"wp:attachment":[{"href":"https:\/\/www.infokuryr.cz\/n\/wp-json\/wp\/v2\/media?parent=72152"}],"wp:term":[{"taxonomy":"category","embeddable":true,"href":"https:\/\/www.infokuryr.cz\/n\/wp-json\/wp\/v2\/categories?post=72152"},{"taxonomy":"post_tag","embeddable":true,"href":"https:\/\/www.infokuryr.cz\/n\/wp-json\/wp\/v2\/tags?post=72152"}],"curies":[{"name":"wp","href":"https:\/\/api.w.org\/{rel}","templated":true}]}}