{"id":72150,"date":"2025-02-12T05:34:35","date_gmt":"2025-02-12T04:34:35","guid":{"rendered":"https:\/\/www.infokuryr.cz\/n\/?p=72150"},"modified":"2025-02-12T05:34:35","modified_gmt":"2025-02-12T04:34:35","slug":"trump-rusko-se-k-usa-chovalo-velmi-hezky","status":"publish","type":"post","link":"https:\/\/www.infokuryr.cz\/n\/2025\/02\/12\/trump-rusko-se-k-usa-chovalo-velmi-hezky\/","title":{"rendered":"Trump: Rusko se k USA chovalo \u201evelmi hezky\u201c"},"content":{"rendered":"<div id=\"fb-root\"><\/div>\n<p><span style=\"font-size: 18pt;\"><strong>Americk\u00fd prezident douf\u00e1, \u017ee propu\u0161t\u011bn\u00ed americk\u00e9ho ob\u010dana bude znamenat \u201eza\u010d\u00e1tek vztahu\u201c k ukon\u010den\u00ed ukrajinsk\u00e9ho konfliktu<\/strong><\/span><\/p>\n<p data-start=\"354\" data-end=\"555\"><span>Prezident Donald Trump \u0159ekl, \u017ee Moskva souhlasila s propu\u0161t\u011bn\u00edm Marca Fogela, b\u00fdval\u00e9ho zam\u011bstnance americk\u00e9 ambas\u00e1dy odsouzen\u00e9ho ke 14 let\u016fm v\u011bzen\u00ed za obchodov\u00e1n\u00ed s drogami, ani\u017e by na opl\u00e1tku po\u017eadovala\u00a0<\/span><em><span>\u201emnoho\u201c<\/span><\/em><span>\u00a0.<\/span><\/p>\n<p data-start=\"354\" data-end=\"555\"><span>Kreml v\u00fdvoj zat\u00edm nekomentoval, ale B\u00edl\u00fd d\u016fm tento krok ocenil jako\u00a0<\/span><em><span>\u201eprojev dobr\u00e9 v\u00edry\u201c<\/span><\/em><span>\u00a0pot\u00e9, co zvl\u00e1\u0161tn\u00ed vyslanec USA pro Bl\u00edzk\u00fd v\u00fdchod Steve Witkoff v \u00fater\u00fd p\u0159ivezl Fogela zp\u011bt do Spojen\u00fdch st\u00e1t\u016f.<\/span><\/p>\n<p data-start=\"785\" data-end=\"998\"><em><span>\u201eVe skute\u010dnosti s n\u00e1mi Rusko jednalo velmi p\u011bkn\u011b. Douf\u00e1m, \u017ee to je za\u010d\u00e1tek vztahu, kde m\u016f\u017eeme ukon\u010dit, \u017ee v\u00e1lka a miliony lid\u00ed mohou p\u0159estat b\u00fdt zab\u00edjeny,\u201c<\/span><\/em><span>\u00a0\u0159ekl Trump novin\u00e1\u0159\u016fm v B\u00edl\u00e9m dom\u011b.<\/span><\/p>\n<p data-start=\"1000\" data-end=\"1142\"><span>Na ot\u00e1zku, zda Washington dal Moskv\u011b\u00a0<\/span><em><span>\u201en\u011bco na opl\u00e1tku\u201c,<\/span><\/em><span>\u00a0se Trump kr\u00e1tce odml\u010del, ne\u017e odpov\u011bd\u011bl:\u00a0<\/span><em><span>\u201eNic moc. Ne, byli velmi mil\u00ed.&#8220;<\/span><\/em><\/p>\n<p data-start=\"1144\" data-end=\"1352\"><span>Pozd\u011bji b\u011bhem dne Trump osobn\u011b pozdravil Fogela v B\u00edl\u00e9m dom\u011b, ale znovu odm\u00edtl poskytnout podrobnosti o dohod\u011b, i kdy\u017e nazna\u010dil, \u017ee\u00a0<\/span><em><span>\u201ez\u00edtra bude propu\u0161t\u011bn n\u011bkdo jin\u00fd, o kom budete v\u011bd\u011bt\u201c.<\/span><\/em><\/p>\n<p data-start=\"1354\" data-end=\"1557\"><em><span>&#8222;Dohoda byla velmi rozumn\u00e1. Ne jako nab\u00eddky, kter\u00e9 jste vid\u011bli v pr\u016fb\u011bhu let. Byli velmi spravedliv\u00ed,\u201c<\/span><\/em><span>\u00a0prohl\u00e1sil Trump a zopakoval svou nad\u011bji, \u017ee tento krok pom\u016f\u017ee p\u0159ipravit cestu k ukon\u010den\u00ed ukrajinsk\u00e9ho konfliktu.<\/span><\/p>\n<div class=\"rtcode\">\n<div class=\"twitter-tweet twitter-tweet-rendered\"><iframe id=\"twitter-widget-0\" class=\"\" title=\"P\u0159\u00edsp\u011bvek X\" src=\"https:\/\/platform.twitter.com\/embed\/Tweet.html?creatorScreenName=RT_com&amp;dnt=false&amp;embedId=twitter-widget-0&amp;features=eyJ0ZndfdGltZWxpbmVfbGlzdCI6eyJidWNrZXQiOltdLCJ2ZXJzaW9uIjpudWxsfSwidGZ3X2ZvbGxvd2VyX2NvdW50X3N1bnNldCI6eyJidWNrZXQiOnRydWUsInZlcnNpb24iOm51bGx9LCJ0ZndfdHdlZXRfZWRpdF9iYWNrZW5kIjp7ImJ1Y2tldCI6Im9uIiwidmVyc2lvbiI6bnVsbH0sInRmd19yZWZzcmNfc2Vzc2lvbiI6eyJidWNrZXQiOiJvbiIsInZlcnNpb24iOm51bGx9LCJ0ZndfZm9zbnJfc29mdF9pbnRlcnZlbnRpb25zX2VuYWJsZWQiOnsiYnVja2V0Ijoib24iLCJ2ZXJzaW9uIjpudWxsfSwidGZ3X21peGVkX21lZGlhXzE1ODk3Ijp7ImJ1Y2tldCI6InRyZWF0bWVudCIsInZlcnNpb24iOm51bGx9LCJ0ZndfZXhwZXJpbWVudHNfY29va2llX2V4cGlyYXRpb24iOnsiYnVja2V0IjoxMjA5NjAwLCJ2ZXJzaW9uIjpudWxsfSwidGZ3X3Nob3dfYmlyZHdhdGNoX3Bpdm90c19lbmFibGVkIjp7ImJ1Y2tldCI6Im9uIiwidmVyc2lvbiI6bnVsbH0sInRmd19kdXBsaWNhdGVfc2NyaWJlc190b19zZXR0aW5ncyI6eyJidWNrZXQiOiJvbiIsInZlcnNpb24iOm51bGx9LCJ0ZndfdXNlX3Byb2ZpbGVfaW1hZ2Vfc2hhcGVfZW5hYmxlZCI6eyJidWNrZXQiOiJvbiIsInZlcnNpb24iOm51bGx9LCJ0ZndfdmlkZW9faGxzX2R5bmFtaWNfbWFuaWZlc3RzXzE1MDgyIjp7ImJ1Y2tldCI6InRydWVfYml0cmF0ZSIsInZlcnNpb24iOm51bGx9LCJ0ZndfbGVnYWN5X3RpbWVsaW5lX3N1bnNldCI6eyJidWNrZXQiOnRydWUsInZlcnNpb24iOm51bGx9LCJ0ZndfdHdlZXRfZWRpdF9mcm9udGVuZCI6eyJidWNrZXQiOiJvbiIsInZlcnNpb24iOm51bGx9fQ%3D%3D&amp;frame=false&amp;hideCard=false&amp;hideThread=false&amp;id=1889517222948635118&amp;lang=cs&amp;maxWidth=560px&amp;origin=https%3A%2F%2Fswentr.site%2Frussia%2F612542-russia-fogel-treated-nicely-trump%2F&amp;sessionId=416e6bbe622a0370cbc034bc1a4c6bf0e3be9379&amp;siteScreenName=RT_com&amp;theme=light&amp;widgetsVersion=2615f7e52b7e0%3A1702314776716&amp;width=550px\" frameborder=\"0\" scrolling=\"no\" allowfullscreen=\"allowfullscreen\" data-tweet-id=\"1889517222948635118\" data-mce-fragment=\"1\"><\/iframe><\/div>\n<\/div>\n<p data-start=\"1354\" data-end=\"1557\"><span>Na ot\u00e1zku, zda osobn\u011b diskutoval o Fogelov\u011b propu\u0161t\u011bn\u00ed s rusk\u00fdm prezidentem Vladimirem Putinem, Trump odpov\u011bd\u011bl:\u00a0<\/span><em><span>\u201eTo nechci \u0159\u00edkat. Chci jen \u0159\u00edct, \u017ee si velmi v\u00e1\u017e\u00edm toho, co ud\u011blali, kdy\u017e nechali Marca j\u00edt dom\u016f\u2026 Oce\u0148ujeme to, co ud\u011blal prezident Putin.\u201c<\/span><\/em><\/p>\n<p data-start=\"1354\" data-end=\"1557\"><img decoding=\"async\" loading=\"lazy\" class=\"aligncenter\" src=\"https:\/\/mf.b37mrtl.ru\/files\/2025.02\/xxs\/67ab9a7d85f540654959c9d2.jpg\" alt=\"Rusko osvobozuje v\u011bzn\u011bn\u00e9ho americk\u00e9ho ob\u010dana \u2013 B\u00edl\u00fd d\u016fm\" width=\"589\" height=\"330\" \/><\/p>\n<p style=\"text-align: center;\" data-start=\"1354\" data-end=\"1557\"><em>Obr\u00e1zek: propu\u0161t\u011bn\u00fd americk\u00fd v\u011bze\u0148 Fogel<\/em><\/p>\n<p data-start=\"1559\" data-end=\"1837\"><span>Fogel tak\u00e9 vyj\u00e1d\u0159il vd\u011b\u010dnost a ozna\u010dil prezidenta Putina za\u00a0<\/span><em><span>\u201evelmi velkorys\u00e9ho\u201c<\/span><\/em><span>\u00a0a\u00a0<\/span><em><span>\u201est\u00e1tnick\u00e9ho\u201c,<\/span><\/em><span>\u00a0kdy\u017e mu umo\u017enil vr\u00e1tit se dom\u016f pot\u00e9, co str\u00e1vil v\u00edce ne\u017e t\u0159i roky ve v\u011bzen\u00ed za obvin\u011bn\u00ed z obchodov\u00e1n\u00ed s drogami.<\/span><\/p>\n<p data-start=\"2042\" data-end=\"2561\"><span>Fogel, u\u010ditel na anglo-americk\u00e9 \u0161kole v Moskv\u011b, d\u0159\u00edve p\u016fsobil na americk\u00e9 ambas\u00e1d\u011b v Rusku. O diplomatickou imunitu p\u0159i\u0161el v kv\u011btnu 2021. V srpnu t\u00e9ho\u017e roku byl zadr\u017een na leti\u0161ti \u0160eremet\u011bvo v Moskv\u011b pot\u00e9, co u n\u011bj \u00fa\u0159ady nalezly marihuanu a ha\u0161i\u0161ov\u00fd olej. Pozd\u011bji byl odsouzen ke 14 let\u016fm v\u011bzen\u00ed pot\u00e9, co ho ru\u0161t\u00ed p\u0159edstavitel\u00e9 obvinili z pokusu o vytvo\u0159en\u00ed trasy pro obchodov\u00e1n\u00ed s drogami, p\u0159i\u010dem\u017e tvrdil, \u017ee zak\u00e1zan\u00e9 l\u00e1tky byly pe\u010dliv\u011b ukryty v jeho osobn\u00edch v\u011bcech.<\/span><\/p>\n<p data-start=\"2042\" data-end=\"2561\"><img decoding=\"async\" loading=\"lazy\" class=\"alignnone size-full wp-image-1185\" src=\"http:\/\/www.infokuryr.cz\/n\/wp-content\/uploads\/2021\/04\/kuryr-podpis.png\" alt=\"\" width=\"84\" height=\"24\" \/><\/p>\n<p data-start=\"2042\" data-end=\"2561\">\n","protected":false},"excerpt":{"rendered":"<p>Americk\u00fd prezident douf\u00e1, \u017ee propu\u0161t\u011bn\u00ed americk\u00e9ho ob\u010dana bude znamenat \u201eza\u010d\u00e1tek vztahu\u201c k ukon\u010den\u00ed ukrajinsk\u00e9ho konfliktu&#8230;<\/p>\n","protected":false},"author":2,"featured_media":72151,"comment_status":"closed","ping_status":"closed","sticky":false,"template":"","format":"standard","meta":[],"categories":[7],"tags":[22,452,3201],"_links":{"self":[{"href":"https:\/\/www.infokuryr.cz\/n\/wp-json\/wp\/v2\/posts\/72150"}],"collection":[{"href":"https:\/\/www.infokuryr.cz\/n\/wp-json\/wp\/v2\/posts"}],"about":[{"href":"https:\/\/www.infokuryr.cz\/n\/wp-json\/wp\/v2\/types\/post"}],"author":[{"embeddable":true,"href":"https:\/\/www.infokuryr.cz\/n\/wp-json\/wp\/v2\/users\/2"}],"replies":[{"embeddable":true,"href":"https:\/\/www.infokuryr.cz\/n\/wp-json\/wp\/v2\/comments?post=72150"}],"version-history":[{"count":0,"href":"https:\/\/www.infokuryr.cz\/n\/wp-json\/wp\/v2\/posts\/72150\/revisions"}],"wp:featuredmedia":[{"embeddable":true,"href":"https:\/\/www.infokuryr.cz\/n\/wp-json\/wp\/v2\/media\/72151"}],"wp:attachment":[{"href":"https:\/\/www.infokuryr.cz\/n\/wp-json\/wp\/v2\/media?parent=72150"}],"wp:term":[{"taxonomy":"category","embeddable":true,"href":"https:\/\/www.infokuryr.cz\/n\/wp-json\/wp\/v2\/categories?post=72150"},{"taxonomy":"post_tag","embeddable":true,"href":"https:\/\/www.infokuryr.cz\/n\/wp-json\/wp\/v2\/tags?post=72150"}],"curies":[{"name":"wp","href":"https:\/\/api.w.org\/{rel}","templated":true}]}}