{"id":72148,"date":"2025-02-12T05:30:14","date_gmt":"2025-02-12T04:30:14","guid":{"rendered":"https:\/\/www.infokuryr.cz\/n\/?p=72148"},"modified":"2025-02-12T05:30:14","modified_gmt":"2025-02-12T04:30:14","slug":"izrael-hrozi-porusenim-primeri-v-gaze","status":"publish","type":"post","link":"https:\/\/www.infokuryr.cz\/n\/2025\/02\/12\/izrael-hrozi-porusenim-primeri-v-gaze\/","title":{"rendered":"Izrael hroz\u00ed poru\u0161en\u00edm p\u0159\u00edm\u011b\u0159\u00ed v Gaze"},"content":{"rendered":"<div id=\"fb-root\"><\/div>\n<p><span style=\"font-size: 18pt;\"><strong>Premi\u00e9r Benjamin Netanjahu slibuje, \u017ee obnov\u00ed v\u00e1lku v pln\u00e9m rozsahu, pokud nebudou v sobotu do 10:00 GMT propu\u0161t\u011bni izrael\u0161t\u00ed rukojm\u00ed<\/strong><\/span><\/p>\n<p data-start=\"134\" data-end=\"188\"><span>Premi\u00e9r Benjamin Netanjahu vydal Ham\u00e1su ultim\u00e1tum, v n\u011bm\u017e po\u017eaduje propu\u0161t\u011bn\u00ed izraelsk\u00fdch rukojm\u00edch do sobotn\u00edho poledne. Varoval, \u017ee nedodr\u017een\u00ed povede k tomu, \u017ee Izrael ukon\u010d\u00ed sou\u010dasn\u00e9 p\u0159\u00edm\u011b\u0159\u00ed a obnov\u00ed\u00a0<\/span><em><span>\u201eintenzivn\u00ed\u201c<\/span><\/em><span>\u00a0vojensk\u00e9 operace v p\u00e1smu Gazy.<\/span><\/p>\n<p data-start=\"134\" data-end=\"188\"><span>B\u011bhem posledn\u00edch t\u0159\u00ed t\u00fddn\u016f Ham\u00e1s propustil 21 zajatc\u016f v s\u00e9rii v\u00fdm\u011bn za stovky palestinsk\u00fdch v\u011bz\u0148\u016f dr\u017een\u00fdch v izraelsk\u00fdch v\u011bznic\u00edch. V pond\u011bl\u00ed v\u0161ak skupina pohrozila zastaven\u00edm dal\u0161\u00edch v\u00fdm\u011bn a obvinila Izrael z poru\u0161en\u00ed podm\u00ednek dohody t\u00edm, \u017ee br\u00e1n\u00ed vys\u00eddlen\u00fdm Palestinc\u016fm v n\u00e1vratu do severn\u00ed Gazy, omezuje dod\u00e1vky humanit\u00e1rn\u00ed pomoci a zdr\u017euje jedn\u00e1n\u00ed o druh\u00e9 f\u00e1zi p\u0159\u00edm\u011b\u0159\u00ed.<\/span><\/p>\n<p data-start=\"1046\" data-end=\"1259\"><span>Netanjahuovo prohl\u00e1\u0161en\u00ed n\u00e1sleduje po \u010dty\u0159hodinov\u00e9m zased\u00e1n\u00ed bezpe\u010dnostn\u00edho kabinetu v \u00fater\u00fd, b\u011bhem kter\u00e9ho se on a jeho minist\u0159i jednomysln\u011b rozhodli obnovit v\u00e1lku v Gaze v pln\u00e9m rozsahu, pokud Ham\u00e1s nedodr\u017e\u00ed term\u00edn.<\/span><\/p>\n<p data-start=\"1261\" data-end=\"1634\"><em><span>&#8222;Ve sv\u011btle ozn\u00e1men\u00ed Ham\u00e1su o jeho rozhodnut\u00ed poru\u0161it dohodu a nepropustit na\u0161e rukojm\u00ed jsem minulou noc na\u0159\u00eddil IDF, aby shrom\u00e1\u017edila s\u00edly uvnit\u0159 a v okol\u00ed p\u00e1sma Gazy,&#8220;\u00a0<\/span><\/em><a href=\"https:\/\/www.gov.il\/en\/pages\/spoke-cabinet110225\" target=\"_blank\" rel=\"noopener noreferrer\"><span>\u0159ekl<\/span><\/a><span>\u00a0Netanjahu\u00a0.<\/span><\/p>\n<p data-start=\"1261\" data-end=\"1634\"><strong><em><span>Pokud Hamas nevr\u00e1t\u00ed na\u0161e rukojm\u00ed do sobotn\u00edho poledne, p\u0159\u00edm\u011b\u0159\u00ed skon\u010d\u00ed a IDF obnov\u00ed intenzivn\u00ed boje a\u017e do kone\u010dn\u00e9 por\u00e1\u017eky Hamasu.<\/span><\/em><\/strong><\/p>\n<p data-start=\"1636\" data-end=\"1788\"><span>Netanjahu neup\u0159esnil, zda o\u010dek\u00e1val osvobozen\u00ed v\u0161ech rukojm\u00edch, nebo jen t\u0159\u00ed, kte\u0159\u00ed ji\u017e byli napl\u00e1nov\u00e1ni na dal\u0161\u00ed v\u00fdm\u011bnu v sobotu.<\/span><\/p>\n<p data-start=\"1790\" data-end=\"2010\"><span>V ultim\u00e1tu se opakoval podobn\u00fd po\u017eadavek, kter\u00fd v pond\u011bl\u00ed vyslovil prezident Donald Trump. Americk\u00fd v\u016fdce varoval, \u017ee pokud nebudou do soboty propu\u0161t\u011bni v\u0161ichni rukojm\u00ed,\u00a0<\/span><em><span>\u201ev\u0161echny s\u00e1zky jsou uzav\u0159eny\u201c<\/span><\/em><span>\u00a0a\u00a0<\/span><em><span>\u201ev Gaze vypukne peklo\u201c<\/span><\/em><span>\u00a0.<\/span><\/p>\n<p data-start=\"2012\" data-end=\"2369\"><span>B\u011bhem setk\u00e1n\u00ed s Netanjahuem minul\u00fd t\u00fdden Trump p\u0159edstavil my\u0161lenku, \u017ee by USA p\u0159evzaly kontrolu nad palestinskou enkl\u00e1vou, aby ji p\u0159em\u011bnily na\u00a0<\/span><em><span>\u201eRivi\u00e9ru St\u0159edn\u00edho v\u00fdchodu\u201c.<\/span><\/em><span>\u00a0V r\u00e1mci pl\u00e1nu navrhl p\u0159em\u00edst\u011bn\u00ed Palestinc\u016f z Gazy \u2013 po 15 m\u011bs\u00edc\u00edch v\u00e1lky mezi Izraelem a Ham\u00e1sem v trosk\u00e1ch \u2013 do sousedn\u00edch zem\u00ed, jako je Jord\u00e1nsko a Egypt.<\/span><\/p>\n<p data-start=\"2371\" data-end=\"2702\"><span>Po \u00fatern\u00ed sch\u016fzce s Trumpem jord\u00e1nsk\u00fd kr\u00e1l Abdall\u00e1h II zopakoval sv\u016fj pevn\u00fd odpor v\u016f\u010di jak\u00e9mukoli nucen\u00e9mu vys\u00eddlen\u00ed Palestinc\u016f a ozna\u010dil to za\u00a0<\/span><em><span>\u201esjednocenou arabskou pozici\u201c.<\/span><\/em><span>\u00a0Prohl\u00e1sil, \u017ee\u00a0<\/span><em><span>\u201eobnova Gazy bez vys\u00eddlen\u00ed Palestinc\u016f a \u0159e\u0161en\u00ed zoufal\u00e9 humanit\u00e1rn\u00ed situace by m\u011blo b\u00fdt prioritou pro v\u0161echny\u201c.<\/span><\/em><\/p>\n<p data-start=\"2704\" data-end=\"2887\"><span>Izrael zah\u00e1jil svou vojenskou operaci v Gaze po p\u0159eshrani\u010dn\u00edm n\u00e1letu Hamasu v \u0159\u00edjnu 2023 zabil asi 1200 lid\u00ed a 250 dal\u0161\u00edch bylo zajato jako rukojm\u00ed. P\u0159i odvetn\u00fdch izraelsk\u00fdch \u00fatoc\u00edch bylo zabito kolem 47 500 Palestinc\u016f a p\u0159es 111 500 zran\u011bno, podle ministerstva zdravotnictv\u00ed enkl\u00e1vy. \u00dadaje OSN nazna\u010duj\u00ed, \u017ee 90 % obyvatel Gazy bylo v d\u016fsledku boj\u016f vnit\u0159n\u011b vys\u00eddleno.<\/span><\/p>\n<p data-start=\"2704\" data-end=\"2887\"><span>N\u00e1siln\u00e9 p\u0159es\u00eddlen\u00ed Palestinc\u016f by znamenalo\u00a0<\/span><em><span>\u201eetnick\u00e9 \u010distky\u201c<\/span><\/em><span>\u00a0a\u00a0<\/span><em><span>\u201ezlo\u010din proti lidskosti\u201c,<\/span><\/em><span> \u0159ekl Bassem Naim, \u0161\u00e9f politick\u00e9 pobo\u010dky Hamasu, v rozhovoru v p\u00e1tek pro m\u00e9dia.<\/span><\/p>\n<p data-start=\"2704\" data-end=\"2887\"><img decoding=\"async\" loading=\"lazy\" class=\"alignnone size-full wp-image-1185\" src=\"http:\/\/www.infokuryr.cz\/n\/wp-content\/uploads\/2021\/04\/kuryr-podpis.png\" alt=\"\" width=\"84\" height=\"24\" \/><\/p>\n<p data-start=\"2704\" data-end=\"2887\">\n","protected":false},"excerpt":{"rendered":"<p>Premi\u00e9r Benjamin Netanjahu slibuje, \u017ee obnov\u00ed v\u00e1lku v pln\u00e9m rozsahu, pokud nebudou v sobotu do&#8230;<\/p>\n","protected":false},"author":2,"featured_media":72149,"comment_status":"closed","ping_status":"closed","sticky":false,"template":"","format":"standard","meta":[],"categories":[7],"tags":[4537,348,178,107,4199],"_links":{"self":[{"href":"https:\/\/www.infokuryr.cz\/n\/wp-json\/wp\/v2\/posts\/72148"}],"collection":[{"href":"https:\/\/www.infokuryr.cz\/n\/wp-json\/wp\/v2\/posts"}],"about":[{"href":"https:\/\/www.infokuryr.cz\/n\/wp-json\/wp\/v2\/types\/post"}],"author":[{"embeddable":true,"href":"https:\/\/www.infokuryr.cz\/n\/wp-json\/wp\/v2\/users\/2"}],"replies":[{"embeddable":true,"href":"https:\/\/www.infokuryr.cz\/n\/wp-json\/wp\/v2\/comments?post=72148"}],"version-history":[{"count":0,"href":"https:\/\/www.infokuryr.cz\/n\/wp-json\/wp\/v2\/posts\/72148\/revisions"}],"wp:featuredmedia":[{"embeddable":true,"href":"https:\/\/www.infokuryr.cz\/n\/wp-json\/wp\/v2\/media\/72149"}],"wp:attachment":[{"href":"https:\/\/www.infokuryr.cz\/n\/wp-json\/wp\/v2\/media?parent=72148"}],"wp:term":[{"taxonomy":"category","embeddable":true,"href":"https:\/\/www.infokuryr.cz\/n\/wp-json\/wp\/v2\/categories?post=72148"},{"taxonomy":"post_tag","embeddable":true,"href":"https:\/\/www.infokuryr.cz\/n\/wp-json\/wp\/v2\/tags?post=72148"}],"curies":[{"name":"wp","href":"https:\/\/api.w.org\/{rel}","templated":true}]}}