{"id":7213,"date":"2021-12-31T01:50:28","date_gmt":"2021-12-31T00:50:28","guid":{"rendered":"http:\/\/www.infokuryr.cz\/n\/?p=7213"},"modified":"2021-12-31T01:50:28","modified_gmt":"2021-12-31T00:50:28","slug":"americky-diktator-biden-upozornil-putina-na-rozsahle-sankce-putin-to-oznacil-za-chybu-a-pohrozil-prerusenim-kontaktu","status":"publish","type":"post","link":"https:\/\/www.infokuryr.cz\/n\/2021\/12\/31\/americky-diktator-biden-upozornil-putina-na-rozsahle-sankce-putin-to-oznacil-za-chybu-a-pohrozil-prerusenim-kontaktu\/","title":{"rendered":"Americk\u00fd dikt\u00e1tor Biden upozornil Putina na rozs\u00e1hl\u00e9 sankce, Putin to ozna\u010dil za chybu a pohrozil p\u0159eru\u0161en\u00edm kontakt\u016f"},"content":{"rendered":"<div id=\"fb-root\"><\/div>\n<p><strong>Rusk\u00fd prezident Vladimir Putin dnes, 30. prosince, mluvil se sv\u00fdm americk\u00fdm prot\u011bj\u0161kem Joe Bidenem. Rozhovor za\u010dal, kdy\u017e bylo ve Washingtonu 15:35 a v Moskv\u011b 23:35 (21:35 SE\u010c) a trval 50 minut.<\/strong><\/p>\n<p>Poradce rusk\u00e9ho prezidenta Jurij U\u0161akov uvedl, \u017ee jedn\u00e1n\u00ed mezi Putinem a Bidenem vytv\u00e1\u0159\u00ed dobr\u00e9 pozad\u00ed pro jedn\u00e1n\u00ed v \u017denev\u011b.<\/p>\n<p>Jedn\u00e1n\u00ed mezi RF a USA znamenaj\u00ed, \u017ee ob\u011b strany budou br\u00e1t v \u00favahu sv\u00e9 z\u00e1jmy, nejd\u016fle\u017eit\u011bj\u0161\u00ed jsou ale z\u00e1ruky bezpe\u010dnosti. Podle U\u0161akova by jedn\u00e1n\u00ed mezi USA a Ruskem nem\u011bly p\u0159er\u016fst do pr\u00e1zdn\u00fdch slov. Moskva neo\u010dek\u00e1v\u00e1 jen proces jedn\u00e1n\u00ed, ale v\u00fdsledky.<\/p>\n<p>U\u0161akov uvedl, \u017ee prezident USA je p\u0159ipraven pokra\u010dovat v dialogu s rusk\u00fdm prezidentem Vladimirem Putinem.<\/p>\n<p>\u201eZd\u00e1 se mi, \u017ee ve Washingtonu ch\u00e1pou obavy Ruska, a\u010dkoliv i Washington m\u00e1 sv\u00e9 obavy, ale prezident Biden je p\u0159ipraven pokra\u010dovat v dialogu s prezidentem Putinem, a zejm\u00e9na na tomto se dohodli na\u0161i l\u00edd\u0159i, \u017ee dialog bude pokra\u010dovat. Krom\u011b toho prezidenti, jak jsem u\u017e \u0159ekl, nejen \u017ee budou pokra\u010dovat v dialogu, ale budou podporovat jedn\u00e1n\u00ed, kter\u00e1 budou v\u00e9st na\u0161e odpov\u00eddaj\u00edc\u00ed meziresortn\u00ed skupiny v \u017denev\u011b,\u201c uvedl U\u0161akov pro novin\u00e1\u0159e.<\/p>\n<p>Putin shrnul Bidenovi z\u00e1kladn\u00ed principy, kter\u00e9 obsahovaly d\u0159\u00edv\u011bj\u0161\u00ed dokumenty ohledn\u011b z\u00e1ruk bezpe\u010dnosti.<\/p>\n<p>Biden dal jasn\u011b najevo, \u017ee USA nemaj\u00ed v \u00famyslu nasadit na Ukrajin\u011b \u00fadern\u00e9 \u00fato\u010dn\u00e9 zbran\u011b.<\/p>\n<p>\u201eBiden jasn\u011b prohl\u00e1sil, \u017ee Spojen\u00e9 st\u00e1ty nemaj\u00ed v \u00famyslu nasazovat \u00fato\u010dn\u00e9 \u00fadern\u00e9 zbran\u011b na Ukrajin\u011b,\u201c vysv\u011btlil U\u0161akov.<\/p>\n<p>Putin \u0159ekl Bidenovi, \u017ee Rusko se v ot\u00e1zk\u00e1ch zaji\u0161t\u011bn\u00ed sv\u00e9 bezpe\u010dnosti bude chovat tak, jak by se chovaly Spojen\u00e9 st\u00e1ty.<\/p>\n<p>Biden varoval Putina p\u0159ed sankcemi, Putin odpov\u011bd\u011bl, \u017ee v tomto p\u0159\u00edpad\u011b by mohlo n\u00e1sledovat p\u0159eru\u0161en\u00ed vztah\u016f.<\/p>\n<p>\u201eOn zm\u00ednil takzvan\u00e9 rozs\u00e1hl\u00e9 sankce, o kter\u00fdch mnoz\u00ed mluv\u00ed na Z\u00e1padu. Toto t\u00e9ma bylo projedn\u00e1no b\u011bhem minul\u00e9ho rozhovoru 7. prosince. Na to n\u00e1\u0161 prezident dal jasnou odpov\u011b\u010f, \u017ee to byla velk\u00e1 chyba, kter\u00e1 by p\u0159irozen\u011b mohla zp\u016fsobit \u00fapln\u00e9 p\u0159eru\u0161en\u00ed vztah\u016f,\u201c dodal prezident\u016fv poradce.<\/p>\n<p>Podle U\u0161akova, by \u00fasp\u011bch jedn\u00e1n\u00ed ohledn\u011b z\u00e1ruk bezpe\u010dnosti mohl v\u00e9st k normalizaci bilater\u00e1ln\u00edch vztah\u016f Ruska a USA.<\/p>\n<p>\u201eByla zd\u016frazn\u011bna my\u0161lenka, \u017ee kdy\u017e jedn\u00e1n\u00ed ohledn\u011b bezpe\u010dnostn\u00edch z\u00e1ruk budou \u00fasp\u011b\u0161n\u00e1, bude to p\u0159irozen\u011b v\u00e9st k ur\u010dit\u00e9 normalizaci, a mo\u017en\u00e1 tak\u00e9 k celkov\u00e9mu zlep\u0161en\u00ed bilater\u00e1ln\u00edch vztah\u016f,\u201c uvedl poradce rusk\u00e9ho prezidenta.<\/p>\n<p><strong>Stanovisko USA<\/strong><\/p>\n<p>Americk\u00fd prezident Joe Biden projednal s rusk\u00fdm prezidentem pot\u0159ebu deeskalace na Ukrajin\u011b, a tak\u00e9 reakci USA, pokud dojde ke zhor\u0161en\u00ed situace.<\/p>\n<p>\u201eBiden zopakoval, \u017ee v p\u0159\u00edpad\u011b rusk\u00e9 invaze na Ukrajinu budou d\u016fsledky,\u201c uvedl vysoce postaven\u00fd p\u0159edstavitel americk\u00e9 administrativy b\u011bhem br\u00edfinku po jedn\u00e1n\u00ed prezident\u016f.<\/p>\n<p>Podle administrativy Biden uvedl, \u017ee v takov\u00e9m p\u0159\u00edpad\u011b USA vynalo\u017e\u00ed ve\u0161ker\u00e1 \u00fasil\u00ed k upevn\u011bn\u00ed sil NATO a budou tak\u00e9 poskytovat dodate\u010dnou pomoc Ukrajin\u011b.<\/p>\n<p>Krom\u011b toho jsou USA p\u0159ipraveny d\u00e1le pozorn\u011b sledovat pohyb a koncentraci rusk\u00fdch vojsk pobl\u00ed\u017e Ukrajiny.<\/p>\n<p>\u201eMy hodl\u00e1me velmi pozorn\u011b monitorovat pohyb a hromad\u011bn\u00ed rusk\u00fdch sil na hranic\u00edch s Ukrajinou a p\u0159ipravovat se k jak\u00e9mukoliv \u0159e\u0161en\u00ed, kter\u00e9 nakonec rusk\u00fd prezident p\u0159ijme,\u201c uvedli b\u011bhem br\u00edfinku v B\u00edl\u00e9m dom\u011b.<\/p>\n<p>V B\u00edl\u00e9m dom\u011b p\u0159izn\u00e1vaj\u00ed, \u017ee se Biden n\u011bkolik posledn\u00edch dn\u00ed pe\u010dliv\u011b p\u0159ipravoval k rozhovoru s Putinem.<\/p>\n<p>Dal\u0161\u00ed jedn\u00e1n\u00ed by m\u011bla pokra\u010dovat na za\u010d\u00e1tku nov\u00e9ho roku.<\/p>\n<p>Zmi\u0148me, \u017ee o rozhovoru v\u010dera informoval B\u00edl\u00fd d\u016fm, informace n\u00e1sledn\u011b potvrdil tak\u00e9 mluv\u010d\u00ed rusk\u00e9ho prezidenta Dmitrij Peskov.<\/p>\n<p>\u201ePrezident Joseph R. mlad\u0161\u00ed provede telefonn\u00ed rozhovor s prezidentem Ruska Vladimirem Putinem ve \u010dtvrtek 30. prosince 2021, z d\u016fvodu projedn\u00e1n\u00ed \u0159ady t\u00e9mat, v\u010detn\u011b nadch\u00e1zej\u00edc\u00edho diplomatick\u00e9ho jedn\u00e1n\u00ed s Ruskem,\u201c st\u00e1lo v prohl\u00e1\u0161en\u00ed\u00a0B\u00edl\u00e9ho domu.<\/p>\n<p>USA uvedly, \u017ee rozhovor byl iniciov\u00e1n ruskou stranou.<\/p>\n<p>Zmi\u0148me, \u017ee jedn\u00e1n\u00ed se Spojen\u00fdmi st\u00e1ty o bezpe\u010dnostn\u00edch z\u00e1ruk\u00e1ch se maj\u00ed konat 10. ledna v \u017denev\u011b. Rusko hodl\u00e1 na\u00a0<strong>jedn\u00e1n\u00edch s USA<\/strong>\u00a0usilovat o poskytnut\u00ed pevn\u00fdch\u00a0z\u00e1ruk bezpe\u010dnosti.<\/p>\n<p>M\u00e9dia tak\u00e9 informovala, \u017ee se 12. ledna maj\u00ed konat konzultace rusk\u00e9 delegace s delegac\u00ed NATO, dal\u0161\u00ed den se m\u00e1 konat sch\u016fzka z\u00e1stupc\u016f Moskvy a OBSE.<\/p>\n<p><a href=\"https:\/\/cz.sputniknews.com\/20211230\/rusko-jednani-putina-a-bidena-je-dobrym-pozadim-pro-jednani-v-zeneve-17044095.html\">ZDROJ<\/a><\/p>\n<p>&nbsp;<\/p>\n","protected":false},"excerpt":{"rendered":"<p>Rusk\u00fd prezident Vladimir Putin dnes, 30. prosince, mluvil se sv\u00fdm americk\u00fdm prot\u011bj\u0161kem Joe Bidenem. Rozhovor&#8230;<\/p>\n","protected":false},"author":2,"featured_media":743,"comment_status":"closed","ping_status":"closed","sticky":false,"template":"","format":"standard","meta":[],"categories":[7],"tags":[72,102,1052],"_links":{"self":[{"href":"https:\/\/www.infokuryr.cz\/n\/wp-json\/wp\/v2\/posts\/7213"}],"collection":[{"href":"https:\/\/www.infokuryr.cz\/n\/wp-json\/wp\/v2\/posts"}],"about":[{"href":"https:\/\/www.infokuryr.cz\/n\/wp-json\/wp\/v2\/types\/post"}],"author":[{"embeddable":true,"href":"https:\/\/www.infokuryr.cz\/n\/wp-json\/wp\/v2\/users\/2"}],"replies":[{"embeddable":true,"href":"https:\/\/www.infokuryr.cz\/n\/wp-json\/wp\/v2\/comments?post=7213"}],"version-history":[{"count":0,"href":"https:\/\/www.infokuryr.cz\/n\/wp-json\/wp\/v2\/posts\/7213\/revisions"}],"wp:featuredmedia":[{"embeddable":true,"href":"https:\/\/www.infokuryr.cz\/n\/wp-json\/wp\/v2\/media\/743"}],"wp:attachment":[{"href":"https:\/\/www.infokuryr.cz\/n\/wp-json\/wp\/v2\/media?parent=7213"}],"wp:term":[{"taxonomy":"category","embeddable":true,"href":"https:\/\/www.infokuryr.cz\/n\/wp-json\/wp\/v2\/categories?post=7213"},{"taxonomy":"post_tag","embeddable":true,"href":"https:\/\/www.infokuryr.cz\/n\/wp-json\/wp\/v2\/tags?post=7213"}],"curies":[{"name":"wp","href":"https:\/\/api.w.org\/{rel}","templated":true}]}}