{"id":7212,"date":"2021-12-31T01:47:23","date_gmt":"2021-12-31T00:47:23","guid":{"rendered":"http:\/\/www.infokuryr.cz\/n\/?p=7212"},"modified":"2021-12-31T01:47:23","modified_gmt":"2021-12-31T00:47:23","slug":"britsky-novinar-odhalil-pravdu-o-vztahu-zapadu-vuci-ukrajine","status":"publish","type":"post","link":"https:\/\/www.infokuryr.cz\/n\/2021\/12\/31\/britsky-novinar-odhalil-pravdu-o-vztahu-zapadu-vuci-ukrajine\/","title":{"rendered":"Britsk\u00fd novin\u00e1\u0159 odhalil pravdu o vztahu Z\u00e1padu v\u016f\u010di Ukrajin\u011b"},"content":{"rendered":"<div id=\"fb-root\"><\/div>\n<p><strong>Z\u00e1padn\u00ed st\u00e1ty pou\u017e\u00edvaly posledn\u00edch 30 let Ukrajinu pro dosa\u017een\u00ed vlastn\u00edch c\u00edl\u016f, napsal ve sv\u00e9m \u010dl\u00e1nku pro \u010dasopis The Week novin\u00e1\u0159 Ryan Cooper.<\/strong><\/p>\n<p>\u201ePo rozpadu SSSR pohl\u00ed\u017eel\u00a0Z\u00e1pad na Ukrajinu bu\u010f s hrozn\u00fdm opovr\u017een\u00edm, anebo jako na imperialistickou hra\u010dku. Pr\u00e1v\u011b z\u00e1padn\u00ed ekonomov\u00e9 a vl\u00e1dy, je\u017e jsou pod siln\u00fdm vlivem neoliber\u00e1ln\u00edho dogmatu, vykonali rozs\u00e1hlou privatizaci ukrajinsk\u00fdch aktiv v prvn\u00edch postsov\u011btsk\u00fdch letech. Zp\u016fsobilo to ekonomickou katastrofu a skute\u010dnou epidemii korupce, ze kter\u00e9 se zem\u011b zat\u00edm neuzdravila,\u201c\u00a0poznamenal autor.<\/p>\n<p>Nap\u0159\u00edklad v roce 2008, kdy\u017e ekonomick\u00e1 krize mocn\u011b zas\u00e1hla Ukrajinu, nab\u00eddla\u00a0EU\u00a0\u201eza tajn\u00e9 podpory USA\u201c Kyjevu mizern\u00fd nedostate\u010dn\u00fd \u00fav\u011br spolu s po\u017eadavkem zav\u00e9st re\u017eim tvrd\u00e9ho \u0161et\u0159en\u00ed, p\u00ed\u0161e novin\u00e1\u0159. Ukrajinsk\u00e9 \u201eorganizace a skupiny\u201c podporovan\u00e9 Z\u00e1padem zah\u00e1jily p\u0159itom v roce 2014 revoluci, v jej\u00edm\u017e pr\u016fb\u011bhu byl sesazen prezident Viktor Janukovy\u010d a podeps\u00e1na\u00a0<strong>dohoda s EU.<\/strong><\/p>\n<p>Z\u00e1padn\u00ed mocnosti nejednou pou\u017eily podle Coopera Ukrajinu, aby zasadily r\u00e1nu Rusku, av\u0161ak neposkytuj\u00ed j\u00ed zdroje pot\u0159ebn\u00e9 na uzav\u0159en\u00ed v\u00fdhodn\u00e9ho svazku.<\/p>\n<p>\u201eTato pov\u00fd\u0161enost spolu s nekompetentnost\u00ed je p\u0159\u00edzna\u010dn\u00e1 pro vztah NATO k Rusku a Ukrajin\u011b. Vyhl\u00e1\u0161en\u00fdm c\u00edlem zalo\u017een\u00ed Aliance byl odpor Sov\u011btsk\u00e9mu svazu a zdr\u017eov\u00e1n\u00ed \u0161\u00ed\u0159en\u00ed sv\u011btov\u00e9ho komunismu. Ani prvn\u00ed, ani druh\u00e9 neexistuje ji\u017e 30 let, av\u0161ak NATO pokra\u010dovalo v tup\u00e9m \u0161\u00ed\u0159en\u00ed po cel\u00e1 devades\u00e1t\u00e1 l\u00e9ta a za\u010d\u00e1tek 21. stolet\u00ed. Zd\u00e1lo se, \u017ee nikoho nenapadlo, \u017ee u Ruska m\u016f\u017ee vzniknout dojem, \u017ee NATO je i nad\u00e1le protirusk\u00e1 aliance. A \u017ee Moskva m\u016f\u017ee proto m\u00edt pochopiteln\u00e9 d\u016fvody pro znepokojen\u00ed ohledn\u011b vojensk\u00e9 p\u0159\u00edtomnosti Z\u00e1padu na Ukrajin\u011b,\u201c p\u00ed\u0161e novin\u00e1\u0159.<\/p>\n<p>Cooper poukazuje na to, \u017ee je zcela jasn\u00e9, \u017ee USA a z\u00e1padn\u00ed Evropa necht\u011bj\u00ed pos\u00edlat sv\u00e9 voj\u00e1ky br\u00e1nit Ukrajinu, proto\u017ee konflikt v t\u00e9to zemi je pro n\u011b \u201ebezv\u00fdznamn\u00fdm probl\u00e9mem\u201c na pozad\u00ed \u201er\u016fstu s\u00edly a vlivu \u010c\u00edny\u201c, pandemie, zm\u011bn klimatu a dal\u0161\u00edch v\u011bc\u00ed.<\/p>\n<p>\u201eAv\u0161ak m\u00edsto toho, aby p\u0159\u00edmo a poctiv\u011b p\u0159iznaly tento fakt, odm\u00edtaj\u00ed st\u00e1le z\u00e1padn\u00ed mocnosti, a zvl\u00e1\u0161\u0165 USA, omezit sv\u00e9 ztr\u00e1ty, p\u0159estat s dr\u00e1\u017ed\u011bn\u00edm Putina, a usilovat o jak\u00e9si uvoln\u011bn\u00ed. N\u00e1sledky toho ponese Ukrajina,\u201c napsal na z\u00e1v\u011br novin\u00e1\u0159.<\/p>\n<p>Rusko odm\u00edt\u00e1 pl\u00e1ny vp\u00e1du na Ukrajinu, kter\u00e9 mu p\u0159ipisuje Z\u00e1pad, ale ozna\u010duje za p\u0159ekro\u010den\u00ed \u201e\u010derven\u00e9 \u010d\u00e1ry\u201c eventu\u00e1ln\u00ed integraci sousedn\u00ed zem\u011b do NATO.<\/p>\n<p>Rusko navrhuje USA a jejich spojenc\u016fm projedn\u00e1n\u00ed dodate\u010dn\u00fdch z\u00e1ruk vz\u00e1jemn\u00e9 bezpe\u010dnosti. Jedn\u00e1n\u00ed na toto t\u00e9ma se maj\u00ed konat v prvn\u00ed polovin\u011b ledna ve form\u00e1tu rusko-americk\u00e9ho dialogu o strategick\u00e9 stabilit\u011b v Rad\u011b Rusko-NATO a OBSE.<\/p>\n<p><a href=\"https:\/\/cz.sputniknews.com\/20211230\/britsky-novinar-odhalil-pravdu-o-vztahu-zapadu-vuci-ukrajine-17033570.html\">ZDROJ<\/a><\/p>\n<p>&nbsp;<\/p>\n","protected":false},"excerpt":{"rendered":"<p>Z\u00e1padn\u00ed st\u00e1ty pou\u017e\u00edvaly posledn\u00edch 30 let Ukrajinu pro dosa\u017een\u00ed vlastn\u00edch c\u00edl\u016f, napsal ve sv\u00e9m \u010dl\u00e1nku&#8230;<\/p>\n","protected":false},"author":2,"featured_media":6857,"comment_status":"closed","ping_status":"closed","sticky":false,"template":"","format":"standard","meta":[],"categories":[7],"tags":[41,39,26,37,365],"_links":{"self":[{"href":"https:\/\/www.infokuryr.cz\/n\/wp-json\/wp\/v2\/posts\/7212"}],"collection":[{"href":"https:\/\/www.infokuryr.cz\/n\/wp-json\/wp\/v2\/posts"}],"about":[{"href":"https:\/\/www.infokuryr.cz\/n\/wp-json\/wp\/v2\/types\/post"}],"author":[{"embeddable":true,"href":"https:\/\/www.infokuryr.cz\/n\/wp-json\/wp\/v2\/users\/2"}],"replies":[{"embeddable":true,"href":"https:\/\/www.infokuryr.cz\/n\/wp-json\/wp\/v2\/comments?post=7212"}],"version-history":[{"count":0,"href":"https:\/\/www.infokuryr.cz\/n\/wp-json\/wp\/v2\/posts\/7212\/revisions"}],"wp:featuredmedia":[{"embeddable":true,"href":"https:\/\/www.infokuryr.cz\/n\/wp-json\/wp\/v2\/media\/6857"}],"wp:attachment":[{"href":"https:\/\/www.infokuryr.cz\/n\/wp-json\/wp\/v2\/media?parent=7212"}],"wp:term":[{"taxonomy":"category","embeddable":true,"href":"https:\/\/www.infokuryr.cz\/n\/wp-json\/wp\/v2\/categories?post=7212"},{"taxonomy":"post_tag","embeddable":true,"href":"https:\/\/www.infokuryr.cz\/n\/wp-json\/wp\/v2\/tags?post=7212"}],"curies":[{"name":"wp","href":"https:\/\/api.w.org\/{rel}","templated":true}]}}