{"id":7211,"date":"2021-12-31T01:44:40","date_gmt":"2021-12-31T00:44:40","guid":{"rendered":"http:\/\/www.infokuryr.cz\/n\/?p=7211"},"modified":"2021-12-31T01:44:40","modified_gmt":"2021-12-31T00:44:40","slug":"s-platem-vyssim-nez-ma-kancler-sebastian-kurz-bude-pracovat-ve-spolecnosti-trumpova-stoupence","status":"publish","type":"post","link":"https:\/\/www.infokuryr.cz\/n\/2021\/12\/31\/s-platem-vyssim-nez-ma-kancler-sebastian-kurz-bude-pracovat-ve-spolecnosti-trumpova-stoupence\/","title":{"rendered":"S platem vy\u0161\u0161\u00edm, ne\u017e m\u00e1 kancl\u00e9\u0159. Sebastian Kurz bude pracovat ve spole\u010dnosti Trumpova stoupence"},"content":{"rendered":"<div id=\"fb-root\"><\/div>\n<p><strong>B\u00fdval\u00fd rakousk\u00fd kancl\u00e9\u0159 Sebastian Kurz potvrdil v rozhovoru pro rakouskou televizi OE24, \u017ee v USA bude pracovat ve spole\u010dnosti stoupence Donalda Trumpa, miliard\u00e1\u0159e a investora Petera Thiela.<\/strong><\/p>\n<p>Kurz\u00a0m\u00e1 zah\u00e1jit novou pr\u00e1ci v USA ve spole\u010dnosti Thiel Capital v \u00fanoru jako \u201eglob\u00e1ln\u00ed strat\u00e9g.\u201c \u0160\u00e9f spole\u010dnosti Peter Thiel je miliard\u00e1\u0159, zn\u00e1m\u00fd\u00a0investor, republik\u00e1n a star\u00fd stoupenec\u00a0exprezidenta USA Donald Trumpa.<\/p>\n<p>Televize informovala, \u017ee se Kurz a Thiel sezn\u00e1mili v roce 2017 na Mnichovsk\u00e9 konferenci pro bezpe\u010dnost.<\/p>\n<p>Kurz\u016fv\u00a0<strong>plat\u00a0<\/strong>v americk\u00e9 spole\u010dnosti bude zna\u010dn\u011b vy\u0161\u0161\u00ed, ne\u017e m\u011bl na postu rakousk\u00e9ho kancl\u00e9\u0159e. Podle odhad\u016f insider\u016f m\u016f\u017ee jeho budouc\u00ed ro\u010dn\u00ed p\u0159\u00edjem p\u0159ekro\u010dit 500 tis\u00edc eur, co\u017e je o t\u00e9m\u011b\u0159 200 tis\u00edc v\u00edc ne\u017e jeho plat ve funkci hlavy rakousk\u00e9 vl\u00e1dy.<\/p>\n<p>V\u011bt\u0161inu \u010dasu hodl\u00e1 \u017e\u00edt s rodinou v USA.<\/p>\n<p><strong>Rezignace Kurze<\/strong><\/p>\n<p>Rakousk\u00fd kancl\u00e9\u0159\u00a0Sebastian Kurz\u00a09. \u0159\u00edjna uvedl, \u017ee rezignuje kv\u016fli vy\u0161et\u0159ov\u00e1n\u00ed, kter\u00e9 proti n\u011bmu vedou st\u00e1tn\u00ed z\u00e1stupci.<\/p>\n<p>Kurz uvedl, \u017ee v z\u00e1jmu \u0159e\u0161en\u00ed vl\u00e1dn\u00ed krize odstoup\u00ed. Z\u016fstane tak pouze p\u0159edsedou sv\u00fdch lidovc\u016f. Odchod kancl\u00e9\u0159e po\u017eadovali tak\u00e9 koali\u010dn\u00ed Zelen\u00ed.<\/p>\n<p>Uve\u010fme, \u017ee podle sd\u011blen\u00ed st\u00e1tn\u00edho zastupitelstv\u00ed pro hospod\u00e1\u0159skou kriminalitu \u010del\u00ed Kurz a jeho nejbli\u017e\u0161\u00ed kolegov\u00e9 podez\u0159en\u00ed, \u017ee si p\u0159ed lety koupili p\u0159\u00edzniv\u00fd medi\u00e1ln\u00ed obraz za pen\u00edze da\u0148ov\u00fdch poplatn\u00edk\u016f. Podle dostupn\u00fdch informac\u00ed to m\u011blo tehdej\u0161\u00edmu\u00a0ministru zahrani\u010d\u00ed\u00a0Kurzovi usnadnit cestu do \u010dela lidov\u00e9 strany i vl\u00e1dy.<\/p>\n<p>Feder\u00e1ln\u00ed prezident Rakouska Alexander Van der Bellen 11. \u0159\u00edjna p\u0159ijal p\u0159\u00edsahu nov\u00e9ho kancl\u00e9\u0159e Alexandera Schallenberga.<\/p>\n<p><a href=\"https:\/\/cz.sputniknews.com\/20211230\/s-platem-vyssim-nez-ma-kancler-sebastian-kurz-bude-pracovat-ve-spolecnosti-trumpova-stoupence--17039081.html\">ZDROJ<\/a><\/p>\n<p>&nbsp;<\/p>\n","protected":false},"excerpt":{"rendered":"<p>B\u00fdval\u00fd rakousk\u00fd kancl\u00e9\u0159 Sebastian Kurz potvrdil v rozhovoru pro rakouskou televizi OE24, \u017ee v USA&#8230;<\/p>\n","protected":false},"author":2,"featured_media":462,"comment_status":"closed","ping_status":"closed","sticky":false,"template":"","format":"standard","meta":[],"categories":[7],"tags":[1079,154,120,37,674],"_links":{"self":[{"href":"https:\/\/www.infokuryr.cz\/n\/wp-json\/wp\/v2\/posts\/7211"}],"collection":[{"href":"https:\/\/www.infokuryr.cz\/n\/wp-json\/wp\/v2\/posts"}],"about":[{"href":"https:\/\/www.infokuryr.cz\/n\/wp-json\/wp\/v2\/types\/post"}],"author":[{"embeddable":true,"href":"https:\/\/www.infokuryr.cz\/n\/wp-json\/wp\/v2\/users\/2"}],"replies":[{"embeddable":true,"href":"https:\/\/www.infokuryr.cz\/n\/wp-json\/wp\/v2\/comments?post=7211"}],"version-history":[{"count":0,"href":"https:\/\/www.infokuryr.cz\/n\/wp-json\/wp\/v2\/posts\/7211\/revisions"}],"wp:featuredmedia":[{"embeddable":true,"href":"https:\/\/www.infokuryr.cz\/n\/wp-json\/wp\/v2\/media\/462"}],"wp:attachment":[{"href":"https:\/\/www.infokuryr.cz\/n\/wp-json\/wp\/v2\/media?parent=7211"}],"wp:term":[{"taxonomy":"category","embeddable":true,"href":"https:\/\/www.infokuryr.cz\/n\/wp-json\/wp\/v2\/categories?post=7211"},{"taxonomy":"post_tag","embeddable":true,"href":"https:\/\/www.infokuryr.cz\/n\/wp-json\/wp\/v2\/tags?post=7211"}],"curies":[{"name":"wp","href":"https:\/\/api.w.org\/{rel}","templated":true}]}}