{"id":72108,"date":"2025-02-12T00:44:26","date_gmt":"2025-02-11T23:44:26","guid":{"rendered":"https:\/\/www.infokuryr.cz\/n\/?p=72108"},"modified":"2025-02-11T13:46:40","modified_gmt":"2025-02-11T12:46:40","slug":"eu-utoci-na-madarsky-vzdelavaci-system-chce-aby-nevladni-organizace-kontrolovaly-z-bruselu-univerzity","status":"publish","type":"post","link":"https:\/\/www.infokuryr.cz\/n\/2025\/02\/12\/eu-utoci-na-madarsky-vzdelavaci-system-chce-aby-nevladni-organizace-kontrolovaly-z-bruselu-univerzity\/","title":{"rendered":"EU \u00fato\u010d\u00ed na ma\u010farsk\u00fd vzd\u011bl\u00e1vac\u00ed syst\u00e9m, chce, aby nevl\u00e1dn\u00ed organizace kontrolovaly z Bruselu univerzity"},"content":{"rendered":"<div id=\"fb-root\"><\/div>\n<h2 class=\"s-tagline fw-tagline\"><span>Brusel chce kontrolu nad ma\u010farsk\u00fdmi univerzitami, varuje ma\u010farsk\u00fd ministr \u0161kolstv\u00ed<\/span><\/h2>\n<div class=\"grid-container\">\n<div class=\"s-ct\">\n<div class=\"s-ct-wrap has-lsl\">\n<div class=\"s-ct-inner\">\n<div class=\"e-ct-outer\">\n<div class=\"entry-content rbct clearfix is-highlight-shares\">\n<p><span>P\u0159edseda Strany zelen\u00fdch V\u00fdboru pro kulturu a vzd\u011bl\u00e1v\u00e1n\u00ed Evropsk\u00e9ho parlamentu napsal dopis ma\u010farsk\u00e9mu ministrovi Bal\u00e1zsovi Hank\u00f3ovi, v n\u011bm\u017e ho vyzval, aby za\u010dlenil n\u00e1vrhy v\u00fdboru EU do ma\u010farsk\u00fdch z\u00e1kon\u016f t\u00fdkaj\u00edc\u00edch se univerzit se zm\u011bn\u011bn\u00fdm modelem,\u00a0zjistil\u00a0<\/span><a href=\"https:\/\/magyarnemzet.hu\/belfold\/2025\/02\/brusszel-nekiment-a-magyar-oktatasnak-a-kormany-megvedi-az-egyetemeket\"><span>Magyar Nemzet .<\/span><\/a><\/p>\n<p><span>P\u0159edseda v\u00fdboru podle zdroj\u016f listu mimo jin\u00e9 \u017e\u00e1d\u00e1, aby byli ma\u010far\u0161t\u00ed rekto\u0159i vylou\u010deni ze spr\u00e1vn\u00edch rad nadac\u00ed, kter\u00e9 udr\u017euj\u00ed univerzity, aby ma\u010farsk\u00e1 vl\u00e1da zavedla pravidla, kter\u00e1 Bruselu umo\u017en\u00ed rozhodovat o tom, kdo m\u016f\u017ee b\u00fdt \u0161\u00e9fy ma\u010farsk\u00fdch univerzit, a aby nevl\u00e1dn\u00ed organizace \u0159\u00edzen\u00e9 z Bruselu dohl\u00ed\u017eely na volby do spr\u00e1vn\u00ed rady nadac\u00ed, kter\u00e9 udr\u017euj\u00ed univerzity.<\/span><\/p>\n<p><span>Magyar Nemzet ch\u00e1pe, \u017ee ministr odpov\u011bdn\u00fd za kulturu a inovace p\u0159edsedovi v\u00fdboru odpov\u011bd\u011bl a Bal\u00e1zs Hank\u00f3 se zab\u00fdval dvoj\u00edm metrem v Bruselu.<\/span><\/p>\n<p><span>Uvedl, \u017ee ma\u010far\u0161t\u00ed poslanci jsou v t\u011bchto nadac\u00edch klasifikov\u00e1ni jako \u010dlenov\u00e9 parlamentu ve st\u0159etu z\u00e1jm\u016f, ale z\u00e1rove\u0148 se podle Ursuly von der Leyen, Manfreda Webera a jejich stranick\u00fdch koleg\u016f i p\u0159edsedy Strany zelen\u00fdch, kter\u00fd dopis podepsal, mohou europoslanci snadno pod\u00edlet na pr\u00e1ci univerzitn\u00edch nadac\u00ed.<\/span><\/p>\n<p><span>Zkr\u00e1tka ma\u010far\u0161t\u00ed politici se mus\u00ed vyh\u00fdbat ma\u010farsk\u00fdm univerzit\u00e1m, zat\u00edmco evrop\u0161t\u00ed europoslanci, kte\u0159\u00ed jsou p\u0159ev\u00e1\u017en\u011b sou\u010d\u00e1st\u00ed levicov\u011b-liber\u00e1ln\u00edho establishmentu, by se na ma\u010farsk\u00fdch univerzit\u00e1ch m\u011bli aktivn\u011b pod\u00edlet.<\/span><\/p>\n<p><span>\u201eTak\u017ee bruselsk\u00fd pl\u00e1n je i zde jasn\u00fd: M\u00edsto rektor\u016f by na z\u00e1kladech m\u011bli sed\u011bt brusel\u0161t\u00ed guvern\u00e9\u0159i a Brusel a nevl\u00e1dn\u00ed organizace, kter\u00e9 jsou nyn\u00ed vytla\u010dov\u00e1ny z Ameriky, \u0159eknou, kdo mohou b\u00fdt univerzitn\u00ed l\u00edd\u0159i v Ma\u010farsku, co mohou studenti studovat, s k\u00fdm mohou spolupracovat, a pokud se budou chovat slu\u0161n\u011b, dokonce zorganizuj\u00ed v\u00fdlet do zahrani\u010d\u00ed, samoz\u0159ejm\u011b pouze na univerzitu, kde se Hank\u00f3 probudil a zru\u0161il kulturu.<\/span><\/p>\n<p><span>O postup, kter\u00fd nerespektuje demokracii a pr\u00e1vn\u00ed st\u00e1t, jde podle Hank\u00f3 st\u00e1le \u010dast\u011bji Evropsk\u00e9mu parlamentu a jeho p\u0159edsedkyni v\u00fdboru pro vzd\u011bl\u00e1v\u00e1n\u00ed, poslankyni zelen\u00fdch Nele Riehl.<\/span><\/p>\n<p><span>\u201eV ned\u00e1vn\u00e9m rozhovoru hrd\u011b p\u0159izn\u00e1v\u00e1, \u017ee a\u010dkoli se Patrioti m\u011bli vzd\u00e1t p\u0159edsednictv\u00ed ve v\u00fdboru, je to tak demokratick\u00e9, \u017ee jim to vzal, a tak ignoroval hlasy milion\u016f lid\u00ed, ignoroval t\u0159et\u00ed nejsiln\u011bj\u0161\u00ed frakci, jen proto, \u017ee Patrioti jsou bruselsk\u00e1 opozice. Tak funguje demokracie v Bruselu,\u201c argumentuje ministr.<\/span><\/p>\n<p><span>Je na\u010dase, aby se Patrioti vyj\u00e1d\u0159ili proti nez\u00e1konn\u00fdm rozhodnut\u00edm komise, kter\u00e1 pron\u00e1sleduj\u00ed ma\u010farsk\u00e9 vysoko\u0161kol\u00e1ky. Univerzity mus\u00ed b\u00fdt chr\u00e1n\u011bny p\u0159ed ideologi\u00ed nadvl\u00e1dy komise.<\/span><\/p>\n<p><span>\u201eNa druhou stranu byl pro ma\u010farsk\u00e9 univerzity spu\u0161t\u011bn nov\u00fd internacionaliza\u010dn\u00ed program Pann\u00f3nia, kter\u00fd je \u00fasp\u011b\u0161n\u011bj\u0161\u00ed ne\u017e Erasmus. Ji\u017e v prvn\u00edm podzimn\u00edm semestru se na p\u0159edn\u00ed univerzity nejen v Evrop\u011b, ale i ve sv\u011bt\u011b dostalo 3000 student\u016f, u\u010ditel\u016f a v\u00fdzkumn\u00fdch pracovn\u00edk\u016f. S vy\u0161\u0161\u00edmi stipendii a pln\u00fdm uzn\u00e1n\u00edm kredit\u016f,\u201c napsal Bal\u00e1zs Hank\u00f3 s t\u00edm, \u017ee zat\u00edmco Brusel vylu\u010duje studenty, program Pann\u00f3nia je inkluzivn\u00ed, proto\u017ee poskytuje p\u0159\u00edle\u017eitosti i pro cizince studuj\u00edc\u00ed na obnoven\u00fdch ma\u010farsk\u00fdch univerzit\u00e1ch.<\/span><\/p>\n<p><span>Ministr tak\u00e9 uvedl, \u017ee program Pann\u00f3nia bude pokra\u010dovat i v jarn\u00edm semestru. C\u00edlem je, aby se takov\u00fdch program\u016f z\u00fa\u010dastnilo 5 000 vysoko\u0161kolsk\u00fdch student\u016f, v\u00fdzkumn\u00edk\u016f a u\u010ditel\u016f, kte\u0159\u00ed r\u00e1di p\u0159iv\u00edtaj\u00ed i studenty z V\u00edde\u0148sk\u00e9 modulov\u00e9 univerzity, kterou Brusel ned\u00e1vno z Erasmu vylou\u010dil.<\/span><\/p>\n<p><img decoding=\"async\" loading=\"lazy\" class=\"alignnone size-full wp-image-1185\" src=\"http:\/\/www.infokuryr.cz\/n\/wp-content\/uploads\/2021\/04\/kuryr-podpis.png\" alt=\"\" width=\"84\" height=\"24\" \/><\/p>\n<p>&nbsp;<\/p>\n<\/div>\n<\/div>\n<\/div>\n<\/div>\n<\/div>\n<\/div>\n","protected":false},"excerpt":{"rendered":"<p>Brusel chce kontrolu nad ma\u010farsk\u00fdmi univerzitami, varuje ma\u010farsk\u00fd ministr \u0161kolstv\u00ed P\u0159edseda Strany zelen\u00fdch V\u00fdboru pro&#8230;<\/p>\n","protected":false},"author":2,"featured_media":63358,"comment_status":"closed","ping_status":"closed","sticky":false,"template":"","format":"standard","meta":[],"categories":[7],"tags":[640,41,2320,78,6229],"_links":{"self":[{"href":"https:\/\/www.infokuryr.cz\/n\/wp-json\/wp\/v2\/posts\/72108"}],"collection":[{"href":"https:\/\/www.infokuryr.cz\/n\/wp-json\/wp\/v2\/posts"}],"about":[{"href":"https:\/\/www.infokuryr.cz\/n\/wp-json\/wp\/v2\/types\/post"}],"author":[{"embeddable":true,"href":"https:\/\/www.infokuryr.cz\/n\/wp-json\/wp\/v2\/users\/2"}],"replies":[{"embeddable":true,"href":"https:\/\/www.infokuryr.cz\/n\/wp-json\/wp\/v2\/comments?post=72108"}],"version-history":[{"count":0,"href":"https:\/\/www.infokuryr.cz\/n\/wp-json\/wp\/v2\/posts\/72108\/revisions"}],"wp:featuredmedia":[{"embeddable":true,"href":"https:\/\/www.infokuryr.cz\/n\/wp-json\/wp\/v2\/media\/63358"}],"wp:attachment":[{"href":"https:\/\/www.infokuryr.cz\/n\/wp-json\/wp\/v2\/media?parent=72108"}],"wp:term":[{"taxonomy":"category","embeddable":true,"href":"https:\/\/www.infokuryr.cz\/n\/wp-json\/wp\/v2\/categories?post=72108"},{"taxonomy":"post_tag","embeddable":true,"href":"https:\/\/www.infokuryr.cz\/n\/wp-json\/wp\/v2\/tags?post=72108"}],"curies":[{"name":"wp","href":"https:\/\/api.w.org\/{rel}","templated":true}]}}