{"id":7210,"date":"2021-12-31T01:40:14","date_gmt":"2021-12-31T00:40:14","guid":{"rendered":"http:\/\/www.infokuryr.cz\/n\/?p=7210"},"modified":"2021-12-31T01:40:14","modified_gmt":"2021-12-31T00:40:14","slug":"wang-yi-poskytl-rozhovor-o-cinske-diplomaticke-cinnosti-v-roce-2021","status":"publish","type":"post","link":"https:\/\/www.infokuryr.cz\/n\/2021\/12\/31\/wang-yi-poskytl-rozhovor-o-cinske-diplomaticke-cinnosti-v-roce-2021\/","title":{"rendered":"Wang Yi poskytl rozhovor o \u010d\u00ednsk\u00e9 diplomatick\u00e9 \u010dinnosti v roce 2021"},"content":{"rendered":"<div id=\"fb-root\"><\/div>\n<p>\u010clen \u010d\u00ednsk\u00e9 St\u00e1tn\u00ed rady a ministr zahrani\u010d\u00ed Wang Yi (Wang I) ve \u010dtvrtek \u0159ekl, \u017ee \u010d\u00ednsk\u00e1 diplomacie pokra\u010dovala v roce 2021 dop\u0159edu v komplexn\u00edm mezin\u00e1rodn\u00edm prost\u0159ed\u00ed a napsala novou kapitolu diplomacie velk\u00e9 zem\u011b s v\u00fdrazn\u00fdmi \u010d\u00ednsk\u00fdmi rysy.<\/p>\n<p>Wang Yi poskytl na konci roku rozhovor pro China Global Television Network (CGTN). \u010c\u00ednsk\u00fd ministr zahrani\u010d\u00ed sd\u00edlel sv\u00e9 n\u00e1zory na mezin\u00e1rodn\u00ed situaci a \u010d\u00ednskou diplomatickou pr\u00e1ci v roce 2021.<\/p>\n<p>Jak pro sv\u011bt, tak i \u010c\u00ednu je rok 2021 zaznamen\u00e1n v lidsk\u00e9 historii, \u0159ekl Wang.<\/p>\n<p>Wang shrnul \u010d\u00ednsk\u00e9 diplomatick\u00e9 \u010dinnosti v roce 2021, a pouk\u00e1zal na to, \u017ee \u010d\u00ednsk\u00e1 diplomacie hr\u00e1la v\u016fd\u010d\u00ed roli.<\/p>\n<p>P\u0159ipomn\u011bl, \u017ee \u010d\u00ednsk\u00fd prezident Xi Jinping (Si \u0164in-pching) vedl v roce 2021 celkem 79 dialog\u016f se zahrani\u010dn\u00edmi v\u016fdci a vedouc\u00edmi mezin\u00e1rodn\u00edch organizac\u00ed a prost\u0159ednictv\u00edm videa se z\u00fa\u010dastnil 40 v\u00fdznamn\u00fdch diplomatick\u00fdch ud\u00e1lost\u00ed.<\/p>\n<p>Wang tak\u00e9 \u0159ekl, \u017ee \u010d\u00ednsk\u00e1 diplomatick\u00e1 pr\u00e1ce v boji proti pandemii COVID-19 v roce 2021 uk\u00e1zala odpov\u011bdnost velmoci v mezin\u00e1rodn\u00edm spole\u010denstv\u00ed. \u010c\u00edna byla v\u017edy \u201epr\u016fkopn\u00edk\u201c ve spolupr\u00e1ci glob\u00e1ln\u00edho boje proti pandemii COVID-19 a pova\u017euje vakc\u00ednu za glob\u00e1ln\u00ed ve\u0159ejn\u00fd produkt.<\/p>\n<p>\u010c\u00edna byla jednou z prvn\u00edch zem\u00ed, kter\u00e9 se zav\u00e1zaly vzd\u00e1t se pr\u00e1v na du\u0161evn\u00ed vlastnictv\u00ed o\u010dkovac\u00edch l\u00e1tek a podpo\u0159ily jejich v\u00fdrobu ve spolupr\u00e1ci s rozvojov\u00fdmi zem\u011bmi, \u0159ekl Wang.<\/p>\n<p>\u201e\u010c\u00edna upevnila spr\u00e1vn\u00fd sm\u011br glob\u00e1ln\u00edho boje proti pandemii a p\u0159edlo\u017eila konkr\u00e9tn\u00ed opat\u0159en\u00ed,\u201c dodal.<\/p>\n<p>Prezident Xi Jinping v leto\u0161n\u00edm roce ozn\u00e1mil \u0159adu opat\u0159en\u00ed k dal\u0161\u00edmu otev\u00edr\u00e1n\u00ed \u010c\u00edny sv\u011btu a tak\u00e9 navrhl iniciativu glob\u00e1ln\u00edho rozvoje. \u010c\u00ednsk\u00fd ministr zahrani\u010d\u00ed zd\u016fraznil, \u017ee v\u0161echny tyto p\u0159\u00edsp\u011bvky p\u0159isp\u011bly ke sv\u011btov\u00e9mu hospod\u00e1\u0159sk\u00e9mu o\u017eiven\u00ed.<\/p>\n<p>Wang poznamenal, \u017ee \u010c\u00edna pevn\u011b podporuje multilateralismus, obhajuje spole\u010dn\u00e9 hodnoty cel\u00e9ho lidstva a usiluje o udr\u017een\u00ed mezin\u00e1rodn\u00edho po\u0159\u00e1dku s j\u00e1drem v Organizaci spojen\u00fdch n\u00e1rod\u016f (OSN) a v mezin\u00e1rodn\u00edm z\u00e1konu.<\/p>\n<p>\u010c\u00edna podporuje diplomacii \u201ezam\u011b\u0159enou na lidi\u201c. Podle ministra zahrani\u010d\u00ed zah\u00e1jila \u010c\u00edna program \u201ejarn\u00ed v\u00fdhonek\u201c, kter\u00fd pomohl a zajistil o\u010dkov\u00e1n\u00ed milion\u016fm \u010d\u00ednsk\u00fdch krajan\u016f \u017eij\u00edc\u00edch v zahrani\u010d\u00ed ve v\u00edce ne\u017e 180 zem\u00edch sv\u011bta.<\/p>\n<p>Wang zd\u016fraznil, \u017ee demokracie je spole\u010dnou hodnotou, kterou sd\u00edlej\u00ed v\u0161ichni lid\u00e9, a nikdo nesm\u00ed nutit svou demokracii jin\u00fdm zem\u00edm.<\/p>\n<p>Wang poznamenal, \u017ee n\u011bkter\u00e9 s\u00edly se pokusily vnutit svou v\u016fli a normy ostatn\u00edm a pomlouvaly jin\u00e9 zem\u011b pod z\u00e1minkou demokracie a lidsk\u00fdch pr\u00e1v.<\/p>\n<p>\u201eV tomto nem\u016f\u017eeme ud\u011blat kompromis. Nem\u016f\u017eeme ustoupit, ale mus\u00edme tomu \u010delit,\u201c \u0159ekl Wang.<\/p>\n<p>\u010c\u00ednsk\u00fd ministr zahrani\u010d\u00ed se vyslovil proti zem\u00edm, kter\u00e9 se sna\u017eily vytvo\u0159it z\u00e1jmovou skupinu s ideologi\u00ed studen\u00e9 v\u00e1lky. Wang vyzval k podpo\u0159e skute\u010dn\u00e9ho multilateralismu.<\/p>\n<p>Na sv\u011bt\u011b existuje pouze jeden syst\u00e9m, tedy mezin\u00e1rodn\u00ed syst\u00e9m na z\u00e1klad\u011b Charty OSN a z\u00e1kladn\u00edch norem a pravidel mezin\u00e1rodn\u00edch vztah\u016f, \u0159ekl Wang.<\/p>\n<p>Co se t\u00fd\u010de lidsk\u00fdch pr\u00e1v, Wang pouk\u00e1zal na to, \u017ee n\u011bkter\u00e9 zem\u011b v \u010dele s USA se vm\u011b\u0161ovaly do vnit\u0159n\u00edch z\u00e1le\u017eitost\u00ed jin\u00fdch zem\u00ed pod z\u00e1minkou lidsk\u00fdch pr\u00e1v, bez ohledu na sv\u00e9 vlastn\u00ed probl\u00e9my v oblasti lidsk\u00fdch pr\u00e1v.<\/p>\n<p>\u010c\u00edna i Rusko jsou v\u00fdznamn\u00e9 zem\u011b s glob\u00e1ln\u00edm vlivem, \u0159ekl Wang. Pro ob\u011b zem\u011b m\u00e1 celosv\u011btov\u00fd v\u00fdznam pos\u00edlit strategickou koordinaci a praktickou spolupr\u00e1ci. Ob\u011b zem\u011b hraj\u00ed \u201enezastupitelnou roli\u201c ve sv\u011bt\u011b.<\/p>\n<p>Ob\u011b strany v leto\u0161n\u00edm roce oslavily 20. v\u00fdro\u010d\u00ed podeps\u00e1n\u00ed smlouvy o dobr\u00e9m sousedstv\u00ed a p\u0159\u00e1telsk\u00e9 spolupr\u00e1ci mezi \u010c\u00ednou a Ruskem. Prezident Xi Jinping a rusk\u00fd prezident Vladimir Putin ozn\u00e1mili rozhodnut\u00ed prodlou\u017eit tuto smlouvu. Oba p\u0159edstavitel\u00e9 se op\u011bt sejdou jen o n\u011bco v\u00edce ne\u017e za m\u011bs\u00edc, kdy se prezident Putin z\u00fa\u010dastn\u00ed Zimn\u00edch olympijsk\u00fdch her v Pekingu 2022, dodal Wang.<\/p>\n<p>Vztahy mezi \u010c\u00ednou a Ruskem jsou den ode dne zralej\u0161\u00ed, stabiln\u011bj\u0161\u00ed, odoln\u011bj\u0161\u00ed a dynami\u010dt\u011bj\u0161\u00ed, \u0159ekl \u010d\u00ednsk\u00fd ministr zahrani\u010d\u00ed.<\/p>\n<p><img decoding=\"async\" loading=\"lazy\" class=\"alignnone size-full wp-image-1185\" src=\"http:\/\/www.infokuryr.cz\/n\/wp-content\/uploads\/2021\/04\/kuryr-podpis.png\" alt=\"\" width=\"84\" height=\"24\" \/><\/p>\n<p>&nbsp;<\/p>\n","protected":false},"excerpt":{"rendered":"<p>\u010clen \u010d\u00ednsk\u00e9 St\u00e1tn\u00ed rady a ministr zahrani\u010d\u00ed Wang Yi (Wang I) ve \u010dtvrtek \u0159ekl, \u017ee&#8230;<\/p>\n","protected":false},"author":2,"featured_media":1740,"comment_status":"closed","ping_status":"closed","sticky":false,"template":"","format":"standard","meta":[],"categories":[7],"tags":[30,295,1052],"_links":{"self":[{"href":"https:\/\/www.infokuryr.cz\/n\/wp-json\/wp\/v2\/posts\/7210"}],"collection":[{"href":"https:\/\/www.infokuryr.cz\/n\/wp-json\/wp\/v2\/posts"}],"about":[{"href":"https:\/\/www.infokuryr.cz\/n\/wp-json\/wp\/v2\/types\/post"}],"author":[{"embeddable":true,"href":"https:\/\/www.infokuryr.cz\/n\/wp-json\/wp\/v2\/users\/2"}],"replies":[{"embeddable":true,"href":"https:\/\/www.infokuryr.cz\/n\/wp-json\/wp\/v2\/comments?post=7210"}],"version-history":[{"count":0,"href":"https:\/\/www.infokuryr.cz\/n\/wp-json\/wp\/v2\/posts\/7210\/revisions"}],"wp:featuredmedia":[{"embeddable":true,"href":"https:\/\/www.infokuryr.cz\/n\/wp-json\/wp\/v2\/media\/1740"}],"wp:attachment":[{"href":"https:\/\/www.infokuryr.cz\/n\/wp-json\/wp\/v2\/media?parent=7210"}],"wp:term":[{"taxonomy":"category","embeddable":true,"href":"https:\/\/www.infokuryr.cz\/n\/wp-json\/wp\/v2\/categories?post=7210"},{"taxonomy":"post_tag","embeddable":true,"href":"https:\/\/www.infokuryr.cz\/n\/wp-json\/wp\/v2\/tags?post=7210"}],"curies":[{"name":"wp","href":"https:\/\/api.w.org\/{rel}","templated":true}]}}