{"id":7209,"date":"2021-12-31T01:37:56","date_gmt":"2021-12-31T00:37:56","guid":{"rendered":"http:\/\/www.infokuryr.cz\/n\/?p=7209"},"modified":"2021-12-31T01:37:56","modified_gmt":"2021-12-31T00:37:56","slug":"udela-japonsko-skutecne-tuto-neomluvitelnou-chybu","status":"publish","type":"post","link":"https:\/\/www.infokuryr.cz\/n\/2021\/12\/31\/udela-japonsko-skutecne-tuto-neomluvitelnou-chybu\/","title":{"rendered":"Ud\u011bl\u00e1 Japonsko skute\u010dn\u011b tuto neomluvitelnou chybu?"},"content":{"rendered":"<div id=\"fb-root\"><\/div>\n<p>Nov\u00fd rok 2022 se bl\u00ed\u017e\u00ed a cel\u00fd sv\u011bt se t\u011b\u0161\u00ed na kr\u00e1sn\u011bj\u0161\u00ed z\u00edt\u0159ky. Japonsk\u00e1 vl\u00e1da v\u0161ak ned\u00e1vno ozn\u00e1mila pl\u00e1n na vypou\u0161t\u011bn\u00ed jadern\u00fdch odpadn\u00edch vod z jadern\u00e9 elektr\u00e1rny Fuku\u0161ima a st\u00e1le bezohledn\u011b n\u00e1sleduje nespr\u00e1vnou cestu. To vyvolalo mezi Japonci a sousedn\u00edmi zem\u011bmi obavy a hn\u011bv a tak\u00e9 to vytvo\u0159ilo hrozbu pro spole\u010dnou budoucnost lidstva.<\/p>\n<p>P\u0159ed deseti lety do\u0161lo v Japonsku k zem\u011bt\u0159esen\u00ed o s\u00edle 9 stup\u0148\u016f na Richterov\u011b stupnici, kter\u00e9 zp\u016fsobilo jadern\u00fd \u00fanik v jadern\u00e9 elektr\u00e1rn\u011b Fuku\u0161ima. Od t\u00e9 doby se v Japonsku stalo velk\u00fdm probl\u00e9mem \u010di\u0161t\u011bn\u00ed jadern\u00fdch odpadn\u00edch vod. V dubnu leto\u0161n\u00edho roku japonsk\u00e1 vl\u00e1da ofici\u00e1ln\u011b rozhodla o vypou\u0161t\u011bn\u00ed jadern\u00fdch vod z jadern\u00e9 elektr\u00e1rny Fuku\u0161ima do mo\u0159e, co\u017e vyvolalo velk\u00e9 pochybnosti a odpor mezin\u00e1rodn\u00edho spole\u010denstv\u00ed.<\/p>\n<p>Je rozhodnut\u00ed o vypou\u0161t\u011bn\u00ed jadern\u00fdch odpadn\u00edch vod opr\u00e1vn\u011bn\u00e9? Je pl\u00e1n vypou\u0161t\u011bn\u00ed do mo\u0159e rozumn\u00fd? Jsou \u00fadaje o jadern\u00e9 odpadn\u00ed vod\u011b d\u016fv\u011bryhodn\u00e9? Je za\u0159\u00edzen\u00ed na \u010di\u0161t\u011bn\u00ed spolehliv\u00e9? V uplynul\u00fdch osmi m\u011bs\u00edc\u00edch mezin\u00e1rodn\u00ed spole\u010denstv\u00ed vyj\u00e1d\u0159ilo Japonsku mnoho obav, ale japonsk\u00e1 strana na n\u011b nereagovala a vym\u00fd\u0161lela l\u017ei a triky, a neust\u00e1le prosazovala pl\u00e1n vypou\u0161t\u011bn\u00ed jadern\u00fdch odpadn\u00edch vod do mo\u0159e ve snaze vnutit toto nespr\u00e1vn\u00e9 rozhodnut\u00ed mezin\u00e1rodn\u00edmu spole\u010denstv\u00ed, a nechala tichomo\u0159sk\u00e9 zem\u011b n\u00e9st riziko. To je zjevn\u011b nezodpov\u011bdn\u00e9, extr\u00e9mn\u011b sobeck\u00e9 a bez n\u00e1rodn\u00ed d\u016fv\u011bryhodnosti!<\/p>\n<p>Japonsk\u00e1 vl\u00e1da v\u017edy obhajovala rozhodnut\u00ed o vypu\u0161t\u011bn\u00ed jadern\u00fdch odpadn\u00edch vod do mo\u0159e a tvrdila, \u017ee je to \u201ebezpe\u010dn\u00e9\u201c. Mnoho zem\u00ed a mezin\u00e1rodn\u00edch organizac\u00ed na ochranu \u017eivotn\u00edho prost\u0159ed\u00ed v\u0161ak polo\u017eilo ot\u00e1zky: Pokud jsou jadern\u00e9 odpadn\u00ed vody skute\u010dn\u011b bezpe\u010dn\u00e9, pro\u010d je Japonsko nevypou\u0161t\u00ed nebo nerecykluje ve sv\u00fdch jezerech? Pro\u010d se Japonsko nerozhodlo postavit v\u00edce skladovac\u00edch n\u00e1dr\u017e\u00ed pro skladov\u00e1n\u00ed ve sv\u00e9 zemi. Existuje pouze jedna odpov\u011b\u010f: Ekonomick\u00e9 n\u00e1klady jsou velmi vysok\u00e9. Japonsko je ochoto riskovat mezin\u00e1rodn\u00ed odsouzen\u00ed z finan\u010dn\u00edch d\u016fvod\u016f.<\/p>\n<p>Je velmi nep\u0159im\u011b\u0159en\u00e9, \u017ee Japonsko ud\u011blalo toto jednostrann\u00e9 rozhodnut\u00ed bez vyu\u017e\u00edti v\u0161ech mo\u017en\u00fdch zp\u016fsob\u016f \u0159e\u0161en\u00ed, bez v\u0161estrann\u00e9ho ozn\u00e1men\u00ed informac\u00ed a bez uzn\u00e1n\u00ed ob\u010dan\u016f v tuzemsku i mezin\u00e1rodn\u00edho spole\u010denstv\u00ed, proto Japonsko mus\u00ed zru\u0161it sv\u00e9 rozhodnut\u00ed, aby neud\u011blalo neomluvitelnou chybu a nestalo se historick\u00fdm h\u0159\u00ed\u0161n\u00edkem!<\/p>\n<p><img decoding=\"async\" loading=\"lazy\" class=\"alignnone size-full wp-image-1185\" src=\"http:\/\/www.infokuryr.cz\/n\/wp-content\/uploads\/2021\/04\/kuryr-podpis.png\" alt=\"\" width=\"84\" height=\"24\" \/><\/p>\n<p>&nbsp;<\/p>\n","protected":false},"excerpt":{"rendered":"<p>Nov\u00fd rok 2022 se bl\u00ed\u017e\u00ed a cel\u00fd sv\u011bt se t\u011b\u0161\u00ed na kr\u00e1sn\u011bj\u0161\u00ed z\u00edt\u0159ky. Japonsk\u00e1 vl\u00e1da&#8230;<\/p>\n","protected":false},"author":2,"featured_media":2718,"comment_status":"closed","ping_status":"closed","sticky":false,"template":"","format":"standard","meta":[],"categories":[7],"tags":[106,105],"_links":{"self":[{"href":"https:\/\/www.infokuryr.cz\/n\/wp-json\/wp\/v2\/posts\/7209"}],"collection":[{"href":"https:\/\/www.infokuryr.cz\/n\/wp-json\/wp\/v2\/posts"}],"about":[{"href":"https:\/\/www.infokuryr.cz\/n\/wp-json\/wp\/v2\/types\/post"}],"author":[{"embeddable":true,"href":"https:\/\/www.infokuryr.cz\/n\/wp-json\/wp\/v2\/users\/2"}],"replies":[{"embeddable":true,"href":"https:\/\/www.infokuryr.cz\/n\/wp-json\/wp\/v2\/comments?post=7209"}],"version-history":[{"count":0,"href":"https:\/\/www.infokuryr.cz\/n\/wp-json\/wp\/v2\/posts\/7209\/revisions"}],"wp:featuredmedia":[{"embeddable":true,"href":"https:\/\/www.infokuryr.cz\/n\/wp-json\/wp\/v2\/media\/2718"}],"wp:attachment":[{"href":"https:\/\/www.infokuryr.cz\/n\/wp-json\/wp\/v2\/media?parent=7209"}],"wp:term":[{"taxonomy":"category","embeddable":true,"href":"https:\/\/www.infokuryr.cz\/n\/wp-json\/wp\/v2\/categories?post=7209"},{"taxonomy":"post_tag","embeddable":true,"href":"https:\/\/www.infokuryr.cz\/n\/wp-json\/wp\/v2\/tags?post=7209"}],"curies":[{"name":"wp","href":"https:\/\/api.w.org\/{rel}","templated":true}]}}