{"id":71989,"date":"2025-02-10T04:32:51","date_gmt":"2025-02-10T03:32:51","guid":{"rendered":"https:\/\/www.infokuryr.cz\/n\/?p=71989"},"modified":"2025-02-10T04:41:13","modified_gmt":"2025-02-10T03:41:13","slug":"kreml-se-zdrzel-tvrzeni-o-kontaktech-mezi-putinem-a-trumpem","status":"publish","type":"post","link":"https:\/\/www.infokuryr.cz\/n\/2025\/02\/10\/kreml-se-zdrzel-tvrzeni-o-kontaktech-mezi-putinem-a-trumpem\/","title":{"rendered":"Kreml se zdr\u017eel tvrzen\u00ed o kontaktech mezi Putinem a Trumpem"},"content":{"rendered":"<div id=\"fb-root\"><\/div>\n<p><span style=\"font-size: 18pt;\"><strong>Rusko a USA pou\u017e\u00edvaj\u00ed k udr\u017een\u00ed kontaktu n\u011bkolik kan\u00e1l\u016f, \u0159ekl mluv\u010d\u00ed Dmitrij Peskov<\/strong><\/span><\/p>\n<p>Kreml nem\u016f\u017ee potvrdit, zda do\u0161lo k p\u0159\u00edm\u00e9mu telefon\u00e1tu mezi rusk\u00fdm prezidentem Vladimirem Putinem a jeho americk\u00fdm prot\u011bj\u0161kem Donaldem Trumpem, \u0159ekl mluv\u010d\u00ed Dmitrij Peskov. Poznamenal v\u0161ak, \u017ee Moskva a Washington udr\u017euj\u00ed dialog prost\u0159ednictv\u00edm r\u016fzn\u00fdch diplomatick\u00fdch kan\u00e1l\u016f.<\/p>\n<p>V sobotu New York Post zve\u0159ejnil rozhovor s Trumpem, ve kter\u00e9m americk\u00fd v\u016fdce tvrdil, \u017ee m\u011bl telefonick\u00fd rozhovor s Putinem. Publikace v\u0161ak neposkytla \u017e\u00e1dn\u00e9 citace z \u00fadajn\u00e9ho hovoru a Trump odm\u00edtl odpov\u011bd\u011bt, kolikr\u00e1t byl s Putinem v kontaktu.<\/p>\n<p>Trump \u00fadajn\u011b prohl\u00e1sil, \u017ee rusk\u00fd prezident\u00a0<em>\u201echce vid\u011bt lidi, aby p\u0159estali um\u00edrat\u201c.<\/em>\u00a0Dodal, \u017ee m\u00e1 konkr\u00e9tn\u00ed pl\u00e1n na ukon\u010den\u00ed nep\u0159\u00e1telsk\u00fdch akc\u00ed, rovn\u011b\u017e bez podrobnost\u00ed.<\/p>\n<p>V koment\u00e1\u0159i ke zpr\u00e1v\u011b NY Post Peskov telefon\u00e1t nepotvrdil ani nevyvr\u00e1til.\u00a0<em>\u201eJak administrativa ve Washingtonu roz\u0161i\u0159uje svou pr\u00e1ci, existuje mnoho r\u016fzn\u00fdch komunikac\u00ed. Tato komunikace prob\u00edh\u00e1 na r\u016fzn\u00fdch kan\u00e1lech. A samoz\u0159ejm\u011b, na pozad\u00ed mnohosti t\u011bchto komunikac\u00ed je mo\u017en\u00e9, \u017ee j\u00e1 osobn\u011b si mo\u017en\u00e1 n\u011b\u010deho nejsem v\u011bdom. Tak\u017ee v tomto p\u0159\u00edpad\u011b nemohu ani potvrdit, ani vyvr\u00e1tit,\u201c<\/em>\u00a0\u0159ekl.<\/p>\n<p>Trump, kter\u00fd opakovan\u011b p\u0159\u00edsahal, \u017ee urychlen\u011b ukon\u010d\u00ed ukrajinsk\u00fd konflikt, prohl\u00e1sil, \u017ee je ochoten se s Putinem setkat. Rusk\u00fd prezident nazna\u010dil, \u017ee je otev\u0159en\u00fd p\u0159\u00edpadn\u00fdm rozhovor\u016fm, a p\u0159ipomn\u011bl, \u017ee\u00a0b\u011bhem sv\u00e9ho prvn\u00edho funk\u010dn\u00edho obdob\u00ed\u00a0udr\u017eoval se sv\u00fdm americk\u00fdm prot\u011bj\u0161kem\u00a0<em>\u201epragmatick\u00e9\u201c vztahy.<\/em><\/p>\n<p>Zat\u00edmco Trump je\u0161t\u011b mus\u00ed ve\u0159ejn\u011b ozn\u00e1mit specifika sv\u00e9ho ukrajinsk\u00e9ho m\u00edrov\u00e9ho pl\u00e1nu, jeho sou\u010d\u00e1st\u00ed je pr\u00fd zmrazen\u00ed konfliktu pod\u00e9l sou\u010dasn\u00fdch frontov\u00fdch lini\u00ed, z\u0159\u00edzen\u00ed demilitarizovan\u00e9 z\u00f3ny hl\u00eddan\u00e9 evropsk\u00fdmi voj\u00e1ky a pozastaven\u00ed vstupu Ukrajiny do NATO.<\/p>\n<p>Rusko vylou\u010dilo zmrazen\u00ed konfliktu, ale trv\u00e1 na tom, \u017ee udr\u017eiteln\u00e1 m\u00edrov\u00e1 dohoda mus\u00ed v\u00e9st k tomu, \u017ee se Kyjev zav\u00e1\u017ee k trval\u00e9 neutralit\u011b, demilitarizaci a denacifikaci a z\u00e1rove\u0148 uzn\u00e1 teritori\u00e1ln\u00ed realitu na m\u00edst\u011b.<\/p>\n<p><img decoding=\"async\" loading=\"lazy\" class=\"alignnone size-full wp-image-71983\" src=\"http:\/\/www.infokuryr.cz\/n\/wp-content\/uploads\/2025\/02\/aaa.jpg\" alt=\"\" width=\"89\" height=\"23\" \/><\/p>\n<p>&nbsp;<\/p>\n","protected":false},"excerpt":{"rendered":"<p>Rusko a USA pou\u017e\u00edvaj\u00ed k udr\u017een\u00ed kontaktu n\u011bkolik kan\u00e1l\u016f, \u0159ekl mluv\u010d\u00ed Dmitrij Peskov Kreml nem\u016f\u017ee&#8230;<\/p>\n","protected":false},"author":2,"featured_media":71990,"comment_status":"closed","ping_status":"closed","sticky":false,"template":"","format":"standard","meta":[],"categories":[7],"tags":[1065,102,1052,452],"_links":{"self":[{"href":"https:\/\/www.infokuryr.cz\/n\/wp-json\/wp\/v2\/posts\/71989"}],"collection":[{"href":"https:\/\/www.infokuryr.cz\/n\/wp-json\/wp\/v2\/posts"}],"about":[{"href":"https:\/\/www.infokuryr.cz\/n\/wp-json\/wp\/v2\/types\/post"}],"author":[{"embeddable":true,"href":"https:\/\/www.infokuryr.cz\/n\/wp-json\/wp\/v2\/users\/2"}],"replies":[{"embeddable":true,"href":"https:\/\/www.infokuryr.cz\/n\/wp-json\/wp\/v2\/comments?post=71989"}],"version-history":[{"count":0,"href":"https:\/\/www.infokuryr.cz\/n\/wp-json\/wp\/v2\/posts\/71989\/revisions"}],"wp:featuredmedia":[{"embeddable":true,"href":"https:\/\/www.infokuryr.cz\/n\/wp-json\/wp\/v2\/media\/71990"}],"wp:attachment":[{"href":"https:\/\/www.infokuryr.cz\/n\/wp-json\/wp\/v2\/media?parent=71989"}],"wp:term":[{"taxonomy":"category","embeddable":true,"href":"https:\/\/www.infokuryr.cz\/n\/wp-json\/wp\/v2\/categories?post=71989"},{"taxonomy":"post_tag","embeddable":true,"href":"https:\/\/www.infokuryr.cz\/n\/wp-json\/wp\/v2\/tags?post=71989"}],"curies":[{"name":"wp","href":"https:\/\/api.w.org\/{rel}","templated":true}]}}