{"id":71977,"date":"2025-02-10T03:58:10","date_gmt":"2025-02-10T02:58:10","guid":{"rendered":"https:\/\/www.infokuryr.cz\/n\/?p=71977"},"modified":"2025-02-10T05:16:29","modified_gmt":"2025-02-10T04:16:29","slug":"zapadni-civilizace-edomu-v-cele-s-usa-jako-nastupnicka-civilizace-rimske-rise-bude-po-prichodu-mesiase-znicena","status":"publish","type":"post","link":"https:\/\/www.infokuryr.cz\/n\/2025\/02\/10\/zapadni-civilizace-edomu-v-cele-s-usa-jako-nastupnicka-civilizace-rimske-rise-bude-po-prichodu-mesiase-znicena\/","title":{"rendered":"Z\u00e1padn\u00ed civilizace Edomu v \u010dele s USA jako n\u00e1stupnick\u00e1 civilizace \u0158\u00edmsk\u00e9 \u0159\u00ed\u0161e bude po p\u0159\u00edchodu Mesi\u00e1\u0161e zni\u010dena&#8230;"},"content":{"rendered":"<div id=\"fb-root\"><\/div>\n<h4>Z\u00e1padn\u00ed civilizace Edomu v \u010dele s USA jako n\u00e1stupnick\u00e1 civilizace \u0158\u00edmsk\u00e9 \u0159\u00ed\u0161e bude po p\u0159\u00edchodu Mesi\u00e1\u0161e zni\u010dena jako posledn\u00ed ze 4 nep\u0159\u00e1telsk\u00fdch kr\u00e1lovstv\u00ed, kter\u00e9 utla\u010dovaly Vyvolen\u00fd n\u00e1rod! Chabadisticko-mesianistick\u00fd v\u00fdklad rab\u00edn\u016f o likvidaci Edomu v proroctv\u00ed v\u00e1lky Severu proti Jihu, jej\u00edm\u017e v\u00fdsledkem bude zni\u010den\u00ed z\u00e1padn\u00ed civilizace!<\/h4>\n<p>V sou\u010dasn\u00e9 dob\u011b je patrn\u00e9, \u017ee konceptu\u00e1ln\u00ed rovina vn\u00edm\u00e1n\u00ed geopolitick\u00fdch proces\u016f ji\u017e neposta\u010duje na pochopen\u00ed proces\u016f glob\u00e1ln\u00edho \u0159\u00edzen\u00ed a vn\u00edm\u00e1m to p\u0159edev\u0161\u00edm z n\u011bkter\u00fdch dotaz\u016f poslucha\u010d\u016f b\u011bhem m\u00fdch po\u0159ad\u016f na SVCS. Koncept v\u00e1lky mezi Lond\u00fdnsk\u00fdmi a Moskevsk\u00fdmi kancel\u00e1\u0159emi, t\u00e9\u017e zn\u00e1m\u00fd jako v\u00e1lka mezi \u017e a \u017d, je pro laickou ve\u0159ejnost prakticky nepochopiteln\u00fd.<\/p>\n<p>A to p\u0159edev\u0161\u00edm proto, \u017ee pod pojmem \u201cv\u00e1lka\u201d se mysl\u00ed klasick\u00e1 likvida\u010dn\u00ed v\u00e1lka, kdy jedna ze stran po konci v\u00e1lky je pora\u017eena a druh\u00e1 zv\u00edt\u011bzila. Jen\u017ee p\u0159edpokl\u00e1d\u00e1m, \u017ee v\u011bt\u0161ina z v\u00e1s nikdy nesly\u0161ela o v\u00e1lce, kdy boj mezi dv\u011bma stranami m\u00e1 m\u00edt za n\u00e1sledek tot\u00e1ln\u00ed por\u00e1\u017eku, zni\u010den\u00ed a anihilaci t\u0159et\u00ed strany, kter\u00e1 naprosto netu\u0161\u00ed, \u017ee jej\u00ed zni\u010den\u00ed se m\u00e1 st\u00e1t triumfem obou prvn\u00edch dvou \u201c<em>mezi sebou<\/em>\u201d zd\u00e1nliv\u011b na smrt v\u00e1l\u010d\u00edc\u00edch stran.<\/p>\n<p>Ve videu n\u00ed\u017ee m\u00e1te opravdu vydatnou konceptu\u00e1ln\u00ed n\u00e1lo\u017e, kter\u00e1 s v\u00e1mi ot\u0159ese, a jde o v\u00fd\u017eivn\u00fd v\u00fdklad od mesianistick\u00fdch rab\u00edn\u016f o tom, \u017ee <strong>na\u0161e sou\u010dasn\u00e1 z\u00e1padn\u00ed civilizace je de facto\u00a0<em>\u0158\u00edmsk\u00e1 \u0159\u00ed\u0161e<\/em><\/strong>, kter\u00e1 se transformovala skrze mnoho podob a p\u0159e\u017eila do dne\u0161n\u00ed doby a nikdy vlastn\u011b nezanikla. Pro mesianisty je \u0158\u00edm n\u00e1stupcem Edomu, tedy \u0159\u00ed\u0161e zalo\u017een\u00e9 Ezauem, dvoj\u010detem biblick\u00e9ho J\u00e1koba. Hlavn\u00edm rab\u00ednem ve videu je\u00a0<em>rebbe<\/em>\u00a0Tavia Singer, kter\u00fd obs\u00e1hle v prost\u0159iz\u00edch na v\u00fdroky dal\u0161\u00edch rab\u00edn\u016f a rab\u00ednky Kineret Sarah Cohenov\u00e9 popisuje vznik Edomu a\u017e do dne\u0161n\u00ed podoby kolektivn\u00edho Z\u00e1padu a Pax Americana pod veden\u00edm USA.<\/p>\n<p>&nbsp;<\/p>\n<div class='videoWrapper'>\r\n\t            <iframe src='https:\/\/rumble.com\/embed\/pj.v6gsm1d\/' frameborder='0' allowfullscreen><\/iframe>\r\n\t        <\/div>\n<p>&nbsp;<\/p>\n<p>Podle Tanachu toti\u017e byli Edomit\u00e9 zakladateli \u0158\u00edma, kter\u00fd utiskoval Vyvolen\u00fd n\u00e1rod.\u00a0<strong>A toto kr\u00e1lovstv\u00ed jako jedin\u00e9 p\u0159e\u017eilo v\u011bky a\u017e do dne\u0161n\u00ed doby a dne\u0161n\u00ed \u0158\u00edmskou \u0159\u00ed\u0161i a Edom p\u0159edstavuje z\u00e1padn\u00ed k\u0159es\u0165ansk\u00e1 civilizace na \u010dele s USA.<\/strong>\u00a0Cel\u00e1 tato civilizace m\u00e1 b\u00fdt podle proroctv\u00ed v Tanachu zni\u010dena. Toto t\u00e9ma je opravdu konceptu\u00e1ln\u011b n\u00e1ro\u010dn\u00e9 a uva\u017eoval jsem, \u017ee bych ho nechal a\u017e na ten po\u0159ad o Velikonoc\u00edch, ale takto ucelen\u011b je to lep\u0161\u00ed. Nejprve si ocitujeme v p\u0159episu, co rab\u00edni \u0159\u00edkaj\u00ed ve videu v\u00fd\u0161e.<\/p>\n<h6><span style=\"font-size: 18pt;\">Mesianisti\u010dt\u00ed rab\u00edni o proroctv\u00ed Tanachu o zni\u010den\u00ed k\u0159es\u0165ansk\u00e9ho Edomu na \u010dele s Evropou a USA<\/span><\/h6>\n<p><strong>Koho dnes p\u0159edstavuje Ezau\/Edom? A co se s nimi stane na konci \u010das\u016f?<\/strong><\/p>\n<p>Tak to je opravdu snadn\u00e9. Tak\u017ee Edom je k\u0159es\u0165anstv\u00ed. Je to nesmi\u0159iteln\u00fd nep\u0159\u00edtel \u017eidovsk\u00e9ho n\u00e1roda. P\u0159edstava Ezaua jako Edomu a jako \u0158\u00edma byla zm\u011bn\u011bna, transformov\u00e1na v n\u00e1bo\u017eenstv\u00ed. Tak\u017ee proto ka\u017ed\u00fd n\u00e1rod, kter\u00fd m\u00e1 toto n\u00e1bo\u017eenstv\u00ed, m\u016f\u017ee b\u00fdt pova\u017eov\u00e1n za Ezaua, ch\u00e1pete? Tak\u017ee proto to nen\u00ed jeden n\u00e1rod, kter\u00e9mu je nyn\u00ed 2000 let, nebo tak n\u011bjak. Ale je to n\u00e1bo\u017eenstv\u00ed, a ka\u017ed\u00fd n\u00e1rod, kter\u00fd m\u00e1 toto n\u00e1bo\u017eenstv\u00ed, p\u0159ev\u00e1\u017en\u011b, se naz\u00fdv\u00e1 Ezau.<\/p>\n<p>Z k\u0159es\u0165anstv\u00ed, samoz\u0159ejm\u011b, se nakonec stala z\u00e1padn\u00ed civilizace, tak\u017ee Ezau dnes je opravdu z\u00e1padn\u00ed civilizace. Proto\u017ee z\u00e1padn\u00ed civilizace je v podstat\u011b k\u0159es\u0165ansk\u00e1. A proto je pova\u017eov\u00e1na za Ezau. Ezau, kter\u00fd se stal Edomem, kter\u00fd se stal \u0158\u00edmskou \u0159\u00ed\u0161\u00ed, je\u017e metamorfovala v k\u0159es\u0165anskou \u0159\u00ed\u0161i, kter\u00e1 se stala k\u0159es\u0165anskou civilizac\u00ed, kterou dnes p\u0159edstavuj\u00ed Spojen\u00e9 st\u00e1ty americk\u00e9, utrp\u00ed zdrcuj\u00edc\u00ed, poni\u017euj\u00edc\u00ed por\u00e1\u017eku.<\/p>\n<p>Ezau je v\u0161e, co je na sv\u011bt\u011b \u0161patn\u00e9, a je to pr\u00e1v\u011b Edom. Ezau je Edom. Je to posledn\u00ed kr\u00e1lovstv\u00ed ze \u010dty\u0159 kr\u00e1lovstv\u00ed. Je to nejv\u011bt\u0161\u00ed, nejnesmi\u0159iteln\u011bj\u0161\u00ed nep\u0159\u00edtel \u017eidovsk\u00e9ho n\u00e1roda. Je to proroctv\u00ed. M\u00e1me cel\u00e9 knihy v\u011bnovan\u00e9 zni\u010den\u00ed Edomu na konci dn\u016f. Je to posledn\u00ed kr\u00e1lovstv\u00ed. V tradi\u010dn\u00edm \u017eidovsk\u00e9m my\u0161len\u00ed je to c\u00edrkev. Je to nesmi\u0159iteln\u00fd nep\u0159\u00edtel \u017did\u016f. Je to morfuj\u00edc\u00ed kr\u00e1lovstv\u00ed. Je jin\u00e9 ne\u017e p\u0159edchoz\u00ed kr\u00e1lovstv\u00ed. Za\u010d\u00edn\u00e1 jako \u0158\u00edm, pak se morfuje, ve \u010dtvrt\u00e9m stolet\u00ed se st\u00e1v\u00e1 k\u0159es\u0165ansk\u00fdm a pak se d\u011bl\u00ed\u2026 a d\u011bl\u00ed a d\u011bl\u00ed. Kdo je tedy Edom? Edom zahrnuje v\u011bt\u0161inu Evropy. Pat\u0159\u00ed k n\u011bmu i Spojen\u00e9 st\u00e1ty americk\u00e9. Je to \u0158\u00edmsk\u00e1 \u0159\u00ed\u0161e, kter\u00e1 nebyla nikdy zni\u010dena. Edom se st\u00e1v\u00e1 Amerikou. Pro\u010d? Proto\u017ee Amerika je koneckonc\u016f Edom.<\/p>\n<p><a href=\"https:\/\/aeronet.news\/wp-content\/uploads\/TrumpChabadOval.jpg\"><img decoding=\"async\" loading=\"lazy\" class=\" wp-image-62554 aligncenter\" src=\"https:\/\/aeronet.news\/wp-content\/uploads\/TrumpChabadOval.jpg\" sizes=\"(max-width: 1280px) 100vw, 1280px\" srcset=\"https:\/\/aeronet.news\/wp-content\/uploads\/TrumpChabadOval.jpg 1280w, https:\/\/aeronet.news\/wp-content\/uploads\/TrumpChabadOval-300x188.jpg 300w, https:\/\/aeronet.news\/wp-content\/uploads\/TrumpChabadOval-768x480.jpg 768w, https:\/\/aeronet.news\/wp-content\/uploads\/TrumpChabadOval-1024x640.jpg 1024w, https:\/\/aeronet.news\/wp-content\/uploads\/TrumpChabadOval-700x438.jpg 700w, https:\/\/aeronet.news\/wp-content\/uploads\/TrumpChabadOval-571x357.jpg 571w, https:\/\/aeronet.news\/wp-content\/uploads\/TrumpChabadOval-773x483.jpg 773w\" alt=\"\" width=\"881\" height=\"551\" \/><\/a><\/p>\n<p style=\"text-align: center;\"><em>Donald Trump v B\u00edl\u00e9m dom\u011b na setk\u00e1n\u00ed s p\u0159ed\u00e1ky Chabadu Lubavitch<\/em><\/p>\n<p>Ezau, kter\u00fd je v modern\u00edm pojet\u00ed opravdu\u2026 v podstat\u011b, v\u00edte, ur\u010dit\u011b jedn\u00edm z nich je Amerika. Ale pro ty, kte\u0159\u00ed nech\u00e1pou, \u017ee It\u00e1lie je s\u00eddlem \u0158\u00edmsk\u00e9 \u0159\u00ed\u0161e, Edomu, i kdy\u017e\u00a0<strong>Edom je dnes rozpt\u00fdlen\u00fd do mnoha dal\u0161\u00edch n\u00e1rod\u016f, mluv\u00ed latinsk\u00fdmi jazyky, kter\u00e9 maj\u00ed n\u011bco z \u0158\u00edmsk\u00e9 \u0159\u00ed\u0161e, v\u010detn\u011b Ameriky.<\/strong>\u00a0Jsou na prvn\u00edm m\u00edst\u011b. Tak\u017ee Edom je v\u0161ude a Spojen\u00e9 st\u00e1ty americk\u00e9 jsou tak\u00e9 sou\u010d\u00e1st\u00ed Edomu. Malchut Edom, kam pat\u0159\u00ed cel\u00e1 Amerika, Evropa a \u010d\u00e1st z\u00e1padn\u00ed \u010dtvrti (Bl\u00edzk\u00e9ho v\u00fdchodu). Kdo se stane d\u011btmi Ezaua? Vid\u011bli jsem, \u017ee se to nyn\u00ed m\u011bn\u00ed. A my mluv\u00edme o Galut Edom, jako o kom? Jako o \u0158\u00edmu a nakonec o Z\u00e1padn\u00ed civilizaci. Edomit\u00e9 jsou potomci Edomu, kter\u00fd je zn\u00e1m\u00fd tak\u00e9 jako Ezau \u2013 J\u00e1kobovo zl\u00e9 dvoj\u010de.<\/p>\n<p>Na\u0161e tradice n\u00e1m \u0159\u00edk\u00e1, \u017ee Edomit\u00e9 jsou p\u0159edky \u0158\u00edman\u016f a vlastn\u011b v\u0161ech Evropan\u016f a cel\u00e9ho k\u0159es\u0165ansk\u00e9ho sv\u011bta. Ezau, kter\u00fd je symbolem v\u0161ech n\u00e1rod\u016f, a\u0165 u\u017e k\u0159es\u0165an\u016f, nebo nek\u0159es\u0165an\u016f. \u0158\u00edm je posledn\u00ed ze \u010dty\u0159 \u0159\u00ed\u0161\u00ed, kter\u00e9 si podrobily \u017eidovsk\u00fd n\u00e1rod. Edom, \u0158\u00edm, je nejhor\u0161\u00ed ze v\u0161ech. A Edom bude zni\u010den. V Tanachu m\u00e1me cel\u00e9 knihy v\u011bnovan\u00e9 zni\u010den\u00ed Edomu. Je s n\u00edm konec. Je pry\u010d. U\u017e nikdy v\u00edce. Z\u00e1pad je \u0158\u00edm.<\/p>\n<p>Podle prost\u00e9ho v\u00fdznamu, v\u00edte, Evropa a Amerika jsou ve skute\u010dnosti jeden celek. Ale jedno p\u0159ece v\u00edme, ne? \u017de pokud jde o klasick\u00fd \u0158\u00edm, v\u00edte, co\u017e je Evropa, je s nimi konec. Ezau\/Edom je nesmi\u0159iteln\u00fdm nep\u0159\u00edtelem \u017did\u016f. A identifika\u010dn\u00edm rysem je, \u017ee se neust\u00e1le prom\u011b\u0148uje, m\u011bn\u00ed, ale ve skute\u010dnosti je to tot\u00e9\u017e. Jen se zd\u00e1, \u017ee je jin\u00fd, ale ve skute\u010dnosti je to ten \u010dtvrt\u00fd k\u016f\u0148, kter\u00fd m\u00e1 jen mnoho r\u016fzn\u00fdch barev.<\/p>\n<p><strong>Znakem je orel, a to je skute\u010dn\u011b znak \u0158\u00edman\u016f a Rus\u016f a Ameri\u010dan\u016f a N\u011bmc\u016f.\u00a0V\u0161echny ty \u0159\u00ed\u0161e zla maj\u00ed stejn\u00fd symbol.<\/strong>\u00a0A popisuje to tedy tu s\u00edlu, kter\u00e1 bude zni\u010dena jako mo\u0159sk\u00fd tvor, jako ryba. Je t\u0159eba \u0159\u00edci, v\u00edm, \u017ee pro v\u011bt\u0161inu lid\u00ed je symbolem k\u0159es\u0165anstv\u00ed k\u0159\u00ed\u017e. Jak se ukazuje, symbol k\u0159\u00ed\u017ee je pro k\u0159es\u0165anstv\u00ed, relativn\u011b vzato, pom\u011brn\u011b pozdn\u00ed. Ran\u00fdm a nejprimitivn\u011bj\u0161\u00edm k\u0159es\u0165ansk\u00fdm symbolem je ryba, a to kv\u016fli zkratce jej\u00edho n\u00e1zvu. Ryba je tedy prastar\u00fdm symbolem k\u0159es\u0165anstv\u00ed. Skute\u010dn\u011b a\u017e ve \u010dtvrt\u00e9m stolet\u00ed, a\u017e za (\u0159\u00edmsk\u00e9ho c\u00edsa\u0159e) Konstantina se objevuje k\u0159\u00ed\u017e jako hlavn\u00ed symbol c\u00edrkve. A ten se pl\u00ed\u017e\u00ed z jednoho m\u00edsta na druh\u00e9, proto\u017ee k\u0159es\u0165anstvu se poda\u0159ilo nez\u016fstat jen izolovan\u011b a lok\u00e1ln\u011b v \u0158\u00edm\u011b, z\u016fstat lok\u00e1ln\u011b v Edomu a v t\u00e9 oblasti, ale sp\u00ed\u0161e se pl\u00ed\u017e\u00ed a objevuje se v r\u016fzn\u00fdch n\u00e1rodech po cel\u00e9m sv\u011bt\u011b.<\/p>\n<p><a href=\"https:\/\/aeronet.news\/wp-content\/uploads\/TrumpBibiChairFT.jpg\"><img decoding=\"async\" loading=\"lazy\" class=\"wp-image-62568 aligncenter\" src=\"https:\/\/aeronet.news\/wp-content\/uploads\/TrumpBibiChairFT.jpg\" sizes=\"(max-width: 1280px) 100vw, 1280px\" srcset=\"https:\/\/aeronet.news\/wp-content\/uploads\/TrumpBibiChairFT.jpg 1280w, https:\/\/aeronet.news\/wp-content\/uploads\/TrumpBibiChairFT-300x169.jpg 300w, https:\/\/aeronet.news\/wp-content\/uploads\/TrumpBibiChairFT-768x432.jpg 768w, https:\/\/aeronet.news\/wp-content\/uploads\/TrumpBibiChairFT-1024x576.jpg 1024w, https:\/\/aeronet.news\/wp-content\/uploads\/TrumpBibiChairFT-700x394.jpg 700w, https:\/\/aeronet.news\/wp-content\/uploads\/TrumpBibiChairFT-635x357.jpg 635w, https:\/\/aeronet.news\/wp-content\/uploads\/TrumpBibiChairFT-859x483.jpg 859w\" alt=\"\" width=\"915\" height=\"515\" \/><\/a><\/p>\n<p style=\"text-align: center;\"><em>Donald Trump p\u0159isunuj\u00edc\u00ed k\u0159eslo Bibimu p\u0159i jeho n\u00e1v\u0161t\u011bv\u011b v B\u00edl\u00e9m dom\u011b<\/em><\/p>\n<p>A to mus\u00ed b\u00fdt zcela zni\u010deno, proto\u017ee k\u0159es\u0165anstv\u00ed je n\u00e1bo\u017eenstv\u00ed \u0158\u00edma. A to je ps\u00e1no p\u0159ed v\u00edce ne\u017e dv\u011bma tis\u00edci lety. \u201cA v budoucnu maj\u00ed synov\u00e9 Izmaelovi v budoucnu vyvolat obrovsk\u00e9 v\u00e1lky po cel\u00e9m sv\u011bt\u011b.\u201d Co se te\u010f stane? P\u016fjdou proti cel\u00e9mu sv\u011btu, synov\u00e9 Edomu. A p\u016fjdou a shrom\u00e1\u017ed\u00ed v\u00e1lku proti zbytku sv\u011bta. Synov\u00e9 Edomu, to jsou k\u0159es\u0165an\u00e9. Tak\u017ee v\u0161ichni muslimov\u00e9, to je proroctv\u00ed star\u00e9 v\u00edce ne\u017e 2000 let.<\/p>\n<p>Muslimov\u00e9 p\u016fjdou a zamo\u0159\u00ed zbytek sv\u011bta. V\u0161ude, kam p\u0159ijdou, budou p\u016fsobit spou\u0161\u0165, budou vyvol\u00e1vat nepokoje, budou vyvol\u00e1vat v\u00e1lky a p\u016fjdou proti zemi Edom, n\u00e1rodu Edom, co\u017e jsou v na\u0161\u00ed generaci k\u0159es\u0165an\u00e9, o kter\u00fdch se mluv\u00ed. V 63. kapitole Izaj\u00e1\u0161e, v den velk\u00e9ho a stra\u0161n\u00e9ho dne Hospodinova, se p\u00ed\u0161e, \u017ee Hospodin vyjde z m\u00edsta zvan\u00e9ho Edom a rozdrt\u00ed Edom. J\u00e1 jsem tady jenom hlasatel, jasn\u00fd?<\/p>\n<p>V \u017eidovsk\u00e9m ch\u00e1p\u00e1n\u00ed se v p\u0159\u00edpad\u011b Edomu skute\u010dn\u011b mluv\u00ed o k\u0159es\u0165anstv\u00ed, jasn\u00e9? K\u0159es\u0165anstv\u00ed se naz\u00fdv\u00e1 Edom. -Zopakujte to. -K\u0159es\u0165anstv\u00ed je Edom.\u00a0<strong>Druh\u00e9 jm\u00e9no Ezaua bylo Edom a jeho potomci byli zn\u00e1m\u00ed jako n\u00e1rod Edom. Podle Chazala je Edom otcem \u0158\u00edma.<\/strong>\u00a0Co se pozd\u011bji stalo \u0158\u00edmskou \u0159\u00ed\u0161\u00ed. V\u0161echny n\u00e1rody, v\u0161echna poho\u0159\u00ed budou pln\u00e1 krve mrtv\u00fdch Edomit\u016f kv\u016fli pomst\u011b, kterou jim Ha-\u0160em (B\u016fh) vym\u011b\u0159\u00ed. B\u016fh povstane a zcela zni\u010d\u00ed edomsk\u00e9 m\u011bsto a zcela je vyko\u0159en\u00ed. Ale pokud jde o Ezaua, Edom, zd\u016fraz\u0148ujeme jejich \u00fapln\u00e9 zni\u010den\u00ed, a to, \u017ee je B\u016fh uvrhne do nekone\u010dn\u00e9 j\u00e1my temnoty a zapomn\u011bn\u00ed.<\/p>\n<p>Ohledn\u011b \u00fapln\u00e9ho vyhlazen\u00ed Ezaua m\u00e1me tak\u00e9 celou knihu Obadj\u00e1\u0161. V 18. ver\u0161i jedin\u00e9 kapitoly t\u00e9to knihy \u010dteme n\u00e1sleduj\u00edc\u00ed: \u201c<em>Tehdy se J\u00e1kob\u016fv d\u016fm stane ohn\u011bm, Josef\u016fv d\u016fm plamenem a Ezau\u016fv d\u016fm se stane sl\u00e1mou. Zap\u00e1l\u00ed je a str\u00e1v\u00ed je. Z Ezauova domu nikdo nep\u0159e\u017eije. B\u016fh toti\u017e promluvil<\/em>.\u201d Pot\u0159et\u00ed, tomu se \u0159\u00edk\u00e1 Nikamah B\u2019goyim \u2013\u00a0<em>Pomsta na (pohansk\u00fdch) n\u00e1rodech<\/em>, kter\u00e9 \u0161ly proti n\u00e1m za posledn\u00edch \u010dty\u0159i nebo p\u011bt tis\u00edc let. Ka\u017ed\u00fd n\u00e1rod, ka\u017ed\u00fd \u010dlov\u011bk, kter\u00fd \u0161el proti n\u00e1rodu \u017did\u016f, bude \u201c<em>nikamah<\/em>\u201c, bude \u010delit pomst\u011b, vezmeme si zp\u011bt jejich krev.<\/p>\n<p><a href=\"https:\/\/aeronet.news\/wp-content\/uploads\/PutinBerelLazarSchneerson.jpg\"><img decoding=\"async\" loading=\"lazy\" class=\"wp-image-62553 aligncenter\" src=\"https:\/\/aeronet.news\/wp-content\/uploads\/PutinBerelLazarSchneerson.jpg\" sizes=\"(max-width: 1280px) 100vw, 1280px\" srcset=\"https:\/\/aeronet.news\/wp-content\/uploads\/PutinBerelLazarSchneerson.jpg 1280w, https:\/\/aeronet.news\/wp-content\/uploads\/PutinBerelLazarSchneerson-300x162.jpg 300w, https:\/\/aeronet.news\/wp-content\/uploads\/PutinBerelLazarSchneerson-768x414.jpg 768w, https:\/\/aeronet.news\/wp-content\/uploads\/PutinBerelLazarSchneerson-1024x552.jpg 1024w, https:\/\/aeronet.news\/wp-content\/uploads\/PutinBerelLazarSchneerson-700x377.jpg 700w, https:\/\/aeronet.news\/wp-content\/uploads\/PutinBerelLazarSchneerson-662x357.jpg 662w, https:\/\/aeronet.news\/wp-content\/uploads\/PutinBerelLazarSchneerson-896x483.jpg 896w\" alt=\"\" width=\"831\" height=\"448\" \/><\/a><\/p>\n<p style=\"text-align: center;\"><em>Vladimir Putin s p\u0159edsedou Federace \u017eidovsk\u00fdch obc\u00ed Ruska Berelem Lazarem b\u011bhem ob\u0159adu k uct\u011bn\u00ed pam\u00e1tky\u00a0Menachema Mendel Schneersona, na obrazu v pozad\u00ed v \u017didovsk\u00e9m muzeu v Moskv\u011b<\/em><\/p>\n<p>Potomci nep\u0159\u00e1tel na\u0161eho lidu, kte\u0159\u00ed byli nep\u0159\u00e1teli na\u0161eho lidu od prvn\u00edho dne, n\u00e1s st\u00e1le nen\u00e1vid\u00ed v p\u0159ik\u00e1z\u00e1n\u00ed sv\u00fdch p\u0159edk\u016f, d\u011bti Ezaua, kter\u00e9 nen\u00e1vid\u00ed J\u00e1koba, d\u011bti Amaleka, kter\u00e9 nen\u00e1vid\u00ed J\u00e1koba, d\u011bti v\u0161ech, kte\u0159\u00ed m\u011bli m\u00edsto du\u0161e tu \u010dernou ho\u0159kost nam\u00edsto du\u0161e, ten \u010dern\u00fd, temn\u00fd, stra\u0161n\u00fd, depresivn\u00ed, negativn\u00ed a stra\u0161n\u00fd st\u00edn jako ubohou n\u00e1hradu du\u0161e.\u00a0<strong>St\u00e1le n\u00e1s nen\u00e1vid\u00ed, st\u00e1le n\u00e1m z\u00e1vid\u00ed, st\u00e1le nev\u011bd\u00ed, co si po\u010d\u00edt s na\u0161\u00ed dobrotou.<\/strong>\u00a0Na k\u0159es\u0165anstv\u00ed, na Edom, a to k\u0159es\u0165anstv\u00ed mus\u00ed b\u00fdt zcela zni\u010deno, a tak nastane pln\u00e1 s\u00edla mesi\u00e1\u0161sk\u00e9ho v\u011bku. Duchovn\u00edm d\u011bdicem \u0158\u00edmsk\u00e9 \u0159\u00ed\u0161e je z\u00e1padn\u00ed sv\u011bt, Spojen\u00e9 st\u00e1ty americk\u00e9, tak\u017ee USA vydr\u017e\u00ed, dokud nep\u0159ijde Mesi\u00e1\u0161.<\/p>\n<p>Tak\u017ee jednou z v\u011bc\u00ed, kter\u00e1 se mus\u00ed st\u00e1t, je tedy p\u00e1d Ameriky. Mysl\u00edm t\u00edm, proto\u017ee sv\u011btov\u00fd \u0159\u00e1d veden\u00fd Ameri\u010dany skon\u010d\u00ed. To nen\u00ed tot\u00e9\u017e jako samotn\u00fd konec, o kter\u00e9m \u010dteme v Bibli. Tak\u017ee n\u011bjak\u00fdm zp\u016fsobem dojde ke kolapsu. Chci \u0159\u00edct, \u017ee Amerika je siln\u00e1, ale ne kdy\u017e jde proti t\u0159em, \u010dty\u0159em arm\u00e1d\u00e1m. To zni\u010d\u00ed Ezau. -Zni\u010d\u00ed to Ezau. Jakmile opust\u00edme toto m\u00edsto, Ha-\u0160em (B\u016fh) poh\u0159b\u00ed Ameriku. To se stane. Ne proto, \u017ee bych byl n\u011bjak\u00fd prorok. Nebudu v\u00e1m tady d\u00e1vat \u017e\u00e1dn\u00e1 proroctv\u00ed. Jen v\u00e1m popisuji bo\u017esk\u00fd vzorec.<\/p>\n<p>\u2013<em>Citace projev\u016f mesianistick\u00fdch rab\u00edn\u016f<\/em>\u2013<\/p>\n<h6><span style=\"font-size: 18pt;\">Komplement\u00e1rn\u00ed a antagonistick\u00e1 v\u00e1lka<\/span><\/h6>\n<p>Dovolte mi, abych v\u00e1s proto uvedl do \u0161koly vysok\u00fdch proces\u016f \u0159\u00edzen\u00ed, do tzv. z\u00e1kladu prvn\u00ed lekce. Tento proces se naz\u00fdv\u00e1\u00a0<strong>\u201c<em>komplement\u00e1rn\u00ed v\u00e1lka<\/em>\u201c<\/strong>\u00a0a dv\u011b strany, kter\u00e9 v takov\u00e9 v\u00e1lce bojuj\u00ed, se ve skute\u010dnosti vz\u00e1jemn\u011b neni\u010d\u00ed, n\u00fdbr\u017e se vz\u00e1jemn\u011b dopl\u0148uj\u00ed. V\u00fdsledkem takov\u00e9 v\u00e1lky je zni\u010den\u00ed n\u011bkoho jin\u00e9ho, t\u0159et\u00edho, kter\u00fd netu\u0161\u00ed, \u017ee se \u00fa\u010dastn\u00ed v\u00e1lky ve jm\u00e9nu prvn\u00ed nebo druh\u00e9 v\u00e1l\u010d\u00edc\u00ed komplement\u00e1rn\u00ed strany, a \u017ee c\u00edlem komplement\u00e1rn\u00ed v\u00e1lky nen\u00ed v\u00edt\u011bzstv\u00ed t\u00e9 strany, pro kterou t\u0159et\u00ed strana bojuje, um\u00edr\u00e1 a nasazuje sv\u00e9 ob\u010dany.<\/p>\n<p><strong>Ale c\u00edlem je samotn\u00e1 likvidace a \u00fapln\u00e9 zni\u010den\u00ed t\u00e9to t\u0159et\u00ed slou\u017e\u00edc\u00ed a pom\u00e1haj\u00edc\u00ed strany ve zni\u010duj\u00edc\u00ed sebelikvidaci ve jm\u00e9nu slu\u017eby prvn\u00ed nebo druh\u00e9 stran\u011b v komplement\u00e1rn\u00ed v\u00e1lce.<\/strong>\u00a0Douf\u00e1m, \u017ee u\u017e se dost\u00e1v\u00e1te do obrazu. P\u0159esn\u011b takto funguje v\u00e1lka mezi \u017e a \u017d. C\u00edlem t\u00e9to v\u00e1lky je likvidace Edomu a \u0158\u00edmsk\u00e9 \u0159\u00ed\u0161e. Zaj\u00edmav\u00e9 je to, \u017ee i Elon Musk na Twitteru sd\u00edlel post, \u017ee Amerika je nov\u00e1 \u0158\u00edmsk\u00e1 \u0159\u00ed\u0161e.<\/p>\n<div class=\"twitter-tweet twitter-tweet-rendered\"><a href=\"https:\/\/x.com\/Culture_Crit\/status\/1859272770414146042?ref_src=twsrc%5Etfw%7Ctwcamp%5Etweetembed%7Ctwterm%5E1859478264177115362%7Ctwgr%5E43cd34bbe192b5933496123c5f63ce3b30ea09f7%7Ctwcon%5Es3_&amp;ref_url=https%3A%2F%2Faeronet.news%2Fzapadni-civilizace-edomu-v-cele-s-usa-jako-nastupnicka-civilizace-rimske-rise-bude-po-prichodu-mesiase-znicena-jako-posledni-ze-4-nepratelskych-kralovstvi-ktere-utlacovaly-vyvoleny-narod%2F\"><img decoding=\"async\" loading=\"lazy\" class=\"wp-image-71978 aligncenter\" src=\"http:\/\/www.infokuryr.cz\/n\/wp-content\/uploads\/2025\/02\/obrazek1-176x300.jpg\" alt=\"\" width=\"450\" height=\"767\" srcset=\"https:\/\/www.infokuryr.cz\/n\/wp-content\/uploads\/2025\/02\/obrazek1-176x300.jpg 176w, https:\/\/www.infokuryr.cz\/n\/wp-content\/uploads\/2025\/02\/obrazek1.jpg 441w\" sizes=\"(max-width: 450px) 100vw, 450px\" \/><\/a><\/div>\n<p>Klasick\u00e1 v\u00e1lka, ve kter\u00e9 bojuj\u00ed dv\u011b nebo v\u00edce stran proti sob\u011b a c\u00edlem je por\u00e1\u017eka druh\u00e9 strany, takov\u00e9 v\u00e1lce se \u0159\u00edk\u00e1\u00a0<em><strong>\u201cantagonistick\u00e1 v\u00e1lka\u201d<\/strong><\/em>, tedy v\u00e1lka proti protivn\u00edkovi na druh\u00e9 stran\u011b. Naproti tomu v\u00e1lka \u201ckomplement\u00e1rn\u00ed\u201d je v\u00e1lkou, kdy ob\u011b dv\u011b bojuj\u00edc\u00ed strany se vz\u00e1jemn\u011b \u201cdopl\u0148uj\u00ed\u201d v likvidaci toho t\u0159et\u00edho, kter\u00fd nech\u00e1pe skute\u010dn\u00fd smysl dvou v\u00e1l\u010d\u00edc\u00edch stran, z nich\u017e jednomu tento t\u0159et\u00ed sl\u00edbil oddanost a slu\u017ebu.<\/p>\n<p>Tak\u017ee, zat\u00edmco ten t\u0159et\u00ed se postav\u00ed na jednu nebo druhou stranu na pomoc, tak vyzbroj\u00ed arm\u00e1du, mobilizuje sv\u00e9 voj\u00e1ky a po\u0161le je, aby zab\u00edjeli voj\u00e1ky t\u00e9 opa\u010dn\u00e9 t\u0159et\u00ed strany, kter\u00e1 sl\u00edbila pro zm\u011bnu oddanost a slu\u017ebu druh\u00e9mu komplement\u00e1rn\u00edmu v\u00e1le\u010dn\u00edkovi. A tak mezi sebou v\u00e1l\u010d\u00ed\u00a0<em><strong>arm\u00e1dy t\u011bch t\u0159et\u00edch<\/strong><\/em>\u00a0a v t\u011bch arm\u00e1d\u00e1ch um\u00edraj\u00ed\u00a0<em>goyim<\/em>.<\/p>\n<h6><span style=\"font-size: 18pt;\">Ti t\u0159et\u00ed netu\u0161\u00ed, co je skute\u010dn\u00fdm c\u00edlem v\u00e1lky t\u011bch dvou mezi sebou<\/span><\/h6>\n<p>C\u00edlem v\u00e1lky na Ukrajin\u011b nen\u00ed por\u00e1\u017eka Moskevsk\u00fdch kancel\u00e1\u0159\u00ed, kter\u00e9 ovl\u00e1daj\u00ed cel\u00e9 Rusko. C\u00edlem nen\u00ed ani por\u00e1\u017eka Lond\u00fdnsk\u00fdch kancel\u00e1\u0159\u00ed, kter\u00e9 ovl\u00e1daj\u00ed tzv. kolektivn\u00ed Z\u00e1pad. Ne.\u00a0<strong>C\u00edlem t\u00e9to v\u00e1lky je likvidace Edomu, tedy z\u00e1padn\u00ed k\u0159es\u0165ansk\u00e9 civilizace jako\u017eto posledn\u00ed zn\u00e1m\u00e9 transformace \u0158\u00edmsk\u00e9 \u0159\u00ed\u0161e.<\/strong>\u00a0C\u00edlem je likvidace ekonomik z\u00e1padn\u00ed civilizace, ekonomik v EU i v USA. C\u00edlem je likvidace slovansk\u00fdch voj\u00e1k\u016f na Ukrajin\u011b, c\u00edlem je rozklad evropsk\u00e9 populace africkou a muslimskou migrac\u00ed, c\u00edlem je rozvrat a destrukce k\u0159es\u0165ansk\u00e9 z\u00e1padn\u00ed rodiny t\u00edm, \u017ee dojde ke zprzn\u011bn\u00ed a k deviaci d\u011bt\u00ed formou introdukce deviatury, tedy zpolitizovan\u00e9 propagace pohlavn\u00edch deviac\u00ed ve spole\u010dnosti.<\/p>\n<figure id=\"attachment_62604\" class=\"wp-caption aligncenter\" style=\"width: 682px;\"><a href=\"https:\/\/aeronet.news\/wp-content\/uploads\/Roman-empire-senate-flag.jpg\"><img decoding=\"async\" loading=\"lazy\" class=\"wp-image-62604 \" src=\"https:\/\/aeronet.news\/wp-content\/uploads\/Roman-empire-senate-flag-1024x513.jpg\" sizes=\"(max-width: 700px) 100vw, 700px\" srcset=\"https:\/\/aeronet.news\/wp-content\/uploads\/Roman-empire-senate-flag-1024x513.jpg 1024w, https:\/\/aeronet.news\/wp-content\/uploads\/Roman-empire-senate-flag-300x150.jpg 300w, https:\/\/aeronet.news\/wp-content\/uploads\/Roman-empire-senate-flag-768x385.jpg 768w, https:\/\/aeronet.news\/wp-content\/uploads\/Roman-empire-senate-flag-700x351.jpg 700w, https:\/\/aeronet.news\/wp-content\/uploads\/Roman-empire-senate-flag-713x357.jpg 713w, https:\/\/aeronet.news\/wp-content\/uploads\/Roman-empire-senate-flag-964x483.jpg 964w, https:\/\/aeronet.news\/wp-content\/uploads\/Roman-empire-senate-flag.jpg 1208w\" alt=\"\" width=\"682\" height=\"342\" \/><\/a><figcaption class=\"wp-caption-text\"><em>Vlajka Sen\u00e1tu Svat\u00e9 \u0158\u00ed\u0161e \u0159\u00edmsk\u00e9<\/em><\/figcaption><\/figure>\n<p>Proto jsou do \u010del z\u00e1padn\u00edch zem\u00ed dosazov\u00e1ni devianti, vlastizr\u00e1dci, diletanti, nad kter\u00fdmi si \u010dlov\u011bk mus\u00ed odplivnout, jak\u00e1 je to ch\u00e1tra, v\u0161ehoschopn\u00e9 bestie, gr\u00e1zlov\u00e9 naz\u00fdvaj\u00edc\u00ed vlastn\u00ed ob\u010dany svin\u011bmi, prostitutky nev\u00e1haj\u00edc\u00ed vpichovat do vlastn\u00edch ob\u010dan\u016f jedy pod z\u00e1minkou vakcina\u010dn\u00ed ochrany, proto jsou ob\u010dan\u00e9 sd\u00edr\u00e1ni z k\u016f\u017ee, proto jsou chyst\u00e1ny sm\u011brnice EU, kter\u00e9 lidi zbav\u00ed vlastnictv\u00ed nemovitost\u00ed, aut a postupn\u011b ve\u0161ker\u00e9ho soukrom\u00e9ho vlastnictv\u00ed. C\u00edlem dosazov\u00e1n\u00ed takov\u00fdch toxick\u00fdch k\u00e1dr\u016f do n\u00e1rodn\u00edch proces\u016f \u0159\u00edzen\u00ed je toti\u017e likvidace Edomu zevnit\u0159.<\/p>\n<h6><span style=\"font-size: 18pt;\">Kr\u00e1l Severu za\u00fato\u010d\u00ed na kr\u00e1le Jihu, ale v\u00fdsledkem bude naprost\u00e9 zni\u010den\u00ed a likvidace kr\u00e1le Z\u00e1padu!<\/span><\/h6>\n<p>Zat\u00edmco Lond\u00fdn a Moskva vedou komplement\u00e1rn\u00ed v\u00e1lku mezi \u017e a \u017d, tak mezit\u00edm v Evrop\u011b se hrout\u00ed ekonomika a b\u00edl\u00e1 k\u0159es\u0165ansk\u00e1 rodina toho t\u0159et\u00edho. Mezit\u00edm se ta sam\u00e1 rodina hrout\u00ed i v USA.\u00a0<strong>Podle Tanachu, tedy tzv. Hebrejsk\u00e9 Bible, je p\u0159\u00edchod Mesi\u00e1\u0161e o\u010dek\u00e1v\u00e1n pot\u00e9, co kr\u00e1l Severu zvan\u00fd\u00a0<em>Gog Magog<\/em>\u00a0za\u00fato\u010d\u00ed na kr\u00e1lovstv\u00ed Jihu reprezentovan\u00e9 Izraelem<\/strong>, a to\u00a0 za pomoc\u00ed kr\u00e1le V\u00fdchodu (\u00cdr\u00e1nu) a rovn\u011b\u017e kr\u00e1le Sinaje (Egypt). Podle proroctv\u00ed p\u016fjde o\u00a0<em><strong>komplement\u00e1rn\u00ed \u00fader<\/strong><\/em>, jeho\u017e c\u00edlem je donutit v\u0161echny z\u00e1padn\u00ed n\u00e1rody Edomu, aby se postavily na obranu napaden\u00e9ho Izraele. Podle proroctv\u00ed to v\u011bt\u0161ina, v\u00edce ne\u017e polovina zem\u00ed Edomu, ze strachu z Gog Magoga na Severu, neud\u011bl\u00e1 a Izrael zrad\u00ed a opust\u00ed.<\/p>\n<figure id=\"attachment_62606\" class=\"wp-caption aligncenter\" style=\"width: 689px;\"><a href=\"https:\/\/aeronet.news\/wp-content\/uploads\/US_SenateFascia.jpg\"><img decoding=\"async\" loading=\"lazy\" class=\"wp-image-62606 \" src=\"https:\/\/aeronet.news\/wp-content\/uploads\/US_SenateFascia-1024x551.jpg\" sizes=\"(max-width: 700px) 100vw, 700px\" srcset=\"https:\/\/aeronet.news\/wp-content\/uploads\/US_SenateFascia-1024x551.jpg 1024w, https:\/\/aeronet.news\/wp-content\/uploads\/US_SenateFascia-300x161.jpg 300w, https:\/\/aeronet.news\/wp-content\/uploads\/US_SenateFascia-768x413.jpg 768w, https:\/\/aeronet.news\/wp-content\/uploads\/US_SenateFascia-700x377.jpg 700w, https:\/\/aeronet.news\/wp-content\/uploads\/US_SenateFascia-663x357.jpg 663w, https:\/\/aeronet.news\/wp-content\/uploads\/US_SenateFascia-897x483.jpg 897w, https:\/\/aeronet.news\/wp-content\/uploads\/US_SenateFascia.jpg 1280w\" alt=\"\" width=\"689\" height=\"371\" \/><\/a><figcaption class=\"wp-caption-text\"><em>\u0158\u00edmsk\u00e9 symboly svazkov\u00fdch prut\u016f a sekyry, symbol nejen italsk\u00fdch fa\u0161ist\u016f, ale p\u0159edev\u0161\u00edm \u0159\u00edmsk\u00fdch legi\u00ed v americk\u00e9m Sen\u00e1tu v Kongresu<\/em><\/figcaption><\/figure>\n<p>To povede k tomu, \u017ee Kr\u00e1l Severu to vyhodnot\u00ed jako slabost Edomu a napadne cel\u00fd Edom, p\u0159i\u010dem\u017e uvnit\u0159 Edomu povstanou bojovn\u00edci a p\u0159\u00edznivci Gog Magoga a vypuknou povst\u00e1n\u00ed proti vl\u00e1d\u00e1m v Evrop\u011b, povst\u00e1n\u00ed lidu v odplat\u011b za t\u00fdr\u00e1n\u00ed a tr\u00fdzn\u011bn\u00ed, za \u00fatlaky a \u00fatisky\u00a0<em>vladeviky<\/em>\u00a0v Evrop\u011b. Spole\u010dn\u011b s nimi ale povstanou v Evrop\u011b i muslimov\u00e9, kte\u0159\u00ed vyvolaj\u00ed etnick\u00e9 nepokoje proti k\u0159es\u0165an\u016fm. I toto je uvedeno v proroctv\u00ed Tanachu, \u017ee muslimov\u00e9 se infiltruj\u00ed do k\u0159es\u0165ansk\u00fdch zem\u00ed v Evrop\u011b a vyvolaj\u00ed etnick\u00e9 \u00fatoky na k\u0159es\u0165any v Evrop\u011b. P\u0159esn\u011b jak zazn\u00edv\u00e1 od jednoho z rab\u00edn\u016f ve videu.<\/p>\n<p>Tot\u00e9\u017e prob\u011bhne v USA, kde dojde ke vzpour\u00e1m proti v\u016fdci, kter\u00fd bude prohl\u00e1\u0161en za\u00a0<em>fale\u0161n\u00e9ho proroka a fale\u0161n\u00e9ho spasitele<\/em>. Kone\u010dn\u00fdm v\u00fdsledkem v\u00e1lky mezi Severem a Jihem tak podle proroctv\u00ed z Tanachu je zni\u010den\u00ed toho t\u0159et\u00edho \u2013 Edomu, \u010dili z\u00e1padn\u00ed k\u0159es\u0165ansk\u00e9 civilizace. Podle t\u00e9ho\u017e proroctv\u00ed se pot\u00e9 kr\u00e1lovstv\u00ed Severu a Jihu usm\u00ed\u0159\u00ed a ujmou se spole\u010dn\u011b vl\u00e1dy nad cel\u00fdm sv\u011btem, p\u0159i\u010dem\u017e hlavn\u00edm s\u00eddlem sv\u011bta se stane 3. Chr\u00e1m v Jeruzal\u00e9m\u011b.<\/p>\n<h6><span style=\"font-size: 18pt;\">Kdo pochop\u00ed komplement\u00e1rn\u00ed v\u00e1lku mezi \u017e a \u017d, pochop\u00ed \u0161irokospektr\u00e1ln\u00ed mozaiku glob\u00e1ln\u00edho \u0159\u00edzen\u00ed<\/span><\/h6>\n<p>Proroctv\u00ed Talmudu k tomu je\u0161t\u011b dod\u00e1v\u00e1, \u017ee v t\u00e9to v\u00e1lce se nad zem\u00ed Judskou rozsv\u00edt\u00ed 7 Slunc\u00ed, kter\u00e9 se\u017eehnou celou tu zemi a B\u016fh odevzd\u00e1 v od\u0161kodn\u011bn\u00ed Vyvolen\u00e9mu n\u00e1rodu vl\u00e1du nad celou planetou, tzv. sv\u011btovl\u00e1du v Diaspo\u0159e. Ha-\u0160em (pozn. B\u016fh) v\u0161ak ochr\u00e1n\u00ed Jeruzal\u00e9m, kter\u00fd nebude \u00faderem 7 Slunc\u00ed nijak zasa\u017een.<\/p>\n<p><strong><em>Nikdo v t\u011bch dnech nep\u0159ijde na pomoc t\u00e9 zemi, nebo\u0165 v\u0161ichni ti, kte\u0159\u00ed slibem Halachy ochranu p\u0159isl\u00edbili, zbab\u011ble z\u016fstali schov\u00e1n\u00ed v d\u00edr\u00e1ch a krytech Edomu, t\u00e9 \u0159\u00ed\u0161e zla<\/em>.<\/strong>\u00a0Tak stoj\u00ed proroctv\u00ed v Tanachu. Jist\u011b dok\u00e1\u017eete z t\u011bchto proroctv\u00ed si nyn\u00ed odvodit, kdo je to\u00a0<em>Gog Magog<\/em>, co je to Severn\u00ed kr\u00e1lovstv\u00ed a pro\u010d \u017eidovsk\u00fd ji\u017e ne-prezident Ukrajiny neust\u00e1le k\u0159i\u010d\u00ed a varuje, \u017ee Vladimir Putin chce t\u00e1hnout do Evropy. Zelensk\u00fd \u010detl\u00a0<em>Tanach<\/em>\u00a0a tu\u0161\u00ed, kdo je Gog Magog.<\/p>\n<figure id=\"attachment_62552\" class=\"wp-caption aligncenter\" style=\"width: 705px;\"><a href=\"https:\/\/aeronet.news\/wp-content\/uploads\/ZelenskyChabadMeeting.jpg\"><img decoding=\"async\" loading=\"lazy\" class=\"wp-image-62552 \" src=\"https:\/\/aeronet.news\/wp-content\/uploads\/ZelenskyChabadMeeting-1024x641.jpg\" sizes=\"(max-width: 700px) 100vw, 700px\" srcset=\"https:\/\/aeronet.news\/wp-content\/uploads\/ZelenskyChabadMeeting-1024x641.jpg 1024w, https:\/\/aeronet.news\/wp-content\/uploads\/ZelenskyChabadMeeting-300x188.jpg 300w, https:\/\/aeronet.news\/wp-content\/uploads\/ZelenskyChabadMeeting-768x481.jpg 768w, https:\/\/aeronet.news\/wp-content\/uploads\/ZelenskyChabadMeeting-700x438.jpg 700w, https:\/\/aeronet.news\/wp-content\/uploads\/ZelenskyChabadMeeting-570x357.jpg 570w, https:\/\/aeronet.news\/wp-content\/uploads\/ZelenskyChabadMeeting-772x483.jpg 772w, https:\/\/aeronet.news\/wp-content\/uploads\/ZelenskyChabadMeeting.jpg 1280w\" alt=\"\" width=\"705\" height=\"441\" \/><\/a><figcaption class=\"wp-caption-text\">Zelensk\u00fd v roce 2019 po sv\u00e9m zvolen\u00ed prezidentem na setk\u00e1n\u00ed s p\u0159edstaviteli Chabad Lubavitch<\/figcaption><\/figure>\n<p>P\u0159itom v t\u00e9to komplement\u00e1rn\u00ed v\u00e1lce oba dva, Zelensk\u00fd i Putin, sv\u00e1d\u011bj\u00ed komplement\u00e1rn\u00ed v\u00e1lku na Ukrajin\u011b.\u00a0<strong>Proto ta v\u00e1lka a\u00a0<em>specka<\/em>\u00a0je tak divn\u00e1.<\/strong>\u00a0C\u00edlem je toti\u017e likvidace toho t\u0159et\u00edho, tedy kolektivn\u00edho Z\u00e1padu a pota\u017emo cel\u00e9 z\u00e1padn\u00ed civilizace. Video s vrcholn\u00fdmi chabadistick\u00fdmi rab\u00edny je ta nejvy\u0161\u0161\u00ed konceptu\u00e1ln\u00ed \u0161kola. Sly\u0161\u00edte p\u0159\u00edmo od rab\u00edn\u016f, kdo je nejv\u011bt\u0161\u00ed nep\u0159\u00edtel Vyvolen\u00e9ho n\u00e1roda. Nejsou to muslimov\u00e9, nejsou to Palestinci v Gaze, nejsou to dokonce ani ateist\u00e9 a bezv\u011brci, prost\u011b nic z toho. Jsou to k\u0159es\u0165an\u00e9 a jejich z\u00e1padn\u00ed civilizace. Nejv\u011bt\u0161\u00edm nep\u0159\u00edtelem jsou k\u0159es\u0165an\u00e9 a jejich Edom, tedy jak oni naz\u00fdvaj\u00ed \u0158\u00ed\u0161i zla.<\/p>\n<p>Proto v\u00e1lka mezi \u017e a \u017d je v\u00e1lkou, kdy se ob\u011b strany dopl\u0148uj\u00ed ve v\u00e1lce proti t\u0159et\u00edmu, kter\u00fd naprosto nic netu\u0161\u00ed, proti komu ti dva ve skute\u010dnosti a doopravdy vlastn\u011b bojuj\u00ed. A kdo pochop\u00ed tuto konceptu\u00e1ln\u00ed rovinu, tuto nepochopitelnou podobu v\u00e1lky, pochop\u00ed automaticky i roli\u00a0<em>Chabadu Lubavitch<\/em>, tedy sekty, kter\u00e1 vl\u00e1dne nad ob\u011bma komplement\u00e1rn\u00edmi v\u00e1le\u010dn\u00edky. Jak nad Lond\u00fdnem, tak nad Moskvou. Proto Chabad ovl\u00e1d\u00e1 procesy jak okolo \u201c<em>fale\u0161n\u00e9ho proroka<\/em>\u201d v USA, i okolo zjevn\u00e9ho \u201c<em>Gog Magoga<\/em>\u201d v Moskv\u011b. Pokud i toto je na v\u00e1s st\u00e1le slo\u017eit\u00e9 k pochopen\u00ed, tak v\u00edce bude v m\u00e9m velikono\u010dn\u00edm po\u0159adu na SVCS.<\/p>\n<p><a href=\"https:\/\/aeronet.news\/zapadni-civilizace-edomu-v-cele-s-usa-jako-nastupnicka-civilizace-rimske-rise-bude-po-prichodu-mesiase-znicena-jako-posledni-ze-4-nepratelskych-kralovstvi-ktere-utlacovaly-vyvoleny-narod\/\">-VK-<\/a><\/p>\n","protected":false},"excerpt":{"rendered":"<p>Z\u00e1padn\u00ed civilizace Edomu v \u010dele s USA jako n\u00e1stupnick\u00e1 civilizace \u0158\u00edmsk\u00e9 \u0159\u00ed\u0161e bude po p\u0159\u00edchodu&#8230;<\/p>\n","protected":false},"author":2,"featured_media":71979,"comment_status":"closed","ping_status":"closed","sticky":false,"template":"","format":"standard","meta":[],"categories":[6],"tags":[1042,6332,40,365,92],"_links":{"self":[{"href":"https:\/\/www.infokuryr.cz\/n\/wp-json\/wp\/v2\/posts\/71977"}],"collection":[{"href":"https:\/\/www.infokuryr.cz\/n\/wp-json\/wp\/v2\/posts"}],"about":[{"href":"https:\/\/www.infokuryr.cz\/n\/wp-json\/wp\/v2\/types\/post"}],"author":[{"embeddable":true,"href":"https:\/\/www.infokuryr.cz\/n\/wp-json\/wp\/v2\/users\/2"}],"replies":[{"embeddable":true,"href":"https:\/\/www.infokuryr.cz\/n\/wp-json\/wp\/v2\/comments?post=71977"}],"version-history":[{"count":0,"href":"https:\/\/www.infokuryr.cz\/n\/wp-json\/wp\/v2\/posts\/71977\/revisions"}],"wp:featuredmedia":[{"embeddable":true,"href":"https:\/\/www.infokuryr.cz\/n\/wp-json\/wp\/v2\/media\/71979"}],"wp:attachment":[{"href":"https:\/\/www.infokuryr.cz\/n\/wp-json\/wp\/v2\/media?parent=71977"}],"wp:term":[{"taxonomy":"category","embeddable":true,"href":"https:\/\/www.infokuryr.cz\/n\/wp-json\/wp\/v2\/categories?post=71977"},{"taxonomy":"post_tag","embeddable":true,"href":"https:\/\/www.infokuryr.cz\/n\/wp-json\/wp\/v2\/tags?post=71977"}],"curies":[{"name":"wp","href":"https:\/\/api.w.org\/{rel}","templated":true}]}}