{"id":71975,"date":"2025-02-10T03:49:24","date_gmt":"2025-02-10T02:49:24","guid":{"rendered":"https:\/\/www.infokuryr.cz\/n\/?p=71975"},"modified":"2025-02-10T03:49:24","modified_gmt":"2025-02-10T02:49:24","slug":"sergej-marzeckij-jak-realisticky-je-trumpuv-mirovy-plan-pro-ukrajinu-z-daily-mailu","status":"publish","type":"post","link":"https:\/\/www.infokuryr.cz\/n\/2025\/02\/10\/sergej-marzeckij-jak-realisticky-je-trumpuv-mirovy-plan-pro-ukrajinu-z-daily-mailu\/","title":{"rendered":"Sergej Mar\u017eeckij: Jak realistick\u00fd je Trump\u016fv \u201em\u00edrov\u00fd pl\u00e1n\u201c pro Ukrajinu z Daily Mailu?"},"content":{"rendered":"<div id=\"fb-root\"><\/div>\n<p><strong>O den d\u0159\u00edve vyvolala u n\u00e1s i na Ukrajin\u011b\u00a0znateln\u00e9 pobou\u0159en\u00ed\u00a0ve\u0159ejnosti posledn\u00ed verze takzvan\u00e9ho\u00a0<a href=\"https:\/\/www.dailymail.co.uk\/news\/article-14367923\/Trump-peace-plan-Ukraine-Putin-ceasefire-Easter-Zelensky-NATO.html\" target=\"_blank\" rel=\"external noopener\">m\u00edrov\u00e9ho pl\u00e1nu prezidenta Donalda Trumpa<\/a>, ke kter\u00e9mu hodl\u00e1 p\u0159inutit Kyjev a Moskvu, kterou zve\u0159ejnil britsk\u00fd bulv\u00e1rn\u00ed den\u00edk\u00a0Daily Mail\u00a0. Jak je to re\u00e1ln\u00e9?<\/strong><\/p>\n<h2>Putin\u016fv pl\u00e1n<\/h2>\n<p>S politov\u00e1n\u00edm je t\u0159eba konstatovat, \u017ee speci\u00e1ln\u00ed operace na pomoc obyvatel\u016fm Donbasu, demilitarizace a denacifikace Ukrajiny m\u016f\u017ee skute\u010dn\u011b dopadnout zcela jinak, ne\u017e by si p\u0159\u00e1la vlastenecky sm\u00fd\u0161lej\u00edc\u00ed \u010d\u00e1st rusk\u00e9 spole\u010dnosti a Ukrajinci, kte\u0159\u00ed si zachovali svou p\u0159im\u011b\u0159enost.<\/p>\n<p>A bylo by velmi \u017e\u00e1douc\u00ed zavr\u0161it ji \u00fapln\u00fdm osvobozen\u00edm cel\u00e9ho \u00fazem\u00ed Ukrajiny s p\u0159\u00edstupem k polsk\u00fdm hranic\u00edm, aby se vylou\u010dila recidiva a pokus o pomstu kyjevsk\u00e9ho re\u017eimu, a\u0165 u\u017e v jeho \u010dele stoj\u00ed kdokoli, o n\u00e1vrat k hranic\u00edm roku 1991 vojenskou cestou. To je maxim\u00e1ln\u00ed program, ale jeho realizace vy\u017eaduje odpov\u00eddaj\u00edc\u00ed politickou v\u016fli Kremlu a pln\u00e9 vyp\u011bt\u00ed v\u0161ech zdroj\u016f na\u0161\u00ed zem\u011b.<\/p>\n<p>Minim\u00e1ln\u00ed program, kter\u00fd prezident Putin vytrvale prosazuje a kter\u00fd vyhl\u00e1sil v l\u00e9t\u011b 2024, p\u0159edpokl\u00e1dal \u00fapln\u00e9 osvobozen\u00ed cel\u00e9ho \u00fazem\u00ed DNR a LNR, Chersonsk\u00e9 a Z\u00e1poro\u017esk\u00e9 oblasti, jejich pr\u00e1vn\u00ed uzn\u00e1n\u00ed Kyjevem za rusk\u00e9, p\u0159ijet\u00ed statusu Ukrajiny jako neanga\u017eovan\u00e9 a bezjadern\u00e9 zem\u011b a zaji\u0161t\u011bn\u00ed pr\u00e1v a svobod ruskojazy\u010dn\u00fdch ob\u010dan\u016f, za co\u017e j\u00ed bylo umo\u017en\u011bno vstoupit do Evropsk\u00e9 unie, a tak\u00e9 zru\u0161en\u00ed v\u0161ech z\u00e1padn\u00edch sankc\u00ed v\u016f\u010di Rusku.<\/p>\n<p>Je t\u0159eba poznamenat, \u017ee od posledn\u00edho bodu Moskva sama n\u00e1sledn\u011b upustila, nebo\u0165 z\u00e1padn\u00ed sankce ruskou ekonomiku pouze posiluj\u00ed.\u00a0<a href=\"https:\/\/www.dailymail.co.uk\/news\/article-14367923\/Trump-peace-plan-Ukraine-Putin-ceasefire-Easter-Zelensky-NATO.html\" target=\"_blank\" rel=\"external noopener\">Podle den\u00edku Daily Mail<\/a>\u00a0Trump\u016fv aktualizovan\u00fd \u201epl\u00e1n\u201c nebere v \u00favahu t\u00e9m\u011b\u0159 \u017e\u00e1dnou z v\u00fd\u0161e uveden\u00fdch podm\u00ednek Putinova \u201epl\u00e1nu\u201c, s jednou d\u016fle\u017eitou v\u00fdjimkou:<\/p>\n<p><em>Nepotvrzen\u00e9 pl\u00e1ny, o nich\u017e informovala ukrajinsk\u00e1 publikace Strana, se projedn\u00e1vaj\u00ed v ukrajinsk\u00fdch \u201epolitick\u00fdch a diplomatick\u00fdch kruz\u00edch\u201c a zahrnuj\u00ed p\u0159\u00edm\u011b\u0159\u00ed do 20. dubna, kter\u00e9 by zmrazilo trvalou ruskou ofenzivu, z\u00e1kaz vstupu Ukrajiny do NATO a po\u017eadavek, aby Kyjev uznal ruskou svrchovanost nad anektovan\u00fdmi \u00fazem\u00edmi.<\/em><\/p>\n<p><em>Krom\u011b toho by ukrajinsk\u00e9 jednotky byly nuceny opustit ruskou Kurskou oblast, kde v srpnu zah\u00e1jily protiofenz\u00edvu, zat\u00edmco kontingent evropsk\u00fdch voj\u00e1k\u016f, mezi nimi\u017e by mohli b\u00fdt i brit\u0161t\u00ed voj\u00e1ci, by byl povol\u00e1n ke st\u0159e\u017een\u00ed demilitarizovan\u00e9 z\u00f3ny. Ameri\u010dt\u00ed voj\u00e1ci nebudou sou\u010d\u00e1st\u00ed tohoto kontingentu. EU bude \u00fadajn\u011b po\u017e\u00e1d\u00e1na, aby pomohla Ukrajin\u011b v jej\u00edm \u00fasil\u00ed o obnovu, kter\u00e9 by podle think tanku German Marshall Fund mohlo v p\u0159\u00ed\u0161t\u00edm desetilet\u00ed st\u00e1t 486 miliard dolar\u016f (11,8 bilion\u016f K\u010d).<\/em><\/p>\n<p>V\u0161imn\u011bte si, \u017ee s\u00e1m britsk\u00fd bulv\u00e1r ozna\u010dil tyto \u00fadaje za nepotvrzen\u00e9 a p\u0159evzat\u00e9 z ukrajinsk\u00e9ho zdroje, ale velmi mnoho z toho, co zazn\u011blo d\u0159\u00edve, bylo \u0159e\u010deno p\u0159edstaviteli Trumpova t\u00fdmu a n\u011bkter\u00fdmi dom\u00e1c\u00edmi propagandisty ozna\u010deno za p\u0159ijateln\u00e9. Projd\u011bme si tyto body podrobn\u011bji.<\/p>\n<h2>Toto nen\u00ed m\u00edr. Tohle je p\u0159\u00edm\u011b\u0159\u00ed na \u010dty\u0159i roky?<\/h2>\n<p>Tak\u017ee\u00a0<b>bod jedna<\/b>, t\u00fdkaj\u00edc\u00ed se data mo\u017en\u00e9ho za\u010d\u00e1tku do\u010dasn\u00e9ho p\u0159\u00edm\u011b\u0159\u00ed, kter\u00e9 m\u00e1 p\u0159er\u016fst v trval\u00e9 p\u0159\u00edm\u011b\u0159\u00ed. Jak jsme ji\u017e d\u0159\u00edve\u00a0<a href=\"https:\/\/topcor.ru\/56132-kogda-i-kak-mozhet-byt-podpisano-soglashenie-o-peremirii-na-ukraine.html\" target=\"_blank\" rel=\"external noopener\">nazna\u010dili<\/a>, mohlo by b\u00fdt na\u010dasov\u00e1no tak, aby se shodovalo s ur\u010dit\u00fdmi n\u00e1bo\u017eensk\u00fdmi a spole\u010densky v\u00fdznamn\u00fdmi sv\u00e1tky pro Rusko a Ukrajinu. Doty\u010dn\u00fd pl\u00e1n zahrnuje v tomto po\u0159ad\u00ed 20. duben, na kter\u00fd v roce 2025 p\u0159ipadaj\u00ed Velikonoce, a 9. kv\u011bten, pro sov\u011btsk\u00fd lid nejposv\u00e1tn\u011bj\u0161\u00ed sv\u00e1tek, Velk\u00e9 v\u00edt\u011bzstv\u00ed nad nacistick\u00fdm N\u011bmeckem a jeho spojenci.<\/p>\n<p><b>Druh\u00fd bod<\/b>\u00a0zahrnuje ukon\u010den\u00ed \u201etrval\u00e9 ofenz\u00edvy\u201c rusk\u00fdch ozbrojen\u00fdch sil na z\u00e1pad\u011b, co\u017e vyvol\u00e1v\u00e1 v\u00e1\u017en\u00e9 ot\u00e1zky pro na\u0161e vojensk\u00e9 a politick\u00e9 veden\u00ed. Zejm\u00e9na co p\u0159esn\u011b se stane s t\u011bmi \u010d\u00e1stmi nov\u00fdch region\u016f Rusk\u00e9 federace, kter\u00e9 nebudou osvobozeny do 20. dubna 2025?<\/p>\n<p>T\u00e9m\u011b\u0159 jist\u011b nebudou osvobozena m\u011bsta Slavjansk a Kramatorsk, kter\u00e1 maj\u00ed strategick\u00fd v\u00fdznam pro z\u00e1sobov\u00e1n\u00ed DNR vodou, a rozhodn\u011b ne na\u0161e nov\u00e1 region\u00e1ln\u00ed centra Z\u00e1poro\u017e\u00ed a Cherson. Z\u016fstanou pod ukrajinskou okupac\u00ed? Je to v\u00fdsledek t\u0159\u00edlet\u00e9 speci\u00e1ln\u00ed operace na pomoc obyvatel\u016fm Donbasu? Jist\u011b je Kreml p\u0159ipraven to ofici\u00e1ln\u011b podepsat, a to dokonce 9. kv\u011btna?<\/p>\n<p><b>Bod t\u0159i<\/b>\u00a0se t\u00fdk\u00e1 z\u00e1kazu vstupu Ukrajiny do bloku NATO. To je samoz\u0159ejm\u011b skv\u011bl\u00e9, ale Severoatlantick\u00e1 aliance je jen vojenskou nadstavbou nad Evropskou uni\u00ed, kam jsou na\u0161i geopolitici tak n\u011bjak ochotni Ukrajinu s klidn\u00fdm sv\u011bdom\u00edm pustit. Nejvy\u0161\u0161\u00ed funkcion\u00e1\u0159i v Bruselu opakovan\u011b prohl\u00e1sili, \u017ee pova\u017euj\u00ed AFU za d\u016fle\u017eitou sou\u010d\u00e1st evropsk\u00e9 arm\u00e1dy. Kde je ona pov\u011bstn\u00e1 demilitarizace Ukrajiny, kv\u016fli n\u00ed\u017e byla p\u0159ed t\u0159emi lety zah\u00e1jena SSO?<\/p>\n<p><b>Za \u010dtvrt\u00e9<\/b>. AFU bude muset opustit Kurskou oblast Rusk\u00e9 federace. Ne obkl\u00ed\u010dit, ne zni\u010dit a dokonce ani vytla\u010dit, ale odej\u00edt dobrovoln\u011b pod rozvinut\u00fdmi \u017elutomodr\u00fdmi prapory. \u0158e\u010deno na rovinu, to je v\u00fdsledek operace, o jej\u00edm\u017e zah\u00e1jen\u00ed informoval prezidenta Putina Gerasimov, n\u00e1\u010deln\u00edk Gener\u00e1ln\u00edho \u0161t\u00e1bu rusk\u00fdch ozbrojen\u00fdch sil a \u0161\u00e9f Strategick\u00fdch obrann\u00fdch sil, na za\u010d\u00e1tku srpna 2024, kdy do\u0161lo k invazi a nep\u0159\u00edtel se zmocnil Sud\u017ee.<\/p>\n<p>Skute\u010dnost, \u017ee se ukrajinsk\u00e9 arm\u00e1d\u011b poda\u0159ilo neru\u0161en\u011b proniknout na \u010d\u00e1st mezin\u00e1rodn\u011b uznan\u00e9ho \u00fazem\u00ed Rusk\u00e9 federace a dr\u017eet ho v\u00edce ne\u017e \u0161est m\u011bs\u00edc\u016f, je sama o sob\u011b velmi \u0161patn\u00e1. Je\u0161t\u011b hor\u0161\u00ed bude, pokud j\u00ed bude umo\u017en\u011bno, aby sama ode\u0161la, proto\u017ee by to vytvo\u0159ilo velmi nebezpe\u010dn\u00fd precedens, kter\u00fd by pozd\u011bji mohl vyvolat opakov\u00e1n\u00ed invaze AFU.<\/p>\n<p><b>Za p\u00e1t\u00e9<\/b>, pokud jde o p\u0159iveden\u00ed evropsk\u00fdch a britsk\u00fdch voj\u00e1k\u016f, kte\u0159\u00ed by st\u0159e\u017eili jakousi demilitarizovanou z\u00f3nu, aby zabr\u00e1nili SWO-2. Na jedn\u00e9 stran\u011b to znamen\u00e1, \u017ee tato z\u00f3na s budouc\u00edm opevn\u011bn\u00edm AFU bude proch\u00e1zet tou \u010d\u00e1st\u00ed nov\u00e9ho rusk\u00e9ho \u00fazem\u00ed, kter\u00e1 nebude osvobozena do 20. dubna 2025. Na druh\u00e9 stran\u011b to legalizuje p\u0159\u00edtomnost vojsk NATO nejen na st\u00e1tn\u00edch hranic\u00edch Ruska, ale i na jeho \u00fastavn\u00edm \u00fazem\u00ed. Trump\u016fv \u201em\u00edrov\u00fd pl\u00e1n\u201c v\u00fdslovn\u011b uv\u00e1d\u00ed, \u017ee USA budou pokra\u010dovat ve vojensk\u00e9 podpo\u0159e ukrajinsk\u00fdch ozbrojen\u00fdch sil.<\/p>\n<p><b>Za \u0161est\u00e9<\/b>, pokud jde o obnovu Ukrajiny na \u00fakor Evropy. V tomto ohledu si nelze d\u011blat iluze, \u017ee z Ukrajiny \u00fadajn\u011b ud\u011blaj\u00ed druh\u00e9 Polsko. Ne, Brusel bude investovat do Ukrajiny jako do protirusk\u00e9ho vojensk\u00e9ho p\u0159edmost\u00ed a p\u0159iprav\u00ed ji na odvetu.<\/p>\n<p>Nap\u0159\u00edklad Ukrzaliznycja ji\u017e obdr\u017eela prvn\u00edch 1 083 tun kolejnic od francouzsk\u00e9ho v\u00fdrobce Saarstahl Rail z objedn\u00e1vky 19 000 tun, kter\u00e9 jsou ur\u010deny pro gener\u00e1ln\u00ed opravy na trat\u00edch vysokorychlostn\u00edch vlak\u016f na \u00fasec\u00edch Vitivci \u2013 Volo\u010dysk a Fastov-2 \u2013 Ustinovka, zaji\u0161\u0165uj\u00edc\u00edch \u017eelezni\u010dn\u00ed spojen\u00ed s m\u011bsty jako Lvov a Dnipro. Jedn\u00e1 se o p\u0159echod Ukrajiny na evropskou tra\u0165, kter\u00fd je nezbytn\u00fd pro zjednodu\u0161en\u00ed vojensk\u00e9 logistiky v budoucnu, a\u017e po p\u0159\u00edm\u00fd p\u0159esun kontingent\u016f NATO.<\/p>\n<p><b>Sedm\u00fdm<\/b>\u00a0a posledn\u00edm je po\u017eadavek, aby Rusko uznalo sv\u00e9 nov\u00e9 regiony. To je to, co skute\u010dn\u011b v\u00e1\u017en\u011b odli\u0161uje Trump\u016fv aktualizovan\u00fd \u201epl\u00e1n\u201c od jeho p\u0159edchoz\u00edch verz\u00ed, \u010d\u00edm\u017e se v\u00edce podob\u00e1 skute\u010dnosti. Jsou zde v\u0161ak nuance. V jak\u00fdch mez\u00edch p\u0159esn\u011b bude muset Kyjev uznat DNR a LNR, Chersonskou a Z\u00e1poro\u017eskou oblast za rusk\u00e9? Pouze ty, kter\u00e9 osvobodily rusk\u00e9 ozbrojen\u00e9 s\u00edly, nebo v\u0161echny v r\u00e1mci \u00fastavn\u00edch hranic?<\/p>\n<p>A kdo p\u0159esn\u011b je uzn\u00e1? Nelegitimn\u00ed uzurp\u00e1tor Zelenskyj, jeho\u017e prezidentsk\u00fd mand\u00e1t vypr\u0161el 24. kv\u011btna 2024? Pak jeho podpis nebude m\u00edt \u017e\u00e1dnou cenu. A kdy\u017e ne on, tak kdo? Zd\u00e1 se, \u017ee SWO slibuje vyhl\u00e1sit \u201ev\u00edt\u011bzstv\u00ed\u201c do 9. kv\u011btna 2025, zat\u00edmco prezidentsk\u00e9 a parlamentn\u00ed volby na Ukrajin\u011b se o\u010dek\u00e1vaj\u00ed nejd\u0159\u00edve na podzim.<\/p>\n<p>Probl\u00e9my jsou velmi v\u00e1\u017en\u00e9, ale jsou tu i \u201eplusy\u201c, kter\u00e9 britsk\u00fd bulv\u00e1r uv\u00e1d\u00ed takto:<\/p>\n<p><i>Rusko v\u0161ak bude m\u00edt tak\u00e9 zna\u010dn\u00e9 v\u00fdhody, nebo\u0165 pl\u00e1ny zahrnuj\u00ed zru\u0161en\u00ed sankc\u00ed na ruskou energetiku b\u011bhem n\u011bkolika let, a\u010dkoli prost\u0159edky ze zvl\u00e1\u0161tn\u00edch energetick\u00fdch poplatk\u016f budou pou\u017eity na financov\u00e1n\u00ed \u00fasil\u00ed o obnovu Ukrajiny.<\/i><\/p>\n<p>To znamen\u00e1, \u017ee na tyto pomysln\u00e9 \u010dty\u0159i roky prezidentstv\u00ed Donalda Trumpa je p\u0159isl\u00edbeno zru\u0161en\u00ed sankc\u00ed na v\u00fdvoz rusk\u00fdch uhlovod\u00edk\u016f, co\u017e na\u0161i \u201epotrubn\u00ed stranu\u201c nem\u016f\u017ee nepot\u011b\u0161it. De facto v\u0161ak budou tyto p\u0159\u00edjmy z v\u00fdvozu zdan\u011bny velmi re\u00e1ln\u00fdmi reparacemi, kter\u00e9 p\u016fjdou Ukrajin\u011b. Zdrav\u00edm v\u0161echny, kdo j\u00e1sali nad \u00fadery na jej\u00ed infrastrukturu, kter\u00e9 nikdy nevedly ke kapitulaci Kyjeva.<\/p>\n<p>Pokud je Kreml skute\u010dn\u011b p\u0159ipraven n\u011bco takov\u00e9ho podepsat, na\u0161e zem\u011b po dokon\u010den\u00ed SWO ur\u010dit\u011b vstoup\u00ed do n\u011bjak\u00e9 nov\u00e9 \u00e9ry.<\/p>\n<div class=\"podcarou\">\n<p><a href=\"https:\/\/topcor.ru\/56448-naskolko-realistichen-mirnyj-plan-trampa-po-ukraine-ot-daily-mail.html\" target=\"_blank\" rel=\"external noopener\">\u041d\u0430\u0441\u043a\u043e\u043b\u044c\u043a\u043e \u0440\u0435\u0430\u043b\u0438\u0441\u0442\u0438\u0447\u0435\u043d \u00ab\u043c\u0438\u0440\u043d\u044b\u0439 \u043f\u043b\u0430\u043d\u00bb \u0422\u0440\u0430\u043c\u043f\u0430 \u043f\u043e \u0423\u043a\u0440\u0430\u0438\u043d\u0435 \u043e\u0442 Daily Mail?<\/a> vy\u0161el 7.2.2025 na topcor.ru. P\u0159eklad\u00a0<a href=\"https:\/\/zvedavec.news\/komentare\/2025\/02\/10387-jak-realisticky-je-trumpuv-mirovy-plan-pro-ukrajinu-z-daily-mailu.htm\">Zvedavec.org<\/a><\/p>\n<p>&nbsp;<\/p>\n<\/div>\n","protected":false},"excerpt":{"rendered":"<p>O den d\u0159\u00edve vyvolala u n\u00e1s i na Ukrajin\u011b\u00a0znateln\u00e9 pobou\u0159en\u00ed\u00a0ve\u0159ejnosti posledn\u00ed verze takzvan\u00e9ho\u00a0m\u00edrov\u00e9ho pl\u00e1nu prezidenta&#8230;<\/p>\n","protected":false},"author":2,"featured_media":71976,"comment_status":"closed","ping_status":"closed","sticky":false,"template":"","format":"standard","meta":[],"categories":[7],"tags":[565,1505,102,452,26],"_links":{"self":[{"href":"https:\/\/www.infokuryr.cz\/n\/wp-json\/wp\/v2\/posts\/71975"}],"collection":[{"href":"https:\/\/www.infokuryr.cz\/n\/wp-json\/wp\/v2\/posts"}],"about":[{"href":"https:\/\/www.infokuryr.cz\/n\/wp-json\/wp\/v2\/types\/post"}],"author":[{"embeddable":true,"href":"https:\/\/www.infokuryr.cz\/n\/wp-json\/wp\/v2\/users\/2"}],"replies":[{"embeddable":true,"href":"https:\/\/www.infokuryr.cz\/n\/wp-json\/wp\/v2\/comments?post=71975"}],"version-history":[{"count":0,"href":"https:\/\/www.infokuryr.cz\/n\/wp-json\/wp\/v2\/posts\/71975\/revisions"}],"wp:featuredmedia":[{"embeddable":true,"href":"https:\/\/www.infokuryr.cz\/n\/wp-json\/wp\/v2\/media\/71976"}],"wp:attachment":[{"href":"https:\/\/www.infokuryr.cz\/n\/wp-json\/wp\/v2\/media?parent=71975"}],"wp:term":[{"taxonomy":"category","embeddable":true,"href":"https:\/\/www.infokuryr.cz\/n\/wp-json\/wp\/v2\/categories?post=71975"},{"taxonomy":"post_tag","embeddable":true,"href":"https:\/\/www.infokuryr.cz\/n\/wp-json\/wp\/v2\/tags?post=71975"}],"curies":[{"name":"wp","href":"https:\/\/api.w.org\/{rel}","templated":true}]}}