{"id":71957,"date":"2025-02-10T00:42:38","date_gmt":"2025-02-09T23:42:38","guid":{"rendered":"https:\/\/www.infokuryr.cz\/n\/?p=71957"},"modified":"2025-02-09T15:45:09","modified_gmt":"2025-02-09T14:45:09","slug":"eu-posiluje-kontrolu-internetu-a-navysuje-pocet-cenzoru","status":"publish","type":"post","link":"https:\/\/www.infokuryr.cz\/n\/2025\/02\/10\/eu-posiluje-kontrolu-internetu-a-navysuje-pocet-cenzoru\/","title":{"rendered":"EU posiluje kontrolu internetu a navy\u0161uje po\u010det cenzor\u016f"},"content":{"rendered":"<div id=\"fb-root\"><\/div>\n<p><strong>Pam\u011btn\u00edci si mohou zavzpom\u00ednat na komunistick\u00e9 r\u00e1dio-ru\u0161i\u010dky, kter\u00e9 dodnes stoj\u00ed v Olomouci, \u010cesk\u00e9m Brod\u011b, Pod\u011bbradech a jinde. Jak to v r\u00e1diu \u0161krkalo, kdy\u017e \u0161lo vys\u00edl\u00e1n\u00ed Hlasu Ameriky, Vol\u00e1 Lond\u00fdn \u010di r\u00e1dio Deutschlandfunk.<\/strong><\/p>\n<p>EU nyn\u00ed rovn\u011b\u017e posiluje kontrolu internetu a m\u00e9di\u00ed a navy\u0161uje po\u010det cenzor\u016f (o \u010dtvrtinu, tj. cca o 200 &#8222;uv\u011bdomovatel\u016f&#8220;) na prosazov\u00e1n\u00ed &#8222;Kodexu spr\u00e1vn\u00e9ho chov\u00e1n\u00ed&#8220; v m\u00e9di\u00edch a na soci\u00e1ln\u00edch s\u00edt\u00edch. Podle EU v Evrop\u011b nen\u00ed m\u00edsta pro z\u00e1\u0161\u0165, a\u0165 u\u017e offline nebo online.<\/p>\n<p>Obdobn\u011b i komunisti \u0161li sv\u00fdmi ru\u0161i\u010dkami proti imperialistick\u00fdm \u0161tvav\u00fdm vys\u00edl\u00e1n\u00edm a ideologick\u00fdm \u017eivl\u016fm, kter\u00e9 podkop\u00e1vali socialistick\u00e9 z\u0159\u00edzen\u00ed.\u00a0Svoboda slova byla jen svobodou souhlasn\u00e9ho slova a p\u0159edev\u0161\u00edm ustavi\u010dn\u00e9ho indoktrinov\u00e1n\u00ed socialistickou ideologi\u00ed. To, co byly d\u0159\u00edve &#8222;\u0161tvav\u00e9 z\u00e1padn\u00ed \u017eivly&#8220;, jsou dnes &#8222;\u0161i\u0159itel\u00e9 ileg\u00e1ln\u00ed nen\u00e1visti&#8220;. Inu, furt je n\u011bco&#8230;<\/p>\n<p>A tak i dnes se svobodn\u00e1 \u010d\u00e1st spole\u010dnosti obouv\u00e1 do EU, \u017ee Orwel 1984 bylo naps\u00e1no jako varov\u00e1n\u00ed, a nikoli jako n\u00e1vod. V obav\u011b, \u017ee brusel\u0161t\u00ed byrokrati ohro\u017euj\u00ed demokracii v\u00edce ne\u017e internetov\u00ed trollov\u00e9 (<strong><em>\u201eBedrohung durch EU-B\u00fcrokraten viel gr\u00f6\u00dfer als durch Internet-Trolle\u201c<\/em><\/strong>). EU chce trestat &#8222;jazyk nen\u00e1visti&#8220;. Ale co je jazyk nen\u00e1visti? Podle kritik\u016f cenzury to, co sou\u010dasn\u00e1 nomenklatura nen\u00e1vid\u00ed&#8230;<\/p>\n<p><span style=\"font-size: 10pt;\"><a href=\"https:\/\/www.islamizace.cz\/Articles\/13962-eu-posiluje-kontrolu-internetu-a-navysuje-pocet-cenzoru.aspx\">ZDROJ<\/a><\/span><\/p>\n<p>&nbsp;<\/p>\n","protected":false},"excerpt":{"rendered":"<p>Pam\u011btn\u00edci si mohou zavzpom\u00ednat na komunistick\u00e9 r\u00e1dio-ru\u0161i\u010dky, kter\u00e9 dodnes stoj\u00ed v Olomouci, \u010cesk\u00e9m Brod\u011b, Pod\u011bbradech&#8230;<\/p>\n","protected":false},"author":2,"featured_media":65750,"comment_status":"closed","ping_status":"closed","sticky":false,"template":"","format":"standard","meta":[],"categories":[6],"tags":[63,41,48],"_links":{"self":[{"href":"https:\/\/www.infokuryr.cz\/n\/wp-json\/wp\/v2\/posts\/71957"}],"collection":[{"href":"https:\/\/www.infokuryr.cz\/n\/wp-json\/wp\/v2\/posts"}],"about":[{"href":"https:\/\/www.infokuryr.cz\/n\/wp-json\/wp\/v2\/types\/post"}],"author":[{"embeddable":true,"href":"https:\/\/www.infokuryr.cz\/n\/wp-json\/wp\/v2\/users\/2"}],"replies":[{"embeddable":true,"href":"https:\/\/www.infokuryr.cz\/n\/wp-json\/wp\/v2\/comments?post=71957"}],"version-history":[{"count":0,"href":"https:\/\/www.infokuryr.cz\/n\/wp-json\/wp\/v2\/posts\/71957\/revisions"}],"wp:featuredmedia":[{"embeddable":true,"href":"https:\/\/www.infokuryr.cz\/n\/wp-json\/wp\/v2\/media\/65750"}],"wp:attachment":[{"href":"https:\/\/www.infokuryr.cz\/n\/wp-json\/wp\/v2\/media?parent=71957"}],"wp:term":[{"taxonomy":"category","embeddable":true,"href":"https:\/\/www.infokuryr.cz\/n\/wp-json\/wp\/v2\/categories?post=71957"},{"taxonomy":"post_tag","embeddable":true,"href":"https:\/\/www.infokuryr.cz\/n\/wp-json\/wp\/v2\/tags?post=71957"}],"curies":[{"name":"wp","href":"https:\/\/api.w.org\/{rel}","templated":true}]}}