{"id":71948,"date":"2025-02-10T00:44:02","date_gmt":"2025-02-09T23:44:02","guid":{"rendered":"https:\/\/www.infokuryr.cz\/n\/?p=71948"},"modified":"2025-02-09T15:11:24","modified_gmt":"2025-02-09T14:11:24","slug":"nerikej-me-matce-ze-jsem-slepy-muhammad-barrash-byl-propusten-po-22-letech-utrpeni-v-izraelskych-veznicich","status":"publish","type":"post","link":"https:\/\/www.infokuryr.cz\/n\/2025\/02\/10\/nerikej-me-matce-ze-jsem-slepy-muhammad-barrash-byl-propusten-po-22-letech-utrpeni-v-izraelskych-veznicich\/","title":{"rendered":"\u201eNe\u0159\u00edkej m\u00e9 matce, \u017ee jsem slep\u00fd\u201c: Muhammad Barrash byl propu\u0161t\u011bn po 22 letech utrpen\u00ed v izraelsk\u00fdch v\u011bznic\u00edch"},"content":{"rendered":"<div id=\"fb-root\"><\/div>\n<p><strong>Muhammad Barrash str\u00e1vil 22 let v izraelsk\u00e9m v\u011bzen\u00ed, kde trp\u011bl slepotou, bolest\u00ed a zanedb\u00e1n\u00edm l\u00e9ka\u0159sk\u00e9 p\u00e9\u010de. V sobotu byl kone\u010dn\u011b propu\u0161t\u011bn.<\/strong><\/p>\n<p><span>P\u0159\u00edb\u011bh Muhammada Barrashe je p\u0159\u00edb\u011bhem nep\u0159edstaviteln\u00e9ho utrpen\u00ed. V roce 2002 ji zas\u00e1hl izraelsk\u00fd gran\u00e1t \u201e\u00a0<\/span><em><span>Energa<\/span><\/em><span>\u00a0\u201c v srdci Ramall\u00e1hu na Z\u00e1padn\u00edm b\u0159ehu Jord\u00e1nu. V\u00fdbuch mu utrhl levou nohu, po\u0161kodil pravou nohu a \u010d\u00e1ste\u010dn\u011b oslepl. V \u010dervnu 2003 ho izraelsk\u00e9 s\u00edly zajaly. Byl odsouzen na t\u0159i do\u017eivot\u00ed plus dal\u0161\u00edch 40 let.<\/span><\/p>\n<p><span>V\u011bzen\u00ed jeho utrpen\u00ed jen zhor\u0161ilo. B\u011bhem jednoho roku od sv\u00e9ho zadr\u017een\u00ed Barrash \u00fapln\u011b ztratil zrak. Jeho zran\u011bn\u00e9 prav\u00e9 oko se zhor\u0161ilo kv\u016fli nel\u00e9\u010den\u00fdm zdravotn\u00edm probl\u00e9m\u016fm. Ale toto tajemstv\u00ed skryl p\u0159ed svou matkou:<\/span><\/p>\n<p><span>&#8220;\u00a0<\/span><em><span>Ne\u0159\u00edkej m\u00e9 matce, \u017ee jsem slep\u00fd<\/span><\/em><span>\u00a0,&#8220; napsal v dopise z v\u011bzen\u00ed v roce 2012. &#8220;\u00a0<\/span><em><span>Ona m\u011b vid\u00ed, ale j\u00e1 ji nevid\u00edm.&#8220; Usm\u011bji se a p\u0159edst\u00edr\u00e1m, kdy\u017e ukazuje fotky m\u00fdch bratr\u016f a p\u0159\u00e1tel. Nev\u00ed, \u017ee se m\u011b zmocnila temnota<\/span><\/em><span>\u00a0.&#8220;<\/span><\/p>\n<p><span>Izraelsk\u00e9 v\u011bze\u0148sk\u00e9 \u00fa\u0159ady mu l\u00e9ta odp\u00edraly l\u00e9ka\u0159skou p\u00e9\u010di. Nekone\u010dn\u011b \u010dekal na transplantaci rohovky. K z\u00e1sahu nikdy nedo\u0161lo. Jeho t\u011blo neslo jizvy po v\u00e1le\u010dn\u00fdch \u0161rapnelech zaryt\u00e9 do masa a stav jeho prav\u00e9 nohy se zhor\u0161oval. V roce 2021 zjistil, \u017ee izraelsk\u00e9 v\u011bze\u0148sk\u00e9 \u00fa\u0159ady mu daly pro\u0161l\u00e9 l\u00e9ky na cholesterol, co\u017e zhor\u0161ilo jeho stav.<\/span><\/p>\n<p><span>Jeho matka mezit\u00edm \u010dekala. Bojovala, aby ho nav\u0161t\u00edvila. Snila o tom, \u017ee ho uvid\u00ed na svobod\u011b. V sobotu byly jeho modlitby vysly\u0161eny. Barrash je venku z v\u011bzen\u00ed, u\u017e nen\u00ed za m\u0159\u00ed\u017eemi, ale je nav\u017edy zjizven\u00fd roky zanedb\u00e1v\u00e1n\u00ed a utrpen\u00ed, kter\u00e9 pro\u017eil.<\/span><\/p>\n<p><span>Jeho propu\u0161t\u011bn\u00ed bylo sou\u010d\u00e1st\u00ed prvn\u00ed f\u00e1ze dohody o v\u00fdm\u011bn\u011b v\u011bz\u0148\u016f mezi Odbojem a okupa\u010dn\u00edm st\u00e1tem. Jeho p\u0159\u00edb\u011bh pro mnoh\u00e9 symbolizuje brut\u00e1ln\u00ed podm\u00ednky, kter\u00fdm \u010del\u00ed palestin\u0161t\u00ed v\u011bzni v izraelsk\u00fdch v\u011bznic\u00edch.<\/span><\/p>\n<p><span>P\u0159es slepotu, zran\u011bn\u00ed a utrpen\u00ed Barrash p\u0159e\u017eil. Je voln\u00fd. Ale jizvy jsou nesmazateln\u00e9.<\/span><\/p>\n<h5 class=\"wp-block-heading\"><span style=\"font-size: 18pt;\"><strong>Bezprecedentn\u00ed mu\u010den\u00ed<\/strong><\/span><\/h5>\n<p><span>Ot\u0159esn\u00e9 zku\u0161enosti palestinsk\u00fdch v\u011bz\u0148\u016f v izraelsk\u00fdch zadr\u017eovac\u00edch st\u0159edisc\u00edch jsou ji\u017e dlouho p\u0159edm\u011btem mezin\u00e1rodn\u00edho z\u00e1jmu. Ned\u00e1vn\u00e9 zpr\u00e1vy nazna\u010duj\u00ed znepokojivou eskalaci z\u00e1va\u017enosti mu\u010den\u00ed a \u0161patn\u00e9ho zach\u00e1zen\u00ed.<\/span><\/p>\n<p><span>Podle spole\u010dnosti Palestinian Prisoner&#8217;s Society (PPS) zadr\u017eovan\u00ed propu\u0161t\u011bn\u00ed p\u0159i ned\u00e1vn\u00e9 v\u00fdm\u011bn\u011b v\u011bz\u0148\u016f vykazuj\u00ed zn\u00e1mky \u201e\u00a0<\/span><em><span>bezprecedentn\u00edho<\/span><\/em><span>\u00a0\u201c mu\u010den\u00ed a odp\u00edr\u00e1n\u00ed j\u00eddla. Propu\u0161t\u011bn\u00ed v\u011bzni nos\u00ed pot\u0159\u00edsn\u011bn\u00e9 \u0161ed\u00e9 v\u011bze\u0148sk\u00e9 kombin\u00e9zy, co\u017e je d\u016fkaz dlouhodob\u00e9ho zneu\u017e\u00edv\u00e1n\u00ed. Sv\u011bdectv\u00ed odhalila, \u017ee mnoz\u00ed z nich byli t\u011b\u017ece biti a m\u011bli zlomen\u00e1 \u017eebra, trp\u011bli systematick\u00fdm l\u00e9ka\u0159sk\u00fdm zanedb\u00e1v\u00e1n\u00edm a byli z\u00e1m\u011brn\u011b hladov\u011bni. N\u011bkte\u0159\u00ed trp\u00ed nel\u00e9\u010den\u00fdmi ko\u017en\u00edmi onemocn\u011bn\u00edmi, jako je svrab, umocn\u011bn\u00fd drsn\u00fdm v\u011bze\u0148sk\u00fdm prost\u0159ed\u00edm.<\/span><\/p>\n<p><span>Jin\u00e9 zpr\u00e1vy od Arabsk\u00e9ho svazu pracovn\u00edk\u016f nazna\u010duj\u00ed, \u017ee palestin\u0161t\u00ed pracovn\u00edci zat\u010den\u00ed po izraelsk\u00e9 genocid\u011b v Gaze v \u0159\u00edjnu 2023 byli vystaveni barbarsk\u00e9mu zach\u00e1zen\u00ed. Pr\u00e1vn\u00ed poradce\u00a0<\/span><a title=\"\" href=\"https:\/\/ssofidelis.substack.com\/p\/%C2%AB\" target=\"_blank\" rel=\"noopener\"><span>Wehbe Badarneh<\/span><\/a><span>\u00a0prozradil, \u017ee 34 z nich zem\u0159elo za nevyjasn\u011bn\u00fdch okolnost\u00ed nebo v d\u016fsledku \u00fadajn\u00fdch infarkt\u016f ve vazb\u011b. Sv\u011bdectv\u00ed p\u0159e\u017eiv\u0161\u00edch podrobn\u011b popisovala stra\u0161liv\u00e9 zneu\u017e\u00edv\u00e1n\u00ed, v\u010detn\u011b bit\u00ed, svl\u00e9k\u00e1n\u00ed a r\u016fzn\u00fdch metod mu\u010den\u00ed. Tyto zpr\u00e1vy nazna\u010duj\u00ed, \u017ee n\u011bkte\u0159\u00ed byli umu\u010deni k smrti, co\u017e vyvolalo v\u00fdzvy k mezin\u00e1rodn\u00edmu pr\u00e1vn\u00edmu postupu proti Izraeli.<\/span><\/p>\n<p><a title=\"\" href=\"https:\/\/ssofidelis.substack.com\/p\/%C2%AB\" target=\"_blank\" rel=\"noopener\"><span>Amnesty International<\/span><\/a><span>\u00a0tak\u00e9 zaznamenala prudk\u00fd n\u00e1r\u016fst vyu\u017e\u00edv\u00e1n\u00ed administrativn\u00edho zadr\u017eov\u00e1n\u00ed izraelsk\u00fdmi \u00fa\u0159ady, co\u017e vedlo k sv\u00e9voln\u00e9mu zat\u00fdk\u00e1n\u00ed Palestinc\u016f na okupovan\u00e9m Z\u00e1padn\u00edm b\u0159ehu Jord\u00e1nu. Organizace uvedla, \u017ee zadr\u017eovan\u00ed jsou vystaveni nelidsk\u00e9mu a poni\u017euj\u00edc\u00edmu zach\u00e1zen\u00ed a \u017ee p\u0159\u00edpady mu\u010den\u00ed a \u00famrt\u00ed ve vazb\u011b nejsou vy\u0161et\u0159ov\u00e1ny. Tento typ zneu\u017e\u00edv\u00e1n\u00ed je d\u016fkazem syst\u00e9mov\u00e9ho probl\u00e9mu v izraelsk\u00e9m zadr\u017eovac\u00edm syst\u00e9mu.<\/span><\/p>\n<p><a href=\"https:\/\/qudsnen.co\/dont-tell-my-mother-i-am-blind-muhammad-brrash-walks-free-after-22-years-of-suffering-in-israeli-prisons\/\"><em><strong>Quds News Network<\/strong><\/em><\/a><\/p>\n<p>&nbsp;<\/p>\n","protected":false},"excerpt":{"rendered":"<p>Muhammad Barrash str\u00e1vil 22 let v izraelsk\u00e9m v\u011bzen\u00ed, kde trp\u011bl slepotou, bolest\u00ed a zanedb\u00e1n\u00edm l\u00e9ka\u0159sk\u00e9&#8230;<\/p>\n","protected":false},"author":2,"featured_media":71949,"comment_status":"closed","ping_status":"closed","sticky":false,"template":"","format":"standard","meta":[],"categories":[7],"tags":[178,107,625,3201],"_links":{"self":[{"href":"https:\/\/www.infokuryr.cz\/n\/wp-json\/wp\/v2\/posts\/71948"}],"collection":[{"href":"https:\/\/www.infokuryr.cz\/n\/wp-json\/wp\/v2\/posts"}],"about":[{"href":"https:\/\/www.infokuryr.cz\/n\/wp-json\/wp\/v2\/types\/post"}],"author":[{"embeddable":true,"href":"https:\/\/www.infokuryr.cz\/n\/wp-json\/wp\/v2\/users\/2"}],"replies":[{"embeddable":true,"href":"https:\/\/www.infokuryr.cz\/n\/wp-json\/wp\/v2\/comments?post=71948"}],"version-history":[{"count":0,"href":"https:\/\/www.infokuryr.cz\/n\/wp-json\/wp\/v2\/posts\/71948\/revisions"}],"wp:featuredmedia":[{"embeddable":true,"href":"https:\/\/www.infokuryr.cz\/n\/wp-json\/wp\/v2\/media\/71949"}],"wp:attachment":[{"href":"https:\/\/www.infokuryr.cz\/n\/wp-json\/wp\/v2\/media?parent=71948"}],"wp:term":[{"taxonomy":"category","embeddable":true,"href":"https:\/\/www.infokuryr.cz\/n\/wp-json\/wp\/v2\/categories?post=71948"},{"taxonomy":"post_tag","embeddable":true,"href":"https:\/\/www.infokuryr.cz\/n\/wp-json\/wp\/v2\/tags?post=71948"}],"curies":[{"name":"wp","href":"https:\/\/api.w.org\/{rel}","templated":true}]}}