{"id":71944,"date":"2025-02-10T00:41:46","date_gmt":"2025-02-09T23:41:46","guid":{"rendered":"https:\/\/www.infokuryr.cz\/n\/?p=71944"},"modified":"2025-02-09T15:45:34","modified_gmt":"2025-02-09T14:45:34","slug":"sest-zabitych-v-cerstvem-izraelem-provedenem-uderu-na-libanon","status":"publish","type":"post","link":"https:\/\/www.infokuryr.cz\/n\/2025\/02\/10\/sest-zabitych-v-cerstvem-izraelem-provedenem-uderu-na-libanon\/","title":{"rendered":"\u0160est zabit\u00fdch v \u010derstv\u00e9m Izraelem proveden\u00e9m \u00faderu na Libanon"},"content":{"rendered":"<div id=\"fb-root\"><\/div>\n<p><strong>8. \u00fanora izraelsk\u00e9 obrann\u00e9 s\u00edly (IDF) ozn\u00e1mily, \u017ee zah\u00e1jily \u00fader ve v\u00fdchodn\u00edm Libanonu v \u00fadol\u00ed Beqaa, jeho\u017e c\u00edlem byli bojovn\u00edci Hizball\u00e1hu v m\u00edst\u011b v\u00fdroby zbran\u00ed.<\/strong><\/p>\n<p><em>&#8222;\u00datok byl proveden pot\u00e9, co byli identifikov\u00e1ni terorist\u00e9 operuj\u00edc\u00ed na m\u00edst\u011b v\u00fdroby a skladov\u00e1n\u00ed strategick\u00fdch zbran\u00ed,&#8220; uvedlo IDF v prohl\u00e1\u0161en\u00ed s t\u00edm, \u017ee jak\u00e1koli \u010dinnost na m\u00edst\u011b Hizball\u00e1hu byla &#8222;do o\u010d\u00ed bij\u00edc\u00edm poru\u0161en\u00edm&#8220; dohody o p\u0159\u00edm\u011b\u0159\u00ed mezi Izraelem a Libanonem.<\/em><\/p>\n<p><em>&#8222;IDF pokra\u010duje v operaci, aby odstranila jakoukoli hrozbu pro St\u00e1t Izrael a zabr\u00e1n\u00ed jak\u00e9mukoli pokusu teroristick\u00e9 organizace Hizball\u00e1h o obnovu sv\u00fdch sil v souladu s dohodou o p\u0159\u00edm\u011b\u0159\u00ed,&#8220; dodala arm\u00e1da.<\/em><\/p>\n<p>Libanonsk\u00e1 N\u00e1rodn\u00ed tiskov\u00e1 agentura uvedla, \u017ee p\u0159i izraelsk\u00e9m \u00faderu bylo zabito \u0161est a dal\u0161\u00ed dva byli zabiti, ani\u017e by up\u0159esnila.<\/p>\n<p>Dohoda o p\u0159\u00edm\u011b\u0159\u00ed, kter\u00e1 byla zprost\u0159edkovan\u00e1 Spojen\u00fdmi st\u00e1ty, vstoupila v platnost 27. listopadu. Podle dohody se m\u011bly IDF i Hizball\u00e1h st\u00e1hnout z ji\u017en\u00edho Libanonu do 26. ledna. Dohoda v\u0161ak byla prodlou\u017eena do 18. \u00fanora pot\u00e9, co Izrael odm\u00edtl st\u00e1hnout sv\u00e9 jednotky s odkazem na pomal\u00e9 rozm\u00edst\u011bn\u00ed libanonsk\u00e9 arm\u00e1dy v regionu. Rozm\u00edst\u011bn\u00ed je kl\u00ed\u010dovou sou\u010d\u00e1st\u00ed dohody.<\/p>\n<p>Stoj\u00ed za zm\u00ednku, \u017ee \u00fadol\u00ed Beqaa se nach\u00e1z\u00ed severn\u011b od \u0159eky Litani, za lini\u00ed, kterou m\u00e1 Hizball\u00e1h podle dohody st\u00e1hnout.<\/p>\n<p>Konflikt mezi Izraelem a Hizball\u00e1hem vypukl jako p\u0159\u00edm\u00fd d\u016fsledek v\u00e1lky v p\u00e1smu Gazy, kter\u00e1 za\u010dala p\u0159ekvapiv\u00fdm \u00fatokem Hamasu 7. \u0159\u00edjna 2023. V\u00edce ne\u017e 4 000 lid\u00ed bylo zabito v Libanonu a v\u00edce ne\u017e 130 dal\u0161\u00edch na izraelsk\u00e9 stran\u011b.<\/p>\n<p>IDF v posledn\u00edch t\u00fddnech eskalovalo \u00fatoky proti Hizball\u00e1hu s odkazem na poru\u0161ov\u00e1n\u00ed dohody o p\u0159\u00edm\u011b\u0159\u00ed bez skute\u010dn\u00e9 odezvy Hizball\u00e1hu.<\/p>\n<p><strong>Skupina, kter\u00e1 b\u011bhem konfliktu utrp\u011bla t\u011b\u017ek\u00e9 ztr\u00e1ty, pravd\u011bpodobn\u011b nebude odveta. \u00datoky by v\u0161ak mohla obnovit, pokud by se Izrael odm\u00edtl st\u00e1hnout z ji\u017en\u00edho Libanonu do dohodnut\u00e9ho term\u00ednu.<\/strong><\/p>\n<p><img decoding=\"async\" loading=\"lazy\" class=\"alignnone size-full wp-image-1185\" src=\"http:\/\/www.infokuryr.cz\/n\/wp-content\/uploads\/2021\/04\/kuryr-podpis.png\" alt=\"\" width=\"84\" height=\"24\" \/><\/p>\n<p>&nbsp;<\/p>\n","protected":false},"excerpt":{"rendered":"<p>8. \u00fanora izraelsk\u00e9 obrann\u00e9 s\u00edly (IDF) ozn\u00e1mily, \u017ee zah\u00e1jily \u00fader ve v\u00fdchodn\u00edm Libanonu v \u00fadol\u00ed&#8230;<\/p>\n","protected":false},"author":2,"featured_media":71945,"comment_status":"closed","ping_status":"closed","sticky":false,"template":"","format":"standard","meta":[],"categories":[7],"tags":[6772,107,405,723],"_links":{"self":[{"href":"https:\/\/www.infokuryr.cz\/n\/wp-json\/wp\/v2\/posts\/71944"}],"collection":[{"href":"https:\/\/www.infokuryr.cz\/n\/wp-json\/wp\/v2\/posts"}],"about":[{"href":"https:\/\/www.infokuryr.cz\/n\/wp-json\/wp\/v2\/types\/post"}],"author":[{"embeddable":true,"href":"https:\/\/www.infokuryr.cz\/n\/wp-json\/wp\/v2\/users\/2"}],"replies":[{"embeddable":true,"href":"https:\/\/www.infokuryr.cz\/n\/wp-json\/wp\/v2\/comments?post=71944"}],"version-history":[{"count":0,"href":"https:\/\/www.infokuryr.cz\/n\/wp-json\/wp\/v2\/posts\/71944\/revisions"}],"wp:featuredmedia":[{"embeddable":true,"href":"https:\/\/www.infokuryr.cz\/n\/wp-json\/wp\/v2\/media\/71945"}],"wp:attachment":[{"href":"https:\/\/www.infokuryr.cz\/n\/wp-json\/wp\/v2\/media?parent=71944"}],"wp:term":[{"taxonomy":"category","embeddable":true,"href":"https:\/\/www.infokuryr.cz\/n\/wp-json\/wp\/v2\/categories?post=71944"},{"taxonomy":"post_tag","embeddable":true,"href":"https:\/\/www.infokuryr.cz\/n\/wp-json\/wp\/v2\/tags?post=71944"}],"curies":[{"name":"wp","href":"https:\/\/api.w.org\/{rel}","templated":true}]}}