{"id":71937,"date":"2025-02-10T00:41:19","date_gmt":"2025-02-09T23:41:19","guid":{"rendered":"https:\/\/www.infokuryr.cz\/n\/?p=71937"},"modified":"2025-02-09T15:00:02","modified_gmt":"2025-02-09T14:00:02","slug":"libanon-naridil-armade-reagovat-na-palbu-ze-syrie","status":"publish","type":"post","link":"https:\/\/www.infokuryr.cz\/n\/2025\/02\/10\/libanon-naridil-armade-reagovat-na-palbu-ze-syrie\/","title":{"rendered":"Libanon na\u0159\u00eddil arm\u00e1d\u011b reagovat na palbu ze S\u00fdrie"},"content":{"rendered":"<div id=\"fb-root\"><\/div>\n<p><strong><span>Libanonsk\u00e1 arm\u00e1da 8. \u00fanora uvedla, \u017ee na\u0159\u00eddila voj\u00e1k\u016fm rozm\u00edst\u011bn\u00fdm pod\u00e9l hranice se S\u00fdri\u00ed, aby provedla odvetu proti palb\u011b ze syrsk\u00e9 strany.<\/span><\/strong><\/p>\n<p><span>Pod\u00e9l hranice mezi libanonsk\u00fdm guvernor\u00e1tem Baalbek-Hermel a syrsk\u00fdm guvernor\u00e1tem Homs propukly o dva dny d\u0159\u00edve, kdy\u017e syrsk\u00e9 vl\u00e1dn\u00ed s\u00edly &#8211; slo\u017een\u00e9 p\u0159ev\u00e1\u017en\u011b z bojovn\u00edk\u016f z nyn\u00ed rozpu\u0161t\u011bn\u00e9ho Hay&#8217;at Tahrir al-Sham &#8211; zah\u00e1jily operaci k uzav\u0159en\u00ed pa\u0161er\u00e1ck\u00fdch tras \u00fadajn\u011b spojen\u00fdch \u0161\u00editsk\u00fdmi klany Zoaiter a Jazfar.<\/span><\/p>\n<p><span>Oba klany se pr\u00fd pod\u00edlej\u00ed na pa\u0161ov\u00e1n\u00ed zbran\u00ed do Hizball\u00e1hu a tak\u00e9 na pa\u0161ov\u00e1n\u00ed drog a dal\u0161\u00edho zbo\u017e\u00ed p\u0159es libanonsko-syrskou hranici.<\/span><\/p>\n<p><span>B\u011bhem prvn\u00edch 48 hodin konfrontace syrsk\u00e9 vl\u00e1dn\u00ed s\u00edly p\u0159evzaly kontrolu nad velkou \u010d\u00e1st\u00ed hranice, v\u010detn\u011b kl\u00ed\u010dov\u00fdch m\u011bst Hawik a al-Qasr. Byli zabiti t\u0159i Libanonci a Sy\u0159an\u00e9. St\u0159ety v\u0161ak pokra\u010dovaly i t\u0159et\u00ed den, hlavn\u011b bl\u00edzko p\u0159echodu Matraby.<\/span><\/p>\n<div style=\"width: 392px;\" class=\"wp-video\"><!--[if lt IE 9]><script>document.createElement('video');<\/script><![endif]-->\n<video class=\"wp-video-shortcode\" id=\"video-71937-1\" width=\"392\" height=\"640\" preload=\"metadata\" controls=\"controls\"><source type=\"video\/mp4\" src=\"http:\/\/www.infokuryr.cz\/n\/wp-content\/uploads\/2025\/02\/twitsave.com_ifO_kLpBIZYaO0_b.mp4?_=1\" \/><a href=\"http:\/\/www.infokuryr.cz\/n\/wp-content\/uploads\/2025\/02\/twitsave.com_ifO_kLpBIZYaO0_b.mp4\">http:\/\/www.infokuryr.cz\/n\/wp-content\/uploads\/2025\/02\/twitsave.com_ifO_kLpBIZYaO0_b.mp4<\/a><\/video><\/div>\n<p>&nbsp;<\/p>\n<div style=\"width: 640px;\" class=\"wp-video\"><video class=\"wp-video-shortcode\" id=\"video-71937-2\" width=\"640\" height=\"360\" preload=\"metadata\" controls=\"controls\"><source type=\"video\/mp4\" src=\"http:\/\/www.infokuryr.cz\/n\/wp-content\/uploads\/2025\/02\/twitsave.com_QQBtL-DhpMaQuxSC.mp4?_=2\" \/><a href=\"http:\/\/www.infokuryr.cz\/n\/wp-content\/uploads\/2025\/02\/twitsave.com_QQBtL-DhpMaQuxSC.mp4\">http:\/\/www.infokuryr.cz\/n\/wp-content\/uploads\/2025\/02\/twitsave.com_QQBtL-DhpMaQuxSC.mp4<\/a><\/video><\/div>\n<p>&nbsp;<\/p>\n<div style=\"width: 356px;\" class=\"wp-video\"><video class=\"wp-video-shortcode\" id=\"video-71937-3\" width=\"356\" height=\"640\" preload=\"metadata\" controls=\"controls\"><source type=\"video\/mp4\" src=\"http:\/\/www.infokuryr.cz\/n\/wp-content\/uploads\/2025\/02\/twitsave.com_NHY2OYOeV9I_v4hg.mp4?_=3\" \/><a href=\"http:\/\/www.infokuryr.cz\/n\/wp-content\/uploads\/2025\/02\/twitsave.com_NHY2OYOeV9I_v4hg.mp4\">http:\/\/www.infokuryr.cz\/n\/wp-content\/uploads\/2025\/02\/twitsave.com_NHY2OYOeV9I_v4hg.mp4<\/a><\/video><\/div>\n<p>&nbsp;<\/p>\n<div style=\"width: 480px;\" class=\"wp-video\"><video class=\"wp-video-shortcode\" id=\"video-71937-4\" width=\"480\" height=\"852\" preload=\"metadata\" controls=\"controls\"><source type=\"video\/mp4\" src=\"http:\/\/www.infokuryr.cz\/n\/wp-content\/uploads\/2025\/02\/twitsave.com_wT4jzMrbWXyaAF6l.mp4?_=4\" \/><a href=\"http:\/\/www.infokuryr.cz\/n\/wp-content\/uploads\/2025\/02\/twitsave.com_wT4jzMrbWXyaAF6l.mp4\">http:\/\/www.infokuryr.cz\/n\/wp-content\/uploads\/2025\/02\/twitsave.com_wT4jzMrbWXyaAF6l.mp4<\/a><\/video><\/div>\n<p>&nbsp;<\/p>\n<p>Syrsk\u00e9 vl\u00e1dn\u00ed s\u00edly pou\u017eily t\u011b\u017ek\u00e9 zbran\u011b, v\u010detn\u011b n\u011bkolika raketomet\u016f, hlavn\u00edch bojov\u00fdch tank\u016f a protitankov\u00fdch \u0159\u00edzen\u00fdch st\u0159el. N\u011bkolik sebevra\u017eedn\u00fdch dron\u016f vypu\u0161t\u011bn\u00fdch ze S\u00fdrie bylo tak\u00e9 sest\u0159eleno libanonsk\u00fdmi bojovn\u00edky, kte\u0159\u00ed projevili zu\u0159iv\u00fd odpor.<\/p>\n<p>&nbsp;<\/p>\n<div style=\"width: 364px;\" class=\"wp-video\"><video class=\"wp-video-shortcode\" id=\"video-71937-5\" width=\"364\" height=\"640\" preload=\"metadata\" controls=\"controls\"><source type=\"video\/mp4\" src=\"http:\/\/www.infokuryr.cz\/n\/wp-content\/uploads\/2025\/02\/twitsave.com_jGORGEaRTkGilxVj.mp4?_=5\" \/><a href=\"http:\/\/www.infokuryr.cz\/n\/wp-content\/uploads\/2025\/02\/twitsave.com_jGORGEaRTkGilxVj.mp4\">http:\/\/www.infokuryr.cz\/n\/wp-content\/uploads\/2025\/02\/twitsave.com_jGORGEaRTkGilxVj.mp4<\/a><\/video><\/div>\n<p>&nbsp;<\/p>\n<p><span>Libanonsk\u00e1 arm\u00e1da ve sv\u00e9m prohl\u00e1\u0161en\u00ed uvedla, \u017ee jednala na z\u00e1klad\u011b pokyn\u016f libanonsk\u00e9ho prezidenta Josepha Aouna a na\u0159\u00eddila vojensk\u00fdm jednotk\u00e1m pod\u00e9l severn\u00ed a v\u00fdchodn\u00ed hranice, aby reagovaly na zdroje palby p\u0159ich\u00e1zej\u00edc\u00ed ze syrsk\u00e9ho \u00fazem\u00ed a zam\u011b\u0159ovaly se na libanonsk\u00e9 oblasti.<\/span><\/p>\n<p><span>Prohl\u00e1\u0161en\u00ed dodalo, \u017ee jednotky za\u010daly reagovat \u201evhodn\u00fdmi zbran\u011bmi\u201c po ned\u00e1vn\u00fdch st\u0159etech, p\u0159i nich\u017e bylo ost\u0159elov\u00e1no a ost\u0159elov\u00e1no n\u011bkolik libanonsk\u00fdch oblast\u00ed.<\/span><\/p>\n<p><span>\u00fanora Aoun zavolal prozat\u00edmn\u00edmu syrsk\u00e9mu prezidentovi Ahmadovi al-Sharaaovi a diskutoval o \u201ekontrole situace na libanonsko-syrsk\u00e9 hranici a p\u0159edch\u00e1zen\u00ed \u00fatok\u016fm na civilisty\u201c.<\/span><\/p>\n<p><span>Obce v okrese Hermel vydaly prohl\u00e1\u0161en\u00ed, v n\u011bm\u017e vyzvaly libanonsk\u00fd st\u00e1t, aby zas\u00e1hl na ochranu civilist\u016f po opakovan\u00fdch \u00fatoc\u00edch na libanonsk\u00e9 vesnice ze S\u00fdrie. \u0158ekli, \u017ee libanonsk\u00e1 arm\u00e1da mus\u00ed p\u0159evz\u00edt plnou odpov\u011bdnost za p\u0159etrv\u00e1vaj\u00edc\u00ed nap\u011bt\u00ed a pracovat na ukon\u010den\u00ed t\u011bchto nep\u0159\u00e1telsk\u00fdch \u010din\u016f.<\/span><\/p>\n<p><span>Po prohl\u00e1\u0161en\u00ed arm\u00e1dy \u00fadajn\u011b zas\u00e1hlo syrsk\u00e9 vl\u00e1dn\u00ed s\u00edly n\u011bkolik libanonsk\u00fdch \u00fader\u016f. Nad hranic\u00ed byly pozorov\u00e1ny i libanonsk\u00e9 drony.<\/span><\/p>\n<p><span>Libanonsk\u00e1 N\u00e1rodn\u00ed tiskov\u00e1 agentura informovala o roz\u0161\u00ed\u0159en\u00e9m vojensk\u00e9m nasazen\u00ed do nov\u00fdch pozic na p\u0159edm\u011bst\u00ed Hermelu, pobl\u00ed\u017e syrsk\u00fdch hranic. Uvedla, \u017ee arm\u00e1dn\u00ed pozorovac\u00ed v\u011b\u017e byla \u00fadajn\u011b zasa\u017eena d\u011blost\u0159eleck\u00fdm gran\u00e1tem ze S\u00fdrie a zp\u016fsobila pouze materi\u00e1ln\u00ed \u0161kody.<\/span><\/p>\n<p><span>St\u00e1tn\u00ed tiskov\u00e1 agentura tak\u00e9 uvedla, \u017ee libanonsk\u00fd \u010cerven\u00fd k\u0159\u00ed\u017e p\u0159evezl do nemocnic v Hermelu osm lid\u00ed pot\u00e9, co byli zran\u011bni p\u0159i ost\u0159elov\u00e1n\u00ed v severn\u00ed pohrani\u010dn\u00ed oblasti. Uvedla, \u017ee ost\u0159elov\u00e1n\u00ed ze S\u00fdrie zas\u00e1hlo m\u011bsta Zakiyah, Ard al-Sabea, Sahlat al-Maa a Qanafez a zranilo civilisty.<\/span><\/p>\n<p><span>I kdy\u017e jsou st\u0159ety na hranic\u00edch rozsahem omezen\u00e9, situace se m\u016f\u017ee ka\u017edou chv\u00edli vymknout kontrole. Hizball\u00e1h se zat\u00edm st\u0159etu vyh\u00fdbal, pravd\u011bpodobn\u011b se soust\u0159ed\u00ed na prov\u00e1d\u011bn\u00ed dohody o p\u0159\u00edm\u011b\u0159\u00ed s Izraelem, kter\u00e1 by m\u011bla skon\u010dit do 18. \u00fanora. Skupina by mohla zas\u00e1hnout pozd\u011bji, pokud by se nevy\u0159e\u0161ila ot\u00e1zka hranice.<\/span><\/p>\n<p><strong><span>Udr\u017eov\u00e1n\u00ed kontroly nad touto \u010d\u00e1st\u00ed hranice se S\u00fdri\u00ed je pro Hizball\u00e1h, kter\u00fd loni v prosinci po p\u00e1du Asadova re\u017eimu ztratil v\u0161echny sv\u00e9 z\u00e1sobovac\u00ed trasy ze S\u00fdrie, z\u00e1sadn\u00ed.<\/span><\/strong><\/p>\n<p><img decoding=\"async\" loading=\"lazy\" class=\"alignnone size-full wp-image-1185\" src=\"http:\/\/www.infokuryr.cz\/n\/wp-content\/uploads\/2021\/04\/kuryr-podpis.png\" alt=\"\" width=\"84\" height=\"24\" \/><\/p>\n<p>&nbsp;<\/p>\n","protected":false},"excerpt":{"rendered":"<p>Libanonsk\u00e1 arm\u00e1da 8. \u00fanora uvedla, \u017ee na\u0159\u00eddila voj\u00e1k\u016fm rozm\u00edst\u011bn\u00fdm pod\u00e9l hranice se S\u00fdri\u00ed, aby provedla&#8230;<\/p>\n","protected":false},"author":2,"featured_media":71943,"comment_status":"closed","ping_status":"closed","sticky":false,"template":"","format":"standard","meta":[],"categories":[7],"tags":[1917,8012,405,147,5135],"_links":{"self":[{"href":"https:\/\/www.infokuryr.cz\/n\/wp-json\/wp\/v2\/posts\/71937"}],"collection":[{"href":"https:\/\/www.infokuryr.cz\/n\/wp-json\/wp\/v2\/posts"}],"about":[{"href":"https:\/\/www.infokuryr.cz\/n\/wp-json\/wp\/v2\/types\/post"}],"author":[{"embeddable":true,"href":"https:\/\/www.infokuryr.cz\/n\/wp-json\/wp\/v2\/users\/2"}],"replies":[{"embeddable":true,"href":"https:\/\/www.infokuryr.cz\/n\/wp-json\/wp\/v2\/comments?post=71937"}],"version-history":[{"count":0,"href":"https:\/\/www.infokuryr.cz\/n\/wp-json\/wp\/v2\/posts\/71937\/revisions"}],"wp:featuredmedia":[{"embeddable":true,"href":"https:\/\/www.infokuryr.cz\/n\/wp-json\/wp\/v2\/media\/71943"}],"wp:attachment":[{"href":"https:\/\/www.infokuryr.cz\/n\/wp-json\/wp\/v2\/media?parent=71937"}],"wp:term":[{"taxonomy":"category","embeddable":true,"href":"https:\/\/www.infokuryr.cz\/n\/wp-json\/wp\/v2\/categories?post=71937"},{"taxonomy":"post_tag","embeddable":true,"href":"https:\/\/www.infokuryr.cz\/n\/wp-json\/wp\/v2\/tags?post=71937"}],"curies":[{"name":"wp","href":"https:\/\/api.w.org\/{rel}","templated":true}]}}