{"id":71932,"date":"2025-02-10T00:40:01","date_gmt":"2025-02-09T23:40:01","guid":{"rendered":"https:\/\/www.infokuryr.cz\/n\/?p=71932"},"modified":"2025-02-09T14:55:09","modified_gmt":"2025-02-09T13:55:09","slug":"izrael-obnovuje-utoky-na-syrii","status":"publish","type":"post","link":"https:\/\/www.infokuryr.cz\/n\/2025\/02\/10\/izrael-obnovuje-utoky-na-syrii\/","title":{"rendered":"Izrael obnovuje \u00fatoky na S\u00fdrii"},"content":{"rendered":"<div id=\"fb-root\"><\/div>\n<p><strong><span>Izrael obnovil \u00fadery na S\u00fdrii 8. \u00fanora, zas\u00e1hl kl\u00ed\u010dov\u00e1 m\u00edsta nyn\u00ed rozpu\u0161t\u011bn\u00e9 syrsk\u00e9 arabsk\u00e9 arm\u00e1dy a zp\u016fsobil ztr\u00e1ty.<\/span><\/strong><\/p>\n<p><span>Prvn\u00ed vlna st\u00e1vek zas\u00e1hla p\u0159edm\u011bst\u00ed m\u011bsta Deir Ali, v\u00edce ne\u017e 20 kilometr\u016f ji\u017en\u011b od hlavn\u00edho m\u011bsta Dama\u0161ku. Podle Daraa 24, zpravodajsk\u00e9ho blogu s\u00eddl\u00edc\u00edho v ji\u017en\u00ed S\u00fdrii, byly \u00fatoky zam\u011b\u0159eny na sklad mal\u00fdch zbran\u00ed a vozidlo.<\/span><\/p>\n<div style=\"width: 480px;\" class=\"wp-video\"><!--[if lt IE 9]><script>document.createElement('video');<\/script><![endif]-->\n<video class=\"wp-video-shortcode\" id=\"video-71932-1\" width=\"480\" height=\"852\" preload=\"metadata\" controls=\"controls\"><source type=\"video\/mp4\" src=\"http:\/\/www.infokuryr.cz\/n\/wp-content\/uploads\/2025\/02\/twitsave.com_A53-MvOdwftOtBTs.mp4?_=1\" \/><a href=\"http:\/\/www.infokuryr.cz\/n\/wp-content\/uploads\/2025\/02\/twitsave.com_A53-MvOdwftOtBTs.mp4\">http:\/\/www.infokuryr.cz\/n\/wp-content\/uploads\/2025\/02\/twitsave.com_A53-MvOdwftOtBTs.mp4<\/a><\/video><\/div>\n<p>&nbsp;<\/p>\n<div style=\"width: 480px;\" class=\"wp-video\"><video class=\"wp-video-shortcode\" id=\"video-71932-2\" width=\"480\" height=\"852\" preload=\"metadata\" controls=\"controls\"><source type=\"video\/mp4\" src=\"http:\/\/www.infokuryr.cz\/n\/wp-content\/uploads\/2025\/02\/twitsave.com_KRvTFxeNOPCYSgKG.mp4?_=2\" \/><a href=\"http:\/\/www.infokuryr.cz\/n\/wp-content\/uploads\/2025\/02\/twitsave.com_KRvTFxeNOPCYSgKG.mp4\">http:\/\/www.infokuryr.cz\/n\/wp-content\/uploads\/2025\/02\/twitsave.com_KRvTFxeNOPCYSgKG.mp4<\/a><\/video><\/div>\n<p>&nbsp;<\/p>\n<div style=\"width: 640px;\" class=\"wp-video\"><video class=\"wp-video-shortcode\" id=\"video-71932-3\" width=\"640\" height=\"360\" preload=\"metadata\" controls=\"controls\"><source type=\"video\/mp4\" src=\"http:\/\/www.infokuryr.cz\/n\/wp-content\/uploads\/2025\/02\/twitsave.com_syvdRjB2ZHOvR9w_.mp4?_=3\" \/><a href=\"http:\/\/www.infokuryr.cz\/n\/wp-content\/uploads\/2025\/02\/twitsave.com_syvdRjB2ZHOvR9w_.mp4\">http:\/\/www.infokuryr.cz\/n\/wp-content\/uploads\/2025\/02\/twitsave.com_syvdRjB2ZHOvR9w_.mp4<\/a><\/video><\/div>\n<p>&nbsp;<\/p>\n<p><span>Syrsk\u00e1 observato\u0159 pro lidsk\u00e1 pr\u00e1va uvedla, \u017ee v d\u016fsledku \u00fatok\u016f byl zabit mu\u017e a dal\u0161\u00ed byl zran\u011bn.<\/span><\/p>\n<p><span>Pozd\u011bji izraelsk\u00e9 obrann\u00e9 s\u00edly (IDF) \u00fader uznaly a v prohl\u00e1\u0161en\u00ed uvedly, \u017ee c\u00edlem byl sklad zbran\u00ed palestinsk\u00e9ho hnut\u00ed Ham\u00e1s. Podle arm\u00e1dy m\u011bly b\u00fdt zbran\u011b ulo\u017een\u00e9 na m\u00edst\u011b pou\u017eity p\u0159i \u00fatoc\u00edch na izraelsk\u00e9 jednotky.<\/span><\/p>\n<p><em>&#8222;Palestinsk\u00e9 teroristick\u00e9 organizace, mezi nimi hlavn\u00ed Ham\u00e1s, vyu\u017e\u00edvaj\u00ed S\u00fdrii k zah\u00e1jen\u00ed teroristick\u00fdch aktivit pod \u00edr\u00e1nsk\u00fdm veden\u00edm,&#8220; uvedla IDF a dodala, \u017ee bude proti Ham\u00e1su operovat v\u0161ude, kde se pokus\u00ed prosadit.<\/em><\/p>\n<p><span>Dal\u0161\u00ed vlna \u00fader\u016f zas\u00e1hla pozd\u011bji b\u011bhem dne sklady zbran\u00ed na opu\u0161t\u011bn\u00e9 z\u00e1kladn\u011b 15. brig\u00e1dy pobl\u00ed\u017e m\u011bsta Inkhel na venkov\u011b v severn\u00ed \u010d\u00e1sti Daraa, podle agentury Daraa 24, kter\u00e1 nehl\u00e1sila \u017e\u00e1dn\u00e9 ob\u011bti. Ze strany IDF nebyla \u017e\u00e1dn\u00e1 p\u0159ipom\u00ednka.<\/span><\/p>\n<p><span>Krom\u011b toho libanonsk\u00e1 televize Al-Mayadeen TV informovala o v\u00fdbuchech pobl\u00ed\u017e m\u011bsta al-Draij, asi dev\u011bt kilometr\u016f severoz\u00e1padn\u011b od Dama\u0161ku, a tak\u00e9 na okraji pob\u0159e\u017en\u00edho m\u011bsta Tartus. Velk\u00e1 vojensk\u00e1 v\u00fdcvikov\u00e1 z\u00e1kladna se nach\u00e1z\u00ed v al-Daraij a n\u011bkolik m\u00edst protivzdu\u0161n\u00e9 obrany se nach\u00e1z\u00ed v bl\u00edzkosti Tart\u00fasu. St\u00e1le v\u0161ak nen\u00ed jasn\u00e9, zda byly v\u00fdbuchy zp\u016fsobeny izraelsk\u00fdmi \u00fadery.<\/span><\/p>\n<p><span>Stoj\u00ed za zm\u00ednku, \u017ee krom\u011b t\u011bchto \u00fader\u016f postupovaly s\u00edly IDF z n\u00e1razn\u00edkov\u00e9 z\u00f3ny soused\u00edc\u00ed s okupovan\u00fdmi Golansk\u00fdmi v\u00fd\u0161inami sm\u011brem k m\u011bstu Khirbat Saysun v z\u00e1padn\u00ed krajin\u011b Daraa. S\u00edla ne\u010delila \u017e\u00e1dn\u00e9mu odporu.<\/span><\/p>\n<p><span>Po p\u00e1du Asadova re\u017eimu loni v prosinci Izrael obsadil n\u00e1razn\u00edkovou z\u00f3nu na venkov\u011b al-Qunitra. Zah\u00e1jila tak\u00e9 stovky \u00fader\u016f proti vojensk\u00fdm m\u00edst\u016fm a vybaven\u00ed po cel\u00e9 S\u00fdrii, \u010d\u00edm\u017e zni\u010dila velkou \u010d\u00e1st vojensk\u00fdch kapacit zem\u011b.<\/span><\/p>\n<p><strong><span>Syrsk\u00e1 p\u0159echodn\u00e1 vl\u00e1da izraelsk\u00e9 \u010diny odsoudila. Dosud v\u0161ak nereagovala, pravd\u011bpodobn\u011b kv\u016fli k\u0159ehk\u00e9 situaci v zemi. Posledn\u00ed \u00fadery nazna\u010duj\u00ed, \u017ee Izrael toho pl\u00e1nuje vyu\u017e\u00edt. Pot\u00e9, co Izrael v\u00edce ne\u017e deset let pou\u017e\u00edval libanonsk\u00fd Hizball\u00e1h jako z\u00e1minku k \u00fatok\u016fm na b\u00fdval\u00fd re\u017eim, bude zat\u00edm z\u0159ejm\u011b vyu\u017e\u00edvat Ham\u00e1s<\/span><\/strong><span>\u00a0.<\/span><\/p>\n<p><img decoding=\"async\" loading=\"lazy\" class=\"alignnone size-full wp-image-1185\" src=\"http:\/\/www.infokuryr.cz\/n\/wp-content\/uploads\/2021\/04\/kuryr-podpis.png\" alt=\"\" width=\"84\" height=\"24\" \/><\/p>\n<p>&nbsp;<\/p>\n","protected":false},"excerpt":{"rendered":"<p>Izrael obnovil \u00fadery na S\u00fdrii 8. \u00fanora, zas\u00e1hl kl\u00ed\u010dov\u00e1 m\u00edsta nyn\u00ed rozpu\u0161t\u011bn\u00e9 syrsk\u00e9 arabsk\u00e9 arm\u00e1dy&#8230;<\/p>\n","protected":false},"author":2,"featured_media":71936,"comment_status":"closed","ping_status":"closed","sticky":false,"template":"","format":"standard","meta":[],"categories":[7],"tags":[107,147,723,5135],"_links":{"self":[{"href":"https:\/\/www.infokuryr.cz\/n\/wp-json\/wp\/v2\/posts\/71932"}],"collection":[{"href":"https:\/\/www.infokuryr.cz\/n\/wp-json\/wp\/v2\/posts"}],"about":[{"href":"https:\/\/www.infokuryr.cz\/n\/wp-json\/wp\/v2\/types\/post"}],"author":[{"embeddable":true,"href":"https:\/\/www.infokuryr.cz\/n\/wp-json\/wp\/v2\/users\/2"}],"replies":[{"embeddable":true,"href":"https:\/\/www.infokuryr.cz\/n\/wp-json\/wp\/v2\/comments?post=71932"}],"version-history":[{"count":0,"href":"https:\/\/www.infokuryr.cz\/n\/wp-json\/wp\/v2\/posts\/71932\/revisions"}],"wp:featuredmedia":[{"embeddable":true,"href":"https:\/\/www.infokuryr.cz\/n\/wp-json\/wp\/v2\/media\/71936"}],"wp:attachment":[{"href":"https:\/\/www.infokuryr.cz\/n\/wp-json\/wp\/v2\/media?parent=71932"}],"wp:term":[{"taxonomy":"category","embeddable":true,"href":"https:\/\/www.infokuryr.cz\/n\/wp-json\/wp\/v2\/categories?post=71932"},{"taxonomy":"post_tag","embeddable":true,"href":"https:\/\/www.infokuryr.cz\/n\/wp-json\/wp\/v2\/tags?post=71932"}],"curies":[{"name":"wp","href":"https:\/\/api.w.org\/{rel}","templated":true}]}}