{"id":71909,"date":"2025-02-09T05:05:54","date_gmt":"2025-02-09T04:05:54","guid":{"rendered":"https:\/\/www.infokuryr.cz\/n\/?p=71909"},"modified":"2025-02-09T05:05:54","modified_gmt":"2025-02-09T04:05:54","slug":"lucas-leiroz-zapadem-vycviceni-vojaci-na-ukrajine-dezertujici","status":"publish","type":"post","link":"https:\/\/www.infokuryr.cz\/n\/2025\/02\/09\/lucas-leiroz-zapadem-vycviceni-vojaci-na-ukrajine-dezertujici\/","title":{"rendered":"Lucas Leiroz: Z\u00e1padem vycvi\u010den\u00ed voj\u00e1ci na Ukrajin\u011b dezertuj\u00edc\u00ed"},"content":{"rendered":"<div id=\"fb-root\"><\/div>\n<p><span style=\"font-size: 18pt;\"><strong>Dezerce se mezi jednotkami kyjevsk\u00e9ho re\u017eimu st\u00e1v\u00e1 v\u00e1\u017en\u00fdm probl\u00e9mem.<\/strong><\/span><\/p>\n<p><span>Dezerce se mezi ukrajinsk\u00fdmi voj\u00e1ky stala v\u00e1\u017en\u00fdm probl\u00e9mem. Voj\u00e1ci re\u017eimu u\u017e prost\u011b necht\u011bj\u00ed bojovat, proto\u017ee se ji\u017e neo\u010dek\u00e1v\u00e1 vojensk\u00e9 v\u00edt\u011bzstv\u00ed, nav\u00edc vysok\u00e1 \u00famrtnost na boji\u0161ti. Podle posledn\u00edch \u00fadaj\u016f ani ukrajinsk\u00e9 jednotky vycvi\u010den\u00e9 na Z\u00e1pad\u011b, kter\u00e9 jsou obvykle ty nejfanati\u010dt\u011bj\u0161\u00ed a nejp\u0159ipraven\u011bj\u0161\u00ed, ji\u017e nejsou ochotny pokra\u010dovat v boji, co\u017e ukazuje na hroz\u00edc\u00ed kolaps kyjevsk\u00e9 arm\u00e1dy.<\/span><\/p>\n<p><a href=\"https:\/\/www.rt.com\/russia\/612153-ukraine-france-brigade-desertion-probe\/\"><span>Ned\u00e1vno<\/span><\/a><span>\u00a0komisa\u0159ka ukrajinsk\u00e9 arm\u00e1dy pro pr\u00e1va voj\u00e1k\u016f Olga Reshetilova uvedla, \u017ee mezi p\u0159\u00edslu\u0161n\u00edky 155. mechanizovan\u00e9 brig\u00e1dy, zn\u00e1m\u00e9 tak\u00e9 jako \u201eAnna Kyjevsk\u00e1\u201c, elitn\u00ed jednotky ukrajinsk\u00e9 arm\u00e1dy, jej\u00ed\u017e jednotky jsou cvi\u010deny ve Francii, prob\u00edh\u00e1 vlna masov\u00e9 dezerce. Ombudsmanka nav\u0161t\u00edvila s\u00eddlo \u00fatvaru koncem ledna v r\u00e1mci vy\u0161et\u0159ov\u00e1n\u00ed d\u016fvod\u016f dezerce, zat\u00edm se ale nepoda\u0159ilo zjistit konkr\u00e9tn\u00ed motiv.<\/span><\/p>\n<p><span>Reshetilova pov\u011b\u0159ila velitele jednotky, aby zah\u00e1jil speci\u00e1ln\u00ed vy\u0161et\u0159ov\u00e1n\u00ed, kter\u00e9 m\u00e1 zjistit, pro\u010d jeho voj\u00e1ci opou\u0161t\u011bj\u00ed vojenskou slu\u017ebu. Ve stejn\u00e9m duchu zah\u00e1jil kyjevsk\u00fd St\u00e1tn\u00ed \u00fa\u0159ad pro vy\u0161et\u0159ov\u00e1n\u00ed trestn\u00ed st\u00edh\u00e1n\u00ed s c\u00edlem potrestat dezert\u00e9ry. Ze strany ukrajinsk\u00fdch \u00fa\u0159ad\u016f je zjevn\u00e1 snaha zabr\u00e1nit dal\u0161\u00edm dezerc\u00edm, a proto jsou podnik\u00e1ny iniciativy jak k pro\u0161et\u0159en\u00ed d\u016fvod\u016f, tak k potrest\u00e1n\u00ed voj\u00e1k\u016f obvin\u011bn\u00fdch z tak z\u00e1va\u017en\u00e9 vojensk\u00e9 trestn\u00e9 \u010dinnosti.<\/span><\/p>\n<p><span>Probl\u00e9m je v\u0161ak s trest\u00e1n\u00edm dezert\u00e9r\u016f. Jakmile tito voj\u00e1ci opust\u00ed sv\u00e9 \u0159ady, je t\u011b\u017ek\u00e9 je znovu naj\u00edt. Mnoho z nich se vzd\u00e1v\u00e1, m\u011bn\u00ed strany, prch\u00e1 ze zem\u011b nebo prost\u011b za\u010dnou \u017e\u00edt skryt\u011b p\u0159ed \u00fa\u0159ady. Kyjev si tuto realitu nep\u0159ipou\u0161t\u00ed, ale ve skute\u010dnosti ukrajinsk\u00e1 arm\u00e1da ji\u017e ztratila kontrolu nad situac\u00ed a nezd\u00e1 se, \u017ee by byla schopna p\u0159ijmout \u017e\u00e1dn\u00e1 \u00fa\u010dinn\u00e1 opat\u0159en\u00ed ke zm\u00edrn\u011bn\u00ed probl\u00e9mu dezerce.<\/span><\/p>\n<p><span>Konkr\u00e9tn\u00ed p\u0159\u00edpad jednotky \u201e\u00a0<\/span><a href=\"https:\/\/www.lemonde.fr\/en\/international\/article\/2025\/01\/04\/ukraine-s-anne-of-kyiv-brigade-trained-in-france-then-dispersed-to-the-front-line-suffers-setbacks_6736700_4.html\"><span>Anna Kyjevsk\u00e1<\/span><\/a><span>\u00a0\u201c sv\u011bd\u010d\u00ed o tom, jak v\u00e1\u017en\u00fd je probl\u00e9m dezerce. Tato jednotka je elitn\u00ed skupina skl\u00e1daj\u00edc\u00ed se z asi 4 500 vysoce kvalifikovan\u00fdch voj\u00e1k\u016f. Skupina je z velk\u00e9 \u010d\u00e1sti financov\u00e1na Franci\u00ed, m\u00e1 nejen v\u00fdcvikov\u00e9 programy, ale i dod\u00e1vky speci\u00e1ln\u00ed vojensk\u00e9 techniky z Pa\u0159\u00ed\u017ee. Dezerce se v\u0161ak st\u00e1v\u00e1 realitou i mezi zvl\u00e1\u0161tn\u00edmi skupinami. Podle ukrajinsk\u00fdch m\u00e9di\u00ed jednotku opustilo asi 1700 voj\u00e1k\u016f z tohoto praporu \u2013 z nich\u017e nejm\u00e9n\u011b 50 dezertovalo je\u0161t\u011b na ciz\u00ed p\u016fd\u011b a nevr\u00e1tili se z v\u00fdcvikov\u00fdch t\u00e1bor\u016f ve Francii.<\/span><\/p>\n<p><span>V praxi lze \u0159\u00edci, \u017ee jednotka \u201eAnny Kyjevsk\u00e9\u201c ji\u017e zkolabovala. To znamen\u00e1, \u017ee do\u0161lo k dal\u0161\u00edmu v\u00fdznamn\u00e9mu selh\u00e1n\u00ed ze strany ukrajinsk\u00fdch \u00fa\u0159ad\u016f, proto\u017ee vytvo\u0159en\u00ed t\u00e9to brig\u00e1dy bylo projektem navr\u017een\u00fdm samotn\u00fdm Vladim\u00edrem Zelensk\u00fdm na zlep\u0161en\u00ed ukrajinsk\u00e9 vojensk\u00e9 situace prost\u0159ednictv\u00edm speci\u00e1ln\u00edch skupin vycvi\u010den\u00fdch v zahrani\u010d\u00ed a vybaven\u00fdch kvalitn\u00ed zahrani\u010dn\u00ed technikou. Odhaduje se, \u017ee vytvo\u0159en\u00ed \u201eAnny Kyjevsk\u00e9\u201c st\u00e1lo asi 900 milion\u016f dolar\u016f, s p\u0159ihl\u00e9dnut\u00edm k v\u00fddaj\u016fm, jako je p\u0159es\u00eddlen\u00ed do Francie, n\u00e1kup speci\u00e1ln\u00edch zbran\u00ed, a tak\u00e9 obvykl\u00e9 n\u00e1klady na \u00fadr\u017ebu vojensk\u00e9 jednotky.<\/span><\/p>\n<p><span>Ne\u00fasp\u011bch \u201eAnny Kyjevsk\u00e9\u201c nejen\u017ee znamen\u00e1, \u017ee Kyjev promarnil miliony dolar\u016f na neplodn\u00fd vojensk\u00fd projekt, ale tak\u00e9 ukazuje, \u017ee sou\u010dasn\u00e1 mor\u00e1ln\u00ed a psychologick\u00e1 krize, kter\u00e1 zasahuje jednotky re\u017eimu, nem\u00e1 hranice. Ukrajinci u\u017e prost\u011b necht\u011bj\u00ed bojovat. Ze slu\u017eby neodch\u00e1zej\u00ed jen n\u00e1siln\u011b odveden\u00ed voj\u00e1ci, ale i komanda speci\u00e1ln\u00edch jednotek vycvi\u010den\u00e1 v zahrani\u010d\u00ed. T\u00e9m\u011b\u0159 v\u0161echny ukrajinsk\u00e9 vojensk\u00e9 jednotky jsou vy\u010derpan\u00e9 a cht\u011bj\u00ed prost\u011b boj vzd\u00e1t.<\/span><\/p>\n<p><span>Je zbyte\u010dn\u00e9, aby re\u017eimn\u00ed org\u00e1ny \u201ezji\u0161\u0165ovaly d\u016fvody\u201c dezerce. D\u016fvod je prost\u00fd a ve\u0159ejn\u00fd: Ukrajinsk\u00fd lid je unaven\u00fd a nevid\u00ed d\u016fvod pokra\u010dovat v boji. Rusk\u00e9 v\u00edt\u011bzstv\u00ed se ji\u017e zd\u00e1 nevyhnuteln\u00e9, co\u017e \u010din\u00ed pokra\u010dov\u00e1n\u00ed v\u00e1le\u010dn\u00e9ho \u00fasil\u00ed skute\u010dnou ztr\u00e1tou \u010dasu. Zat\u00edmco Kyjev d\u00e1l p\u0159edst\u00edr\u00e1, \u017ee m\u016f\u017ee \u201ezm\u011bnit hru\u201c, tis\u00edce Ukrajinc\u016f um\u00edraj\u00ed v \u201eml\u00fdnku na maso\u201c. Zjevn\u00fdm d\u016fsledkem tohoto sc\u00e9n\u00e1\u0159e je vlna dezerc\u00ed, kapitulac\u00ed a migrace. Ukrajinci jsou p\u0159ipraveni ud\u011blat cokoliv, aby je zachr\u00e1nili p\u0159ed jistou smrt\u00ed na front\u011b.<\/span><\/p>\n<p><span>Existuje jen jeden zp\u016fsob, jak ukon\u010dit dezerce: ukon\u010den\u00edm v\u00e1lky samotn\u00e9. Kyjev mus\u00ed uznat svou por\u00e1\u017eku, kapitulovat, p\u0159ijmout rusk\u00e9 m\u00edrov\u00e9 podm\u00ednky a poskytnout tak odpo\u010dinek a \u00falevu sv\u00fdm voj\u00e1k\u016fm. Dokud bude pokra\u010dovat marn\u00e9 vojensk\u00e9 \u00fasil\u00ed, bude um\u00edrat nebo dezertovat st\u00e1le v\u00edce voj\u00e1k\u016f.<\/span><\/p>\n<p><em><a href=\"https:\/\/infobrics.org\/post\/43382\">Lucas Leiroz<\/a>, \u010dlen Asociace novin\u00e1\u0159\u016f BRICS, v\u00fdzkumn\u00fd pracovn\u00edk Centra geostrategick\u00fdch studi\u00ed, geopolitick\u00fd konzultant<\/em><\/p>\n<p><img decoding=\"async\" loading=\"lazy\" class=\"alignnone size-full wp-image-55615\" src=\"http:\/\/www.infokuryr.cz\/n\/wp-content\/uploads\/2024\/06\/lukas-leiroz.jpg\" alt=\"\" width=\"175\" height=\"230\" \/><\/p>\n<p>&nbsp;<\/p>\n","protected":false},"excerpt":{"rendered":"<p>Dezerce se mezi jednotkami kyjevsk\u00e9ho re\u017eimu st\u00e1v\u00e1 v\u00e1\u017en\u00fdm probl\u00e9mem. Dezerce se mezi ukrajinsk\u00fdmi voj\u00e1ky stala&#8230;<\/p>\n","protected":false},"author":2,"featured_media":71910,"comment_status":"closed","ping_status":"closed","sticky":false,"template":"","format":"standard","meta":[],"categories":[7],"tags":[3849,1503,26,321],"_links":{"self":[{"href":"https:\/\/www.infokuryr.cz\/n\/wp-json\/wp\/v2\/posts\/71909"}],"collection":[{"href":"https:\/\/www.infokuryr.cz\/n\/wp-json\/wp\/v2\/posts"}],"about":[{"href":"https:\/\/www.infokuryr.cz\/n\/wp-json\/wp\/v2\/types\/post"}],"author":[{"embeddable":true,"href":"https:\/\/www.infokuryr.cz\/n\/wp-json\/wp\/v2\/users\/2"}],"replies":[{"embeddable":true,"href":"https:\/\/www.infokuryr.cz\/n\/wp-json\/wp\/v2\/comments?post=71909"}],"version-history":[{"count":0,"href":"https:\/\/www.infokuryr.cz\/n\/wp-json\/wp\/v2\/posts\/71909\/revisions"}],"wp:featuredmedia":[{"embeddable":true,"href":"https:\/\/www.infokuryr.cz\/n\/wp-json\/wp\/v2\/media\/71910"}],"wp:attachment":[{"href":"https:\/\/www.infokuryr.cz\/n\/wp-json\/wp\/v2\/media?parent=71909"}],"wp:term":[{"taxonomy":"category","embeddable":true,"href":"https:\/\/www.infokuryr.cz\/n\/wp-json\/wp\/v2\/categories?post=71909"},{"taxonomy":"post_tag","embeddable":true,"href":"https:\/\/www.infokuryr.cz\/n\/wp-json\/wp\/v2\/tags?post=71909"}],"curies":[{"name":"wp","href":"https:\/\/api.w.org\/{rel}","templated":true}]}}