{"id":71861,"date":"2025-02-08T06:58:55","date_gmt":"2025-02-08T05:58:55","guid":{"rendered":"https:\/\/www.infokuryr.cz\/n\/?p=71861"},"modified":"2025-02-08T06:58:55","modified_gmt":"2025-02-08T05:58:55","slug":"jiri-vyvadil-severokorejsti-vojaci-v-rusku-byli-tam-nekdy","status":"publish","type":"post","link":"https:\/\/www.infokuryr.cz\/n\/2025\/02\/08\/jiri-vyvadil-severokorejsti-vojaci-v-rusku-byli-tam-nekdy\/","title":{"rendered":"Ji\u0159\u00ed Vyvadil: Severokorej\u0161t\u00ed voj\u00e1ci v Rusku: Byli tam n\u011bkdy?"},"content":{"rendered":"<div id=\"fb-root\"><\/div>\n<p><strong>The Responsible Statecraft, p\u0159em\u00fd\u0161liv\u00fd politologick\u00fd port\u00e1l p\u0159i\u0161el s p\u0159ekvapivou my\u0161lenkou, \u017ee vlastn\u011b nikdy Severokorejci v Kursku nebyli. Je to solidn\u00ed port\u00e1l a v podstat\u011b sp\u00ed\u0161e mainstreamov\u00fd, a proto tento pohled \u0161okuje. Kdy\u017e si vzpomeneme na hysterick\u00e9 v\u00fdlevy nap\u0159\u00edklad Zelensk\u00e9ho \u010di Rutteho, p\u016fsob\u00ed to jako bomba. Ov\u0161em n\u011bkter\u00e9 argumenty autora Teda Snidera jsou p\u0159resv\u011bd\u010div\u00e9. Kone\u010dn\u011b, posu\u010fte sami, v\u010detn\u011b z\u00e1v\u011br\u016f autora o nezodpov\u011bdnosti autor\u016f p\u0159\u00edb\u011bh\u016f, proto\u017ee toto tvrzen\u00ed mimo\u0159\u00e1dn\u011b zv\u00fd\u0161ilo nap\u011bt\u00ed ve sv\u011bt\u011b.<\/strong><\/p>\n<p><span style=\"font-size: 18pt;\"><strong>\u00dadajn\u00fd n\u00e1hl\u00fd odchod Severokorejc\u016f z minul\u00e9ho t\u00fddne vyvol\u00e1v\u00e1 mnoho ot\u00e1zek<\/strong><\/span><\/p>\n<p>St\u00e1le s jistotou nev\u00edme, zda v\u00a0Rusku\u00a0bojuj\u00ed severokorejsk\u00e9 jednotky proti ukrajinsk\u00fdm sil\u00e1m. Mo\u017en\u00e1 to nikdy neud\u011bl\u00e1me. Ale argumenty Ukrajiny pro jejich p\u0159\u00edtomnost nebyly pos\u00edleny n\u00e1hl\u00fdm\u00a0ozn\u00e1men\u00edm\u00a0z 30. ledna, \u017ee jsou pry\u010d.<\/p>\n<p>V \u0159\u00edjnu se objevily zpr\u00e1vy o tom<a href=\"https:\/\/www.defense.gov\/News\/News-Stories\/Article\/Article\/3943880\/austin-confirms-north-korea-has-sent-troops-to-russia\/\">,<\/a>\u00a0\u017ee se severokorejsk\u00e9 jednotky p\u0159ipojily k Rusku v boji za vyhn\u00e1n\u00ed ukrajinsk\u00fdch sil z Kursk\u00e9 oblasti v Rusku. Americk\u00e9 ministerstvo zahrani\u010d\u00ed\u00a0ozna\u010dilo\u00a0jejich p\u0159\u00edtomnost za &#8222;velkou eskalaci ze strany Ruska&#8220;. Gener\u00e1ln\u00ed tajemn\u00edk NATO Mark Rutte\u00a0to nazval\u00a0&#8222;v\u00fdznamnou eskalac\u00ed&#8220;.<\/p>\n<p>Bylo to natolik v\u00fdznamn\u00e9, \u017ee to \u00fadajn\u011b\u00a0naklonilo misky vah\u00a0ve prosp\u011bch Bidenovy administrativy, kter\u00e1 ud\u011bl\u00ed Ukrajin\u011b povolen\u00ed odpalovat rakety dlouh\u00e9ho doletu ATACMS dodan\u00e9 USA hloub\u011bji na rusk\u00e9 \u00fazem\u00ed.<\/p>\n<p>Takov\u00e1 mimo\u0159\u00e1dn\u00e1 zm\u011bna v americk\u00e9 politice by m\u011bla ospravedlnit po\u017eadavek na mimo\u0159\u00e1dn\u00fd d\u016fkaz. Krom\u011b prohl\u00e1\u0161en\u00ed americk\u00fdch, ukrajinsk\u00fdch a jihokorejsk\u00fdch p\u0159edstavitel\u016f v\u0161ak st\u00e1le neexistuje \u017e\u00e1dn\u00fd ov\u011b\u0159iteln\u00fd d\u016fkaz, \u017ee severokorejsk\u00e9 jednotky v Rusku skute\u010dn\u011b bojovaly.<\/p>\n<p>P\u0159\u00edpad vy\u017eaduje zji\u0161t\u011bn\u00ed motivu. USA tvrd\u00ed, \u017ee n\u00e1bor severokorejsk\u00fdch voj\u00e1k\u016f ukazuje na nedostatek pracovn\u00edch sil a zoufalstv\u00ed Ruska. &#8222;To je zn\u00e1mkou toho, \u017ee (Putin) m\u016f\u017ee b\u00fdt [je\u0161t\u011b] ve v\u011bt\u0161\u00edch probl\u00e9mech, ne\u017e si v\u011bt\u0161ina lid\u00ed uv\u011bdomuje,&#8220;\u00a0\u0159ekl\u00a0v \u0159\u00edjnu tehdej\u0161\u00ed ministr obrany Lloyd J.<\/p>\n<p>Zpr\u00e1vy\u00a0nazna\u010dovaly, \u017ee Severokorejci doplnili jednotky v Kursku, aby se Putin nemusel stahovat z frontov\u00fdch lini\u00ed na Donbasu. Jin\u00ed v\u0161ak \u0159\u00edkaj\u00ed, \u017ee Rusko bylo schopno p\u0159iv\u00e9st rusk\u00e9 jednotky z m\u00e9n\u011b intenzivn\u00edch oblast\u00ed boj\u016f. &#8222;Podle ukrajinsk\u00fdch voj\u00e1k\u016f z r\u016fzn\u00fdch \u010d\u00e1st\u00ed fronty byly rusk\u00e9 jednotky posiluj\u00edc\u00ed Kursk sta\u017eeny hlavn\u011b z Chersonu a Z\u00e1poro\u017e\u00ed,&#8220;\u00a0\u0159ekl v listopadu BBC\u00a0Yurri Clavilier, pozemn\u00ed analytik z Mezin\u00e1rodn\u00edho institutu pro strategick\u00e1 studia.<\/p>\n<p>Tato zpr\u00e1va \u0159\u00edkala, \u017ee v Kursk\u00e9 oblasti bylo shrom\u00e1\u017ed\u011bno 50 000 rusk\u00fdch voj\u00e1k\u016f, ale nezm\u00ednila mezi nimi Korejce.<\/p>\n<p>Ale americk\u00e9 zpravodajsk\u00e9 slu\u017eby\u00a0\u0159\u00edkaj\u00ed, \u017ee to byla Severn\u00ed Korea, kter\u00e1 nab\u00eddla sv\u00e9 jednotky bojovat v Kursku, mo\u017en\u00e1, jak\u00a0n\u011bkte\u0159\u00ed nazna\u010duj\u00ed, aby z\u00edskali zku\u0161enosti z boji\u0161t\u011b. \u0158\u00edkaj\u00ed tak\u00e9, \u017ee Putin &#8222;tuto my\u0161lenku rychle p\u0159ijal&#8220;.<\/p>\n<p>Pentagon a NATO tvrdily, \u017ee maj\u00ed znalosti o tom, \u017ee severokorejsk\u00e9 jednotky jsou vysoce vycvi\u010den\u00ed voj\u00e1ci rekrutovan\u00ed z elitn\u00ed jednotky zvan\u00e9 \u00dadern\u00e9 sbory, a tvrdily, \u017ee znaj\u00ed jejich pohyby na boji\u0161ti. \u0158ekli tak\u00e9, \u017ee Severokorejci byli p\u0159evle\u010deni za Rusy \u2013 ale neposkytli fyzick\u00fd d\u016fkaz, \u017ee tam n\u011bkdy byli.<\/p>\n<p>Hl\u00e1\u0161en\u00fd po\u010det severokorejsk\u00fdch voj\u00e1k\u016f v Kursk\u00e9 oblasti p\u0159ed jejich \u00fadajn\u00fdm odchodem koncem minul\u00e9ho m\u011bs\u00edce byl neust\u00e1le nafukov\u00e1n a nakonec se vy\u0161plhal na 12 000. Ale krom\u011b fotografi\u00ed zajat\u00fdch voj\u00e1k\u016f, o kter\u00fdch ukrajinsk\u00e1 vl\u00e1da tvrd\u00ed, \u017ee jsou d\u016fkazem, se zd\u00e1, \u017ee sv\u011bdk\u016f je poskrovnu. 25. listopadu Wall Street Journal\u00a0uvedl, \u017ee &#8222;ukrajin\u0161t\u00ed p\u0159edstavitel\u00e9 \u0159\u00edkaj\u00ed, \u017ee v Kursk\u00e9 oblasti bylo rozm\u00edst\u011bno 10 000 severokorejsk\u00fdch voj\u00e1k\u016f&#8220;, a pak dodal, \u017ee &#8222;\u017e\u00e1dn\u00ed voj\u00e1ci, kte\u0159\u00ed mluvili s Journalem, se s nimi v bitv\u011b nesetkali&#8220;.<\/p>\n<p>O t\u00fdden pozd\u011bji BBC st\u00e1le\u00a0hl\u00e1sila, \u017ee &#8222;navzdory t\u00fddn\u016fm zpr\u00e1v, kter\u00e9 nazna\u010dovaly, \u017ee a\u017e 10 000 severokorejsk\u00fdch voj\u00e1k\u016f bylo vysl\u00e1no do Kurska, aby se p\u0159ipojili k rusk\u00e9 protiofenz\u00edv\u011b, voj\u00e1ci, se kter\u00fdmi jsme byli v kontaktu, se s nimi je\u0161t\u011b nesetkali&#8220;.<\/p>\n<p>P\u0159ihlaste se k odb\u011bru na\u0161eho t\u00fddenn\u00edho p\u0159ehledu a nenechte si uj\u00edt ani minutu se sv\u00fdmi obl\u00edben\u00fdmi p\u0159isp\u011bvateli a report\u00e9ry RS, stejn\u011b jako s anal\u00fdzami zam\u011bstnanc\u016f, n\u00e1zory a zpr\u00e1vami propaguj\u00edc\u00edmi pozitivn\u00ed, nestrannou vizi americk\u00e9 zahrani\u010dn\u00ed politiky.<\/p>\n<p>Ukrajinsk\u00fd prezident Volodomyr Zelenskyj 11. ledna ozn\u00e1mil, \u017ee Ukrajina 9. ledna\u00a0zajala\u00a0dva severokorejsk\u00e9 voj\u00e1ky v Kursku a p\u0159ivezla je do Kyjeva, kde byli vysl\u00fdch\u00e1ni. Zelenskyj\u00a0vysv\u011btlil, \u017ee\u00a0\u017e\u00e1dn\u00ed severokorej\u0161t\u00ed voj\u00e1ci nebyli p\u0159edt\u00edm chyceni, proto\u017ee &#8222;rusk\u00e9 s\u00edly a dal\u0161\u00ed severokorejsk\u00fd vojensk\u00fd person\u00e1l obvykle popravuj\u00ed sv\u00e9 ran\u011bn\u00e9, aby vymazaly jak\u00e9koli d\u016fkazy o zapojen\u00ed Severn\u00ed Koreje do v\u00e1lky&#8220;.<\/p>\n<p>Zelenskyj\u00a0zve\u0159ejnil fotografii ka\u017ed\u00e9ho ze zajat\u00fdch Severokorejc\u016f, p\u0159i\u010dem\u017e jeden prost\u0159ednictv\u00edm tlumo\u010dn\u00edk\u016f tvrdil, \u017ee je od roku 2021 \u010dlenem arm\u00e1dy KLDR, a druh\u00fd p\u00edsemn\u011b dosv\u011bd\u010dil (proto\u017ee m\u011bl poran\u011bnou \u010delist), \u017ee od roku 2016 slou\u017e\u00ed u odst\u0159elova\u010dsk\u00e9 pr\u016fzkumn\u00e9 jednotky. Ukrajinsk\u00e1 prezidentsk\u00e1 tiskov\u00e1 slu\u017eba zve\u0159ejnila kr\u00e1tk\u00e9\u00a0video z v\u00fdslechu, ale tv\u00e1\u0159e jsou rozmazan\u00e9, m\u00edsto za\u010dern\u011bn\u00e9 a autenticita videa nebyla ov\u011b\u0159ena.<\/p>\n<p>Anatol Lieven, \u0159editel programu Eurasie v Quincyho institutu pro zodpov\u011bdn\u00e9 st\u00e1tnictv\u00ed, navrhuje, aby z\u00e1padn\u00ed\u00a0m\u00e9dia\u00a0po\u017e\u00e1dala, aby Kyjev &#8222;vyrobil tyto \u00fadajn\u00e9 severokorejsk\u00e9 zajatce, aby s nimi novin\u00e1\u0159i mohli d\u011blat rozhovory. Pokud ano, probl\u00e9m je prok\u00e1z\u00e1n. Pokud ne, bude to siln\u00fd d\u016fkaz, \u017ee tito v\u011bzni ve skute\u010dnosti neexistuj\u00ed.&#8220;<\/p>\n<p>Pak, jen n\u011bkolik dn\u00ed po ozn\u00e1men\u00ed o zajet\u00ed, ukrajin\u0161t\u00ed a ameri\u010dt\u00ed p\u0159edstavitel\u00e9 ozn\u00e1mili, \u017ee severokorejsk\u00e9 s\u00edly jsou pry\u010d.<\/p>\n<p>V z\u00e1padn\u00edch a ukrajinsk\u00fdch m\u00e9di\u00edch se o tom psalo jako o ostud\u011b jak pro Severn\u00ed Koreu, tak pro Rusko. Severokorejci museli b\u00fdt v podstat\u011b sta\u017eeni z frontov\u00fdch lini\u00ed, proto\u017ee utrp\u011bli tak t\u011b\u017ek\u00e9 ztr\u00e1ty. Ukrajinsk\u00fd vrchn\u00ed velitel gener\u00e1l Oleksandr Syrsky\u00a0uvedl, \u017ee po\u010det severokorejsk\u00fdch voj\u00e1k\u016f byl sn\u00ed\u017een na polovinu. Kim \u010cong-un,\u00a0uvedla\u00a0BBC, utrp\u011bl &#8222;mimo\u0159\u00e1dn\u011b vysokou cenu&#8220; za to, \u017ee pomohl rusk\u00e9mu prezidentovi Vladimiru Putinovi vytla\u010dit ukrajinsk\u00e9 s\u00edly z Kurska, a Rusov\u00e9 \u00fadajn\u011b\u00a0promrhali elitn\u00ed voj\u00e1ky\u00a0nedostatkem koordinace a t\u00edm, \u017ee je &#8222;poslali ve vln\u00e1ch p\u0159es pole poset\u00e1 n\u00e1\u0161lapn\u00fdmi minami, aby je pokosila t\u011b\u017ek\u00e1 ukrajinsk\u00e1 palba&#8220;.<\/p>\n<p>Nesrovnalosti jsou i v p\u0159\u00edb\u011bhu o jejich \u00fadajn\u00e9m odchodu.<\/p>\n<p>30. ledna New York Times\u00a0uvedly, \u017ee podle ukrajinsk\u00fdch a americk\u00fdch p\u0159edstavitel\u016f nebyly severokorejsk\u00e9 jednotky na front\u011b vid\u011bny asi dva t\u00fddny. N\u00e1sleduj\u00edc\u00ed den CNN\u00a0ozn\u00e1mila, \u017ee podle plukovn\u00edka Oleksandra Kindrat\u011bnka, mluv\u010d\u00edho sil speci\u00e1ln\u00edch operac\u00ed ukrajinsk\u00e9 arm\u00e1dy, &#8222;nebyli pozorov\u00e1ni asi t\u0159i t\u00fddny&#8220;.<\/p>\n<p>Ale 22. ledna BBC\u00a0citovala\u00a0gener\u00e1la Syrsk\u00e9ho, kter\u00fd pr\u00e1v\u011b ten t\u00fdden \u0159ekl, \u017ee &#8222;severokorej\u0161t\u00ed voj\u00e1ci p\u0159edstavuj\u00ed pro ukrajinsk\u00e9 bojovn\u00edky na frontov\u00e9 linii v\u00fdznamn\u00fd probl\u00e9m&#8220;. Syrsky \u0159ekl, \u017ee &#8222;11 000 a\u017e 12 000 vysoce motivovan\u00fdch a dob\u0159e p\u0159ipraven\u00fdch voj\u00e1k\u016f prov\u00e1d\u011blo \u00fato\u010dn\u00e9 akce&#8220;. Tento t\u00fdden za\u010dal 19. ledna. Ale severokorejsk\u00e9 jednotky pr\u00fd nebyly spat\u0159eny dva a\u017e t\u0159i t\u00fddny p\u0159ed 30. lednem: to by bylo 9. a\u017e 16. ledna. Ukrajina tvrd\u00ed, \u017ee severokorejsk\u00e9 jednotky nebyly spat\u0159eny od 3-10 dn\u016f p\u0159edt\u00edm.<\/p>\n<p>A kdy\u017e to Zelenskyj stra\u0161n\u011b p\u0159ibl\u00ed\u017eil, tvrdil, \u017ee dva severokorej\u0161t\u00ed voj\u00e1ci byli zajati 9. ledna. Ale 31. ledna byla CNN ji\u017e schopna zve\u0159ejnit, \u017ee s\u00edly speci\u00e1ln\u00edch operac\u00ed ukrajinsk\u00e9 arm\u00e1dy uvedly, \u017ee &#8222;asi t\u0159i t\u00fddny&#8220; nebyli vid\u011bni \u017e\u00e1dn\u00ed severokorej\u0161t\u00ed voj\u00e1ci.<\/p>\n<p>Ameri\u010dt\u00ed p\u0159edstavitel\u00e9 nechali tuto dvojzna\u010dnost otev\u0159enou tvrzen\u00edm bez d\u016fkaz\u016f, \u017ee &#8222;rozhodnut\u00ed st\u00e1hnout severokorejsk\u00e9 jednotky z frontov\u00e9 linie nemus\u00ed b\u00fdt trval\u00e9. Je mo\u017en\u00e9, \u017ee by se Severokorejci mohli vr\u00e1tit po absolvov\u00e1n\u00ed dodate\u010dn\u00e9ho v\u00fdcviku nebo pot\u00e9, co Rusov\u00e9 p\u0159ijdou s nov\u00fdmi zp\u016fsoby jejich nasazen\u00ed, aby se vyhnuli tak t\u011b\u017ek\u00fdm ztr\u00e1t\u00e1m.&#8220;<\/p>\n<p>Tak\u017ee toho kr\u00e1l\u00edka \u2013 pokud je to kr\u00e1l\u00edk \u2013 lze v p\u0159\u00edpad\u011b pot\u0159eby znovu vyt\u00e1hnout z klobouku. Pokud by severokorejsk\u00e9 jednotky skute\u010dn\u011b byly v Kursku a byly skute\u010dn\u011b promarn\u011bny a zdecimov\u00e1ny, pak jejich p\u0159\u00edtomnost neospravedl\u0148uje eskala\u010dn\u00ed riziko ud\u011blen\u00ed povolen\u00ed Ukrajin\u011b odpalovat rakety dlouh\u00e9ho doletu dodan\u00e9 USA hloub\u011bji na rusk\u00e9 \u00fazem\u00ed. Pokud tomu tak skute\u010dn\u011b nebylo, pak byla cel\u00e1 z\u00e1le\u017eitost trikem, kter\u00fd m\u011bl toto rozhodnut\u00ed ospravedlnit.<\/p>\n<p><a href=\"https:\/\/vasevec.info\/clanky\/severokorejsti-vojaci-v-rusku-byli-tam-nekdy\">Ji\u0159\u00ed Vyvadil<\/a><\/p>\n<p><img decoding=\"async\" loading=\"lazy\" class=\"alignnone size-medium wp-image-16474\" src=\"http:\/\/www.infokuryr.cz\/n\/wp-content\/uploads\/2022\/10\/jiri-vyvadil-300x200.jpg\" alt=\"\" width=\"300\" height=\"200\" srcset=\"https:\/\/www.infokuryr.cz\/n\/wp-content\/uploads\/2022\/10\/jiri-vyvadil-300x200.jpg 300w, https:\/\/www.infokuryr.cz\/n\/wp-content\/uploads\/2022\/10\/jiri-vyvadil-768x512.jpg 768w, https:\/\/www.infokuryr.cz\/n\/wp-content\/uploads\/2022\/10\/jiri-vyvadil.jpg 800w\" sizes=\"(max-width: 300px) 100vw, 300px\" \/><\/p>\n<p>&nbsp;<\/p>\n","protected":false},"excerpt":{"rendered":"<p>The Responsible Statecraft, p\u0159em\u00fd\u0161liv\u00fd politologick\u00fd port\u00e1l p\u0159i\u0161el s p\u0159ekvapivou my\u0161lenkou, \u017ee vlastn\u011b nikdy Severokorejci v&#8230;<\/p>\n","protected":false},"author":2,"featured_media":64153,"comment_status":"closed","ping_status":"closed","sticky":false,"template":"","format":"standard","meta":[],"categories":[6],"tags":[502,1503,8171,22,321],"_links":{"self":[{"href":"https:\/\/www.infokuryr.cz\/n\/wp-json\/wp\/v2\/posts\/71861"}],"collection":[{"href":"https:\/\/www.infokuryr.cz\/n\/wp-json\/wp\/v2\/posts"}],"about":[{"href":"https:\/\/www.infokuryr.cz\/n\/wp-json\/wp\/v2\/types\/post"}],"author":[{"embeddable":true,"href":"https:\/\/www.infokuryr.cz\/n\/wp-json\/wp\/v2\/users\/2"}],"replies":[{"embeddable":true,"href":"https:\/\/www.infokuryr.cz\/n\/wp-json\/wp\/v2\/comments?post=71861"}],"version-history":[{"count":0,"href":"https:\/\/www.infokuryr.cz\/n\/wp-json\/wp\/v2\/posts\/71861\/revisions"}],"wp:featuredmedia":[{"embeddable":true,"href":"https:\/\/www.infokuryr.cz\/n\/wp-json\/wp\/v2\/media\/64153"}],"wp:attachment":[{"href":"https:\/\/www.infokuryr.cz\/n\/wp-json\/wp\/v2\/media?parent=71861"}],"wp:term":[{"taxonomy":"category","embeddable":true,"href":"https:\/\/www.infokuryr.cz\/n\/wp-json\/wp\/v2\/categories?post=71861"},{"taxonomy":"post_tag","embeddable":true,"href":"https:\/\/www.infokuryr.cz\/n\/wp-json\/wp\/v2\/tags?post=71861"}],"curies":[{"name":"wp","href":"https:\/\/api.w.org\/{rel}","templated":true}]}}