{"id":71855,"date":"2025-02-08T06:21:32","date_gmt":"2025-02-08T05:21:32","guid":{"rendered":"https:\/\/www.infokuryr.cz\/n\/?p=71855"},"modified":"2025-02-08T06:21:47","modified_gmt":"2025-02-08T05:21:47","slug":"trumpuv-mirovy-plan-je-venku-a-pokud-bude-na-mnichovske-bezpecnostni-konferenci-potvrzen-bude-to-znamenat-porazku","status":"publish","type":"post","link":"https:\/\/www.infokuryr.cz\/n\/2025\/02\/08\/trumpuv-mirovy-plan-je-venku-a-pokud-bude-na-mnichovske-bezpecnostni-konferenci-potvrzen-bude-to-znamenat-porazku\/","title":{"rendered":"Trump\u016fv m\u00edrov\u00fd pl\u00e1n je venku a pokud bude na Mnichovsk\u00e9 bezpe\u010dnostn\u00ed konferenci potvrzen, bude to znamenat por\u00e1\u017eku&#8230;"},"content":{"rendered":"<div id=\"fb-root\"><\/div>\n<h4>Trump\u016fv m\u00edrov\u00fd pl\u00e1n je venku a pokud bude na Mnichovsk\u00e9 bezpe\u010dnostn\u00ed konferenci potvrzen, bude to znamenat por\u00e1\u017eku Ukrajiny a cel\u00e9 Evropsk\u00e9 unie! Rusko m\u00e1 z\u00edskat, co u\u017e m\u00e1, Ukrajina p\u0159ijde natrvalo o \u010dlenstv\u00ed v NATO, ale vstoup\u00ed do EU! Na Ukrajin\u011b maj\u00ed b\u00fdt vojska EU a Velk\u00e9 Brit\u00e1nie! Podle Podoljaka by pr\u00fd bylo dobr\u00e9, kdyby vypukla v\u00e1lka mezi USA a Ruskem!<\/h4>\n<p>Ve \u010dtvrtek ve\u010der do\u0161lo k velk\u00e9mu \u00faniku informac\u00ed o m\u00edrov\u00e9m pl\u00e1nu americk\u00e9ho vyjednava\u010de pro Ukrajinu Keitha Kelloga na ve\u0159ejnost\u00a0<strong>[<a href=\"https:\/\/href.li\/?https:\/\/www.express.co.uk\/news\/world\/2010974\/donald-trump-ukraine-war-peace-plan-leaked\" target=\"_blank\" rel=\"nofollow noopener\">1<\/a>]<\/strong>, p\u0159i\u010dem\u017e pl\u00e1nu se obecn\u011b \u0159\u00edk\u00e1 jako\u00a0<em>Trump\u016fv m\u00edrov\u00fd pl\u00e1n<\/em>, ale ten se podle informac\u00ed na jeho podob\u011b v\u016fbec nepod\u00edl\u00ed. Pl\u00e1n m\u00e1 b\u00fdt ofici\u00e1ln\u011b p\u0159edstaven na Mnichovsk\u00e9 bezpe\u010dnostn\u00ed konferenci p\u0159\u00ed\u0161t\u00ed t\u00fdden\u00a0<strong>[<a href=\"https:\/\/href.li\/?https:\/\/www.euronews.com\/2025\/02\/06\/us-could-reveal-trumps-peace-plan-for-ukraine-as-early-as-next-week\" target=\"_blank\" rel=\"nofollow noopener\">2<\/a>]<\/strong>\u00a0a tento \u00fanik je podle v\u0161eho zinscenovan\u00fd.<\/p>\n<p>Tedy \u00famysln\u00fd \u00fanik, aby se na podobu tohoto pl\u00e1nu Ukrajina p\u0159ipravila v p\u0159edstihu.\u00a0<strong>Rusk\u00e1 m\u00e9dia zat\u00edm unikl\u00fd materi\u00e1l nekomentuj\u00ed a str\u00e1nky m\u00e9di\u00ed pln\u00ed informace o dobyt\u00ed [<a href=\"https:\/\/href.li\/?https:\/\/www.rt.com\/russia\/612344-key-donbass-city-russian\/\" target=\"_blank\" rel=\"nofollow noopener\">3<\/a>] strategick\u00e9ho m\u011bsta Toreck (<em>rus. D\u017eer\u017einsk<\/em>) na Donbasu nedaleko Gorlovky.<\/strong>\u00a0M\u011bsto bylo vy\u010di\u0161t\u011bno od posledn\u00edch ukrajinsk\u00fdch voj\u00e1k\u016f. P\u0159ed v\u00e1lkou m\u011blo m\u011bsto cca. 30 000 obyvatel.<\/p>\n<p>&nbsp;<\/p>\n<div id=\"rumble_v6fujjm\">\n<div id=\"vid_v6fujjm\" class=\"rumble_v6fujjm-Rumble-cls\" tabindex=\"-1\">\n<div class=\"bigPlayUI ctp\">\n<div class='videoWrapper'>\r\n\t            <iframe src='https:\/\/rumble.com\/embed\/pj.v6fujjm\/' frameborder='0' allowfullscreen><\/iframe>\r\n\t        <\/div>\n<div class=\"bigPlayUIInner ctp\"><\/div>\n<\/div>\n<\/div>\n<\/div>\n<p>&nbsp;<\/p>\n<p>Na v\u00fdvoj situace u\u017e reagoval i Zelensk\u00e9ho poradce Mychajlo Podoljak, kter\u00fd dostal dotaz, jestli USA po\u0161lou sv\u00e9 voj\u00e1ky na Ukrajinu stejn\u011b, jako je Trump pl\u00e1nuje poslat do p\u00e1sma Gazy. Podoljak na to odpov\u011bd\u011bl, \u017ee by bylo dobr\u00e9, kdyby USA vstoupily do v\u00e1lky s Ruskem, proto\u017ee v\u00e1lka by okam\u017eit\u011b dostala jin\u00fd rozm\u011br. Jen\u017ee takov\u00e1 \u0161ance je pr\u00fd mal\u00e1, a to kv\u016fli tomu, \u017ee Gaza nen\u00ed Ukrajina a Ham\u00e1s nen\u00ed Rusk\u00e1 arm\u00e1da.<\/p>\n<p>Samotn\u00e1 Gaza nem\u00e1 status samostatn\u00e9ho st\u00e1tu a boj americk\u00fdch voj\u00e1k\u016f proti Ham\u00e1su nebude hrozit jadernou v\u00fdm\u011bnou. Proto tyto dv\u011b v\u011bci pr\u00fd nejde d\u00e1vat do souvislosti. A to i kv\u016fli tomu, \u017ee USA maj\u00ed s Izraelem strategickou smlouvu o obran\u011b. Tento v\u00fdrok Podoljaka tak p\u0159edznamen\u00e1v\u00e1, jak moc by Ukrajina cht\u011bla, aby USA p\u0159evzaly boje s Ruskem na sv\u00e1 bedra. Ukrajin\u011b prost\u011b u\u017e moc variant nezb\u00fdv\u00e1.<\/p>\n<h6><span style=\"font-size: 18pt;\">P\u0159\u00edm\u011b\u0159\u00ed na Ukrajin\u011b do Velikonoc<\/span><\/h6>\n<p><strong>Podle unikl\u00e9ho dokumentu se americk\u00fd prezident Donald Trump pokus\u00ed donutit ukrajinsk\u00e9ho prezidenta Volodymyra Zelensk\u00e9ho, aby souhlasil s p\u0159\u00edm\u011b\u0159\u00edm s Ruskem do Velikonoc podle m\u00edrov\u00e9ho pl\u00e1nu.<\/strong>\u00a0Trump, kter\u00fd dlouho tvrdil, \u017ee by byl schopen vyjednat ukon\u010den\u00ed brut\u00e1ln\u00ed invaze na Ukrajinu b\u011bhem jedin\u00e9ho dne, pr\u00fd pracuje na ukon\u010den\u00ed v\u00e1lky do 100 dn\u016f.<\/p>\n<p>O nepotvrzen\u00fdch pl\u00e1nech, kter\u00e9 se objevily v politick\u00fdch a diplomatick\u00fdch kruz\u00edch na Ukrajin\u011b, zahrnuj\u00ed p\u0159\u00edm\u011b\u0159\u00ed do 20. dubna, kter\u00e9 by zmrazilo neust\u00e1l\u00fd postup Ruska, z\u00e1kaz vstupu Ukrajiny do NATO a po\u017eadavek, aby Kyjev p\u0159ijal ruskou suverenitu nad anektovan\u00fdm \u00fazem\u00edm. To by byla fat\u00e1ln\u00ed por\u00e1\u017eka nejen pro Kyjev, ale hlavn\u011b pro Evropskou unii a pro v\u0161echny rusofoby v EU.<\/p>\n<figure id=\"attachment_62593\" class=\"wp-caption aligncenter\" style=\"width: 649px;\"><a href=\"https:\/\/aeronet.news\/wp-content\/uploads\/Trump_Ukraine_Leaked_plan.jpg\"><img decoding=\"async\" loading=\"lazy\" class=\"wp-image-62593 \" src=\"https:\/\/aeronet.news\/wp-content\/uploads\/Trump_Ukraine_Leaked_plan-1024x868.jpg\" sizes=\"(max-width: 700px) 100vw, 700px\" srcset=\"https:\/\/aeronet.news\/wp-content\/uploads\/Trump_Ukraine_Leaked_plan-1024x868.jpg 1024w, https:\/\/aeronet.news\/wp-content\/uploads\/Trump_Ukraine_Leaked_plan-300x254.jpg 300w, https:\/\/aeronet.news\/wp-content\/uploads\/Trump_Ukraine_Leaked_plan-768x651.jpg 768w, https:\/\/aeronet.news\/wp-content\/uploads\/Trump_Ukraine_Leaked_plan-700x593.jpg 700w, https:\/\/aeronet.news\/wp-content\/uploads\/Trump_Ukraine_Leaked_plan-421x357.jpg 421w, https:\/\/aeronet.news\/wp-content\/uploads\/Trump_Ukraine_Leaked_plan-570x483.jpg 570w, https:\/\/aeronet.news\/wp-content\/uploads\/Trump_Ukraine_Leaked_plan.jpg 1168w\" alt=\"\" width=\"649\" height=\"550\" \/><\/a><figcaption class=\"wp-caption-text\">\u00dadajn\u00fd pl\u00e1n tzv. Trumpova m\u00edrov\u00e9ho n\u00e1vrhu<\/figcaption><\/figure>\n<p>Krom\u011b toho budou ukrajin\u0161t\u00ed voj\u00e1ci nuceni opustit ruskou Kurskou oblast, kde v srpnu lo\u0148sk\u00e9ho roku zah\u00e1jili protiofenz\u00edvu, zat\u00edmco kontingent evropsk\u00fdch voj\u00e1k, mezi nimi\u017e by mohli b\u00fdt i brit\u0161t\u00ed voj\u00e1ci, by m\u011bl st\u0159e\u017eit demilitarizovanou z\u00f3nu, kter\u00fd by p\u0159edstavovala p\u00e1smo zhruba 30 km od sou\u010dasn\u00e9 frontov\u00e9 linie na \u00fazem\u00ed kontrolovan\u00e9m Kyjevem.<\/p>\n<p>Ameri\u010dt\u00ed voj\u00e1ci nebudou podle pl\u00e1nu do tohoto kontingentu zapojeni. EU bude \u00fadajn\u011b po\u017e\u00e1d\u00e1na, aby pomohla Ukrajin\u011b v jej\u00edm \u00fasil\u00ed o obnovu, kter\u00e9 m\u016f\u017ee podle\u00a0<em>German Marshall Fund<\/em>\u00a0think tanku v p\u0159\u00ed\u0161t\u00edm desetilet\u00ed st\u00e1t a\u017e 486 miliard dolar\u016f. Ukrajinsk\u00fd prezident Volodymyr Zelensk\u00fd existenci pl\u00e1n\u016f na p\u0159\u00edm\u011b\u0159\u00ed pop\u0159el a B\u00edl\u00fd d\u016fm se ke zpr\u00e1v\u00e1m zat\u00edm ofici\u00e1ln\u011b nevyj\u00e1d\u0159il.<\/p>\n<h6><span style=\"font-size: 18pt;\">Rusko si ponech\u00e1, co m\u00e1, Kyjev to uzn\u00e1 a sl\u00edb\u00ed neutralitu, a na opl\u00e1tku dostane \u010dlenstv\u00ed v EU<\/span><\/h6>\n<p>Pokud by se v\u0161ak potvrdily, znamenalo by to, \u017ee Zelensk\u00fd a Vladimir Putin si b\u011bhem n\u011bkolika dn\u00ed p\u0159ed setk\u00e1n\u00edm bu\u010f koncem \u00fanora, nebo za\u010d\u00e1tkem b\u0159ezna, spole\u010dn\u011b zavolaj\u00ed.\u00a0<strong>Ofici\u00e1ln\u00ed vyhl\u00e1\u0161en\u00ed p\u0159\u00edm\u011b\u0159\u00ed by pak bylo pr\u00fd u\u010din\u011bno 20. dubna. Prohl\u00e1\u0161en\u00ed o dohodnut\u00fdch parametrech ukon\u010den\u00ed v\u00e1lky by pak bylo zve\u0159ejn\u011bno do 9. kv\u011btna<\/strong>\u00a0a pot\u00e9 by byl Kyjev po\u017e\u00e1d\u00e1n, aby neprodlu\u017eoval v\u00e1le\u010dn\u00fd stav a nemobilizoval vojska. Trump chce tak\u00e9 z\u0159\u00eddit mezin\u00e1rodn\u00ed m\u00edrovou konferenci, kterou by zprost\u0159edkovaly dal\u0161\u00ed v\u00fdznamn\u00e9 zem\u011b a kter\u00e1 by se se\u0161la, aby pomohla uzav\u0159\u00edt dohodu o ukon\u010den\u00ed v\u00e1lky.<\/p>\n<figure id=\"attachment_61333\" class=\"wp-caption aligncenter\" style=\"width: 670px;\"><a href=\"https:\/\/aeronet.news\/wp-content\/uploads\/ZelenskyEUcouncil.jpg\"><img decoding=\"async\" loading=\"lazy\" class=\"wp-image-61333 \" src=\"https:\/\/aeronet.news\/wp-content\/uploads\/ZelenskyEUcouncil-1024x682.jpg\" sizes=\"(max-width: 700px) 100vw, 700px\" srcset=\"https:\/\/aeronet.news\/wp-content\/uploads\/ZelenskyEUcouncil-1024x682.jpg 1024w, https:\/\/aeronet.news\/wp-content\/uploads\/ZelenskyEUcouncil-300x200.jpg 300w, https:\/\/aeronet.news\/wp-content\/uploads\/ZelenskyEUcouncil-768x512.jpg 768w, https:\/\/aeronet.news\/wp-content\/uploads\/ZelenskyEUcouncil-700x466.jpg 700w, https:\/\/aeronet.news\/wp-content\/uploads\/ZelenskyEUcouncil-536x357.jpg 536w, https:\/\/aeronet.news\/wp-content\/uploads\/ZelenskyEUcouncil-725x483.jpg 725w, https:\/\/aeronet.news\/wp-content\/uploads\/ZelenskyEUcouncil.jpg 1280w\" alt=\"\" width=\"670\" height=\"446\" \/><\/a><figcaption class=\"wp-caption-text\">Zelensk\u00fd m\u00e1 podle pl\u00e1nu dostat z\u00e1ruku vstupu Ukrajiny do EU do roku 2030<\/figcaption><\/figure>\n<p>A\u010dkoli mnoh\u00e9 z podm\u00ednek ozn\u00e1men\u00fdch pl\u00e1n\u016f zahrnuj\u00ed \u00fastupky pro Ukrajinu, Trump \u00fadajn\u011b nab\u00edz\u00ed v pl\u00e1nu jak\u00e9si \u201cbolestn\u00e9\u201d pro Ukrajinu a tak\u00e9 pl\u00e1nuje pokra\u010dovat v americk\u00e9 podpo\u0159e ukrajinsk\u00e9 arm\u00e1dy, stejn\u011b jako v cest\u011b ke vstupu Ukrajiny do EU do roku 2030, co\u017e m\u00e1 b\u00fdt nejv\u011bt\u0161\u00ed, ale sou\u010dasn\u011b podle v\u0161eho jedin\u00e1 n\u00e1plast pro Ukrajinu. Rusko by z tohoto pl\u00e1nu vy\u0161lo jako v\u00edt\u011bz, ale pr\u00e1v\u011b ot\u00e1zka postoje Ruska je v t\u00e9to chv\u00edli nejasn\u00e1, proto\u017ee rusk\u00e1 vojska na Donbasu postupuj\u00ed ke spr\u00e1vn\u00edm hranic\u00edm DLR a dokonce se bl\u00ed\u017e\u00ed k Dn\u011bpropetrovsk\u00e9 oblasti.<\/p>\n<h6><span style=\"font-size: 18pt;\">Rusov\u00e9 dobyli Toreck a nad\u00e1le postupuj\u00ed. Trumpova m\u00edrov\u00e1 nab\u00eddka nemus\u00ed b\u00fdt pro Kreml dostate\u010dn\u011b zaj\u00edmav\u00e1<\/span><\/h6>\n<p>P\u00e1te\u010dn\u00ed dobyt\u00ed Torecku je dal\u0161\u00ed mohutnou ukrajinskou por\u00e1\u017ekou a velk\u00fdm rusk\u00fdm v\u00edt\u011bzstv\u00edm, tak\u017ee je te\u010f ot\u00e1zka, jestli si Keith Kellog uv\u011bdomuje, \u017ee nab\u00edz\u00ed Rusku m\u00e1lo.\u00a0<strong>Moskva toti\u017e \u00fasty Sergeje Lavrova ji\u017e d\u0159\u00edve uvedla [<a href=\"https:\/\/aeronet.news\/sergej-lavrov-potvrdil-ze-rusko-bude-s-usa-jednat-nikoliv-jen-o-ukrajine-ale-o-novem-mocenskem-usporadani-prostoru-euroasie-na-pudorysu-jalty-2-0-s-durazem-na-zajmy-nejvetsich-zemi-skupiny-brics\/\">4<\/a>], \u017ee bude p\u0159i jedn\u00e1n\u00edch o m\u00edru po\u017eadovat vy\u0159e\u0161en\u00ed rozd\u011blen\u00ed sf\u00e9r vlivu Ruska, USA a rovn\u011b\u017e \u010c\u00edny ve sv\u011bt\u011b.<\/strong>\u00a0Nejde toti\u017e v\u016fbec o Ukrajinu, proto\u017ee ta byla a je pouze n\u00e1strojem glob\u00e1ln\u00edho prediktora na demisi syst\u00e9mu Pax Americana ve sv\u011bt\u011b, na \u010dem\u017e Donald Trumpa pracuje intenzivn\u011b dnem i noc\u00ed, \u017ee odpojuje USA od globaliza\u010dn\u00edch struktur a \u00fapln\u011b od\u0159ez\u00e1v\u00e1 USA od vlivu na glob\u00e1ln\u00ed procesy \u0159\u00edzen\u00ed.<\/p>\n<figure id=\"attachment_62594\" class=\"wp-caption aligncenter\" style=\"width: 652px;\"><a href=\"https:\/\/aeronet.news\/wp-content\/uploads\/ToretskHasFallen.jpg\"><img decoding=\"async\" loading=\"lazy\" class=\"wp-image-62594 \" src=\"https:\/\/aeronet.news\/wp-content\/uploads\/ToretskHasFallen-1024x767.jpg\" sizes=\"(max-width: 700px) 100vw, 700px\" srcset=\"https:\/\/aeronet.news\/wp-content\/uploads\/ToretskHasFallen-1024x767.jpg 1024w, https:\/\/aeronet.news\/wp-content\/uploads\/ToretskHasFallen-300x225.jpg 300w, https:\/\/aeronet.news\/wp-content\/uploads\/ToretskHasFallen-768x575.jpg 768w, https:\/\/aeronet.news\/wp-content\/uploads\/ToretskHasFallen-700x524.jpg 700w, https:\/\/aeronet.news\/wp-content\/uploads\/ToretskHasFallen-477x357.jpg 477w, https:\/\/aeronet.news\/wp-content\/uploads\/ToretskHasFallen-645x483.jpg 645w, https:\/\/aeronet.news\/wp-content\/uploads\/ToretskHasFallen.jpg 1080w\" alt=\"\" width=\"652\" height=\"488\" \/><\/a><figcaption class=\"wp-caption-text\">Aktu\u00e1ln\u00ed fotografie dobyt\u00e9ho Torecku<\/figcaption><\/figure>\n<p>P\u0159edstava o rozm\u00edst\u011bn\u00ed tzv. m\u00edrov\u00fdch sil zem\u00ed EU a Velk\u00e9 Brit\u00e1nie, co\u017e nebude nic jin\u00e9ho ne\u017e arm\u00e1dy zem\u00ed NATO, a to p\u0159\u00edmo na linii doteku, se stane \u010dasovanou bombou uvnit\u0159 nejv\u011bt\u0161\u00edho muni\u010dn\u00edho skladu na sv\u011bt\u011b, proto\u017ee bude jen ot\u00e1zkou \u010dasu, kdy Ukrajina vyprovokuje na t\u00e9to linii konflikt s Rusy, a v tom okam\u017eiku dojde k zata\u017een\u00ed NATO do p\u0159\u00edm\u00fdch boj\u016f s Ruskem.<\/p>\n<p>Stejn\u011b tak Trump\u016fv pl\u00e1n pr\u00fd navrhuje, \u017ee dojde ke zru\u0161en\u00ed sankc\u00ed na Ruko, aby mohlo prod\u00e1vat ropu, plyn a suroviny na z\u00e1pad, ale v\u00fdnosy z prodej\u016f pr\u00fd maj\u00ed j\u00edt na obnovu Ukrajiny. To se v podstat\u011b rovn\u00e1 reparac\u00edm, kter\u00e9 ale plat\u00ed poka\u017ed\u00e9 pora\u017een\u00fd st\u00e1t, a na to Rusko nep\u0159istoup\u00ed, proto\u017ee by to vlastn\u011b bylo p\u0159izn\u00e1n\u00ed por\u00e1\u017eky a p\u0159izn\u00e1n\u00ed viny, \u017ee Rusko je agresor a mus\u00ed tak zafinancovat obnovu Ukrajiny.<\/p>\n<h6><span style=\"font-size: 18pt;\">Trump uposlechl rebeho a uvalil sankce na vrcholn\u00e9 centrum globalizace \u2013 na soudce Mezin\u00e1rodn\u00edho trestn\u00edho soudu v Haagu<\/span><\/h6>\n<p>V\u016fbec se nediv\u00edm, \u017ee tento dokument byl \u00famysln\u011b vypu\u0161t\u011bn na otestov\u00e1n\u00ed reakc\u00ed, proto\u017ee bude t\u011b\u017eko p\u0159ijateln\u00fd jak pro Ukrajinu, tak pro Rusko.\u00a0<strong>Ukrajin\u011b ten dokument v podstat\u011b bere v\u0161echno, zat\u00edmco Rusku nenab\u00edz\u00ed dost.<\/strong>\u00a0Chyb\u00ed etnick\u00e9, jazykov\u00e9 a c\u00edrkevn\u00ed garance rusk\u00fdch men\u0161in. Chyb\u00ed denacifikace Ukrajiny. Naopak se ukazuje, \u017ee Trump v d\u016fsledku pl\u00e1nu Chabadu Lubavitch na likvidaci Edomu (<em>rozum\u011bj Z\u00e1padn\u00ed civilizace<\/em>) chyst\u00e1 anexi p\u00e1sma Gazy a rozm\u00edst\u011bn\u00ed americk\u00fdch voj\u00e1k\u016f v p\u00e1smu. Brzy mu za\u010dnou jin\u00e9 starosti ne\u017e Okrajina.<\/p>\n<p>To vyvol\u00e1 dal\u0161\u00ed bezpe\u010dnostn\u00ed rozvrat v prostoru a urychlen\u00ed demise Pax Americana ve sv\u011bt\u011b. Trump rovn\u011b\u017e na pokyn rebeho Tovia Singera uvalil sankce\u00a0<strong>[<a href=\"https:\/\/href.li\/?https:\/\/www.nbcnews.com\/politics\/donald-trump\/trump-executive-order-sanctioning-international-criminal-court-rcna191018\" target=\"_blank\" rel=\"nofollow noopener\">5<\/a>]<\/strong>\u00a0na soudce a p\u0159edstavitele Mezin\u00e1rodn\u00edho trestn\u00edho soudu, co\u017e je jeden z vrcholn\u00fdch org\u00e1n\u016f sv\u011btov\u00e9 globalizace. Sankce byly uvaleny za \u00fadajn\u011b neopr\u00e1vn\u011bn\u00e9 st\u00edh\u00e1n\u00ed Benjamina Netanyahua. T\u00edm se USA odepisuj\u00ed z glob\u00e1ln\u00edho klubu a p\u00e1l\u00ed za sebou mosty.<\/p>\n<figure id=\"attachment_62595\" class=\"wp-caption aligncenter\" style=\"width: 688px;\"><a href=\"https:\/\/aeronet.news\/wp-content\/uploads\/TrumpSchneersonGraveReadingFT.jpg\"><img decoding=\"async\" loading=\"lazy\" class=\"wp-image-62595 \" src=\"https:\/\/aeronet.news\/wp-content\/uploads\/TrumpSchneersonGraveReadingFT-1024x576.jpg\" sizes=\"(max-width: 700px) 100vw, 700px\" srcset=\"https:\/\/aeronet.news\/wp-content\/uploads\/TrumpSchneersonGraveReadingFT-1024x576.jpg 1024w, https:\/\/aeronet.news\/wp-content\/uploads\/TrumpSchneersonGraveReadingFT-300x169.jpg 300w, https:\/\/aeronet.news\/wp-content\/uploads\/TrumpSchneersonGraveReadingFT-768x432.jpg 768w, https:\/\/aeronet.news\/wp-content\/uploads\/TrumpSchneersonGraveReadingFT-700x394.jpg 700w, https:\/\/aeronet.news\/wp-content\/uploads\/TrumpSchneersonGraveReadingFT-635x357.jpg 635w, https:\/\/aeronet.news\/wp-content\/uploads\/TrumpSchneersonGraveReadingFT-859x483.jpg 859w, https:\/\/aeronet.news\/wp-content\/uploads\/TrumpSchneersonGraveReadingFT.jpg 1280w\" alt=\"\" width=\"688\" height=\"387\" \/><\/a><figcaption class=\"wp-caption-text\">Prezident Donald Trump nav\u0161t\u00edvil Ohel, m\u00edsto odpo\u010dinku lubavi\u010dsk\u00e9ho rebeho Menachema Mendela Schneersona, v newyorsk\u00e9m Queensu a p\u0159e\u010detl z knihy Tanya \u00faryvek Poselstv\u00ed mrtv\u00fdm. 7. \u0159\u00edjna 2024<\/figcaption><\/figure>\n<p>P\u0159esn\u011b tuto \u00falohu te\u010f Trump pln\u00ed, spolu s likvidac\u00ed jedn\u00e9 z nejmocn\u011bj\u0161\u00edch organizac\u00ed americk\u00e9 glob\u00e1ln\u00ed moci Pax Americana, kterou Trump nechal rozpustit. Ano, likvidace USAID je mohutn\u00e1 r\u00e1na a destrukce moci Pax Americana ve sv\u011bt\u011b na tzv. konceptu\u00e1ln\u00ed procesy \u0159\u00edzen\u00ed, tedy na ovliv\u0148ov\u00e1n\u00ed novin\u00e1\u0159\u016f, m\u00e9di\u00ed, neziskovek, politik\u016f a jednotliv\u00fdch vl\u00e1d. P\u0159esn\u011b k tomu USAID slou\u017eil v z\u00e1jmu americk\u00e9 hegemonie a Trump to te\u010f likviduje, \u010d\u00edm\u017e prov\u00e1d\u00ed destruk\u010dn\u00ed \u010dinnost v z\u00e1jmu glob\u00e1ln\u00edho prediktora.<\/p>\n<h6><span style=\"font-size: 18pt;\">Trump pochov\u00e1v\u00e1 Ameriku a jej\u00ed glob\u00e1ln\u00ed moc, kter\u00e9 je letos 80 let<\/span><\/h6>\n<p>A jak by te\u010f mohla zem\u011b, kterou Trump k\u00e1c\u00ed a likviduje, diktovat glob\u00e1ln\u00ed procesy v\u00fdvoje v\u00e1lky na Ukrajin\u011b? Ne, tohle divadlo je sice ur\u010deno pro jednoduch\u00e9 div\u00e1ky, aby louskali bramb\u016frky a sledovali komedianta, jak likviduje ve\u0161kerou sv\u011btovou moc USA budovanou 80 let po II. sv. v\u00e1lce, ale\u00a0<strong>ve skute\u010dnosti je Trump hroba\u0159 americk\u00e9 moci a \u010din\u00ed tak v z\u00e1jmu Chabad Lubavitch v jejich pl\u00e1nu na likvidaci Z\u00e1padn\u00ed civilizace.<\/strong>\u00a0A toho nelze dos\u00e1hnout bez likvidace USA v prvn\u00ed \u0159ad\u011b, a bez likvidace EU v druh\u00e9 \u0159ad\u011b. Evropa je destruov\u00e1na zevnit\u0159 u\u017e velmi dlouho pod veden\u00edm nacist\u016f v Evropsk\u00e9 unii.<\/p>\n<figure id=\"attachment_62596\" class=\"wp-caption aligncenter\" style=\"width: 688px;\"><a href=\"https:\/\/aeronet.news\/wp-content\/uploads\/ICC_Mural_Front.jpg\"><img decoding=\"async\" loading=\"lazy\" class=\"wp-image-62596 \" src=\"https:\/\/aeronet.news\/wp-content\/uploads\/ICC_Mural_Front-1024x576.jpg\" sizes=\"(max-width: 700px) 100vw, 700px\" srcset=\"https:\/\/aeronet.news\/wp-content\/uploads\/ICC_Mural_Front-1024x576.jpg 1024w, https:\/\/aeronet.news\/wp-content\/uploads\/ICC_Mural_Front-300x169.jpg 300w, https:\/\/aeronet.news\/wp-content\/uploads\/ICC_Mural_Front-768x432.jpg 768w, https:\/\/aeronet.news\/wp-content\/uploads\/ICC_Mural_Front-700x394.jpg 700w, https:\/\/aeronet.news\/wp-content\/uploads\/ICC_Mural_Front-635x357.jpg 635w, https:\/\/aeronet.news\/wp-content\/uploads\/ICC_Mural_Front-859x483.jpg 859w, https:\/\/aeronet.news\/wp-content\/uploads\/ICC_Mural_Front.jpg 1280w\" alt=\"\" width=\"688\" height=\"387\" \/><\/a><figcaption class=\"wp-caption-text\">Vrcholn\u00e9 mocensk\u00e9 centrum globalist\u016f \u2013 Mezin\u00e1rodn\u00ed trestn\u00ed soud v Haagu<\/figcaption><\/figure>\n<p>Ov\u0161em i oni slou\u017e\u00ed stejn\u00fdm struktur\u00e1m jako Trump v USA, ov\u0161em zata\u017een\u00ed Evropy do v\u00e1lky na Ukrajin\u011b je n\u00e1strojem, kter\u00fd m\u00e1 likvidaci EU urychlit. Rozm\u00edst\u011bn\u00ed vosk EU na Ukrajin\u011b podle Trumpova pl\u00e1nu je doutn\u00e1k od bomby III. sv. v\u00e1lky v Evrop\u011b. A ten doutn\u00e1k, pokud ho USA a EU polo\u017e\u00ed na linii doteku s Rusy na Ukrajin\u011b, d\u0159\u00edve \u010di pozd\u011bji Ukrajinci zap\u00e1l\u00ed. Amerika izolov\u00e1na a glob\u00e1ln\u011b odeps\u00e1na, zat\u00edmco Evropa bude srovn\u00e1na se zem\u00ed. Z\u00e1padn\u00ed civilizace zanikne, resp. jej\u00ed zbytky u\u017e nebudou p\u0159edstavovat \u017e\u00e1dnou hrozbu pro nikoho z glob\u00e1ln\u00edch struktur ani sv\u011btov\u00fdch sionist\u016f, ani chabadistick\u00fdch mesianist\u016f. Proto Trump slou\u017e\u00ed podle zad\u00e1n\u00ed a a\u017e skon\u010d\u00ed, nez\u016fstane ze z\u00e1padn\u00edho sv\u011bta v\u016fbec nic.<\/p>\n<p><a href=\"https:\/\/aeronet.news\/trumpuv-mirovy-plan-je-venku-a-pokud-bude-na-mnichovske-bezpecnostni-konferenci-potvrzen-bude-to-znamenat-porazku-ukrajiny-a-cele-evropske-unie-rusko-ma-ziskat-co-uz-ma\/\">-VK-<\/a><\/p>\n","protected":false},"excerpt":{"rendered":"<p>Trump\u016fv m\u00edrov\u00fd pl\u00e1n je venku a pokud bude na Mnichovsk\u00e9 bezpe\u010dnostn\u00ed konferenci potvrzen, bude to&#8230;<\/p>\n","protected":false},"author":2,"featured_media":71856,"comment_status":"closed","ping_status":"closed","sticky":false,"template":"","format":"standard","meta":[],"categories":[6],"tags":[1042,1505,22,452,26],"_links":{"self":[{"href":"https:\/\/www.infokuryr.cz\/n\/wp-json\/wp\/v2\/posts\/71855"}],"collection":[{"href":"https:\/\/www.infokuryr.cz\/n\/wp-json\/wp\/v2\/posts"}],"about":[{"href":"https:\/\/www.infokuryr.cz\/n\/wp-json\/wp\/v2\/types\/post"}],"author":[{"embeddable":true,"href":"https:\/\/www.infokuryr.cz\/n\/wp-json\/wp\/v2\/users\/2"}],"replies":[{"embeddable":true,"href":"https:\/\/www.infokuryr.cz\/n\/wp-json\/wp\/v2\/comments?post=71855"}],"version-history":[{"count":0,"href":"https:\/\/www.infokuryr.cz\/n\/wp-json\/wp\/v2\/posts\/71855\/revisions"}],"wp:featuredmedia":[{"embeddable":true,"href":"https:\/\/www.infokuryr.cz\/n\/wp-json\/wp\/v2\/media\/71856"}],"wp:attachment":[{"href":"https:\/\/www.infokuryr.cz\/n\/wp-json\/wp\/v2\/media?parent=71855"}],"wp:term":[{"taxonomy":"category","embeddable":true,"href":"https:\/\/www.infokuryr.cz\/n\/wp-json\/wp\/v2\/categories?post=71855"},{"taxonomy":"post_tag","embeddable":true,"href":"https:\/\/www.infokuryr.cz\/n\/wp-json\/wp\/v2\/tags?post=71855"}],"curies":[{"name":"wp","href":"https:\/\/api.w.org\/{rel}","templated":true}]}}