{"id":71817,"date":"2025-02-08T00:43:15","date_gmt":"2025-02-07T23:43:15","guid":{"rendered":"https:\/\/www.infokuryr.cz\/n\/?p=71817"},"modified":"2025-02-07T13:30:30","modified_gmt":"2025-02-07T12:30:30","slug":"trumpuv-ukrajinsky-mirovy-plan-kapitulace-na-splatky","status":"publish","type":"post","link":"https:\/\/www.infokuryr.cz\/n\/2025\/02\/08\/trumpuv-ukrajinsky-mirovy-plan-kapitulace-na-splatky\/","title":{"rendered":"Trump\u016fv ukrajinsk\u00fd m\u00edrov\u00fd pl\u00e1n: kapitulace na spl\u00e1tky?"},"content":{"rendered":"<div id=\"fb-root\"><\/div>\n<p><strong><span>Ve sv\u011bt\u011b velk\u00e9 politiky lid\u00e9 r\u00e1di podnikaj\u00ed za zav\u0159en\u00fdmi dve\u0159mi \u2013 a ob\u010das n\u011bco ute\u010de. To je tak\u00e9 p\u0159\u00edpad nyn\u00ed, kdy v\u00fdbu\u0161n\u00fd dokument vyvol\u00e1v\u00e1 zmatek v kyjevsk\u00fdch politick\u00fdch kruz\u00edch. Americk\u00fd prezident Donald Trump m\u00e1 z\u0159ejm\u011b v \u0161upl\u00edku podrobn\u00fd m\u00edrov\u00fd pl\u00e1n pro Ukrajinu.<\/span><\/strong><\/p>\n<p><span>Pl\u00e1n, kter\u00fd pronikl do ukrajinsk\u00e9ho m\u00e9dia Strana, zn\u00ed jako kompendium bolestiv\u00fdch kompromis\u016f. Zbran\u011b by m\u011bly ml\u010det a\u017e do Velikonoc, ale za jakou cenu? Ukrajina by se m\u011bla nejen vzd\u00e1t \u010dlenstv\u00ed v NATO, ale tak\u00e9 se de facto vzd\u00e1t \u00fazem\u00ed okupovan\u00fdch Ruskem. Mezin\u00e1rodn\u00ed m\u00edrov\u00e9 s\u00edly maj\u00ed monitorovat demilitarizovanou z\u00f3nu \u2013 ale bez americk\u00e9 \u00fa\u010dasti.\u00a0<\/span><strong><span>Evropsk\u00e1 unie pak bude zodpov\u011bdn\u00e1 za rekonstrukci, kter\u00e1\u00a0bude podle odhad\u016f st\u00e1t\u00a0<\/span><a href=\"https:\/\/www.gmfus.org\/news\/pricing-ukrainian-reconstruction\"><span>pouh\u00fdch 486 miliard dolar\u016f .<\/span><\/a><\/strong><\/p>\n<p><span>Harmonogram se zd\u00e1 b\u00fdt ambici\u00f3zn\u00ed: telefonick\u00fd rozhovor mezi Zelensk\u00fdm a Putinem se m\u00e1 uskute\u010dnit ji\u017e na za\u010d\u00e1tku \u00fanora, po n\u011bm\u017e bude n\u00e1sledovat osobn\u00ed setk\u00e1n\u00ed. O\u010dek\u00e1v\u00e1 se, \u017ee p\u0159\u00edm\u011b\u0159\u00ed vstoup\u00ed v platnost 20. dubna. &#8222;Tyto pl\u00e1ny ve skute\u010dnosti neexistuj\u00ed,&#8220; kontroval Andriy Yermak, \u0161\u00e9f ukrajinsk\u00e9 prezidentsk\u00e9 kancel\u00e1\u0159e, podle\u00a0<\/span><a href=\"https:\/\/www.dailymail.co.uk\/news\/article-14367923\/Trump-peace-plan-Ukraine-Putin-ceasefire-Easter-Zelensky-NATO.html\"><span>zpr\u00e1vy britsk\u00fdch m\u00e9di\u00ed<\/span><\/a><span>\u00a0. Zat\u00edmco to ale Kyjev pop\u00edr\u00e1, Moskva u\u017e z\u0159ejm\u011b p\u0159ipravuje sch\u016fzku Putina a Trumpa. Rusk\u00fd poslanec Leonid Slutsk hovo\u0159\u00ed o \u201epokro\u010dil\u00fdch\u201c p\u0159\u00edprav\u00e1ch.<\/span><\/p>\n<figure class=\"wp-block-embed is-type-rich is-provider-twitter wp-block-embed-twitter\">\n<div class=\"wp-block-embed__wrapper\">\n<div class=\"twitter-tweet twitter-tweet-rendered\"><iframe id=\"twitter-widget-0\" class=\"\" title=\"P\u0159\u00edsp\u011bvek X\" src=\"https:\/\/platform.twitter.com\/embed\/Tweet.html?dnt=true&amp;embedId=twitter-widget-0&amp;features=eyJ0ZndfdGltZWxpbmVfbGlzdCI6eyJidWNrZXQiOltdLCJ2ZXJzaW9uIjpudWxsfSwidGZ3X2ZvbGxvd2VyX2NvdW50X3N1bnNldCI6eyJidWNrZXQiOnRydWUsInZlcnNpb24iOm51bGx9LCJ0ZndfdHdlZXRfZWRpdF9iYWNrZW5kIjp7ImJ1Y2tldCI6Im9uIiwidmVyc2lvbiI6bnVsbH0sInRmd19yZWZzcmNfc2Vzc2lvbiI6eyJidWNrZXQiOiJvbiIsInZlcnNpb24iOm51bGx9LCJ0ZndfZm9zbnJfc29mdF9pbnRlcnZlbnRpb25zX2VuYWJsZWQiOnsiYnVja2V0Ijoib24iLCJ2ZXJzaW9uIjpudWxsfSwidGZ3X21peGVkX21lZGlhXzE1ODk3Ijp7ImJ1Y2tldCI6InRyZWF0bWVudCIsInZlcnNpb24iOm51bGx9LCJ0ZndfZXhwZXJpbWVudHNfY29va2llX2V4cGlyYXRpb24iOnsiYnVja2V0IjoxMjA5NjAwLCJ2ZXJzaW9uIjpudWxsfSwidGZ3X3Nob3dfYmlyZHdhdGNoX3Bpdm90c19lbmFibGVkIjp7ImJ1Y2tldCI6Im9uIiwidmVyc2lvbiI6bnVsbH0sInRmd19kdXBsaWNhdGVfc2NyaWJlc190b19zZXR0aW5ncyI6eyJidWNrZXQiOiJvbiIsInZlcnNpb24iOm51bGx9LCJ0ZndfdXNlX3Byb2ZpbGVfaW1hZ2Vfc2hhcGVfZW5hYmxlZCI6eyJidWNrZXQiOiJvbiIsInZlcnNpb24iOm51bGx9LCJ0ZndfdmlkZW9faGxzX2R5bmFtaWNfbWFuaWZlc3RzXzE1MDgyIjp7ImJ1Y2tldCI6InRydWVfYml0cmF0ZSIsInZlcnNpb24iOm51bGx9LCJ0ZndfbGVnYWN5X3RpbWVsaW5lX3N1bnNldCI6eyJidWNrZXQiOnRydWUsInZlcnNpb24iOm51bGx9LCJ0ZndfdHdlZXRfZWRpdF9mcm9udGVuZCI6eyJidWNrZXQiOiJvbiIsInZlcnNpb24iOm51bGx9fQ%3D%3D&amp;frame=false&amp;hideCard=false&amp;hideThread=false&amp;id=1887695880209477990&amp;lang=cs&amp;origin=https%3A%2F%2Freport24.news%2Ftrumps-ukraine-friedensplan-kapitulation-auf-raten%2F&amp;sessionId=bc1636b6bbd7b49a966212944924bc52350f72d9&amp;theme=light&amp;widgetsVersion=2615f7e52b7e0%3A1702314776716&amp;width=550px\" frameborder=\"0\" scrolling=\"no\" allowfullscreen=\"allowfullscreen\" data-tweet-id=\"1887695880209477990\" data-mce-fragment=\"1\"><\/iframe><\/div>\n<\/div>\n<\/figure>\n<p><span>Zaj\u00edmav\u00e9 je, \u017ee pl\u00e1n vyz\u00fdv\u00e1 USA, aby pokra\u010dovaly ve vojensk\u00e9 podpo\u0159e Ukrajiny a umo\u017enily Kyjevu vstoupit do EU do roku 2030. Na opl\u00e1tku by byly postupn\u011b zru\u0161eny sankce proti rusk\u00e9mu exportu energie. Keith Kellogg, Trump\u016fv zvl\u00e1\u0161tn\u00ed z\u00e1stupce pro Ukrajinu, by m\u011bl pl\u00e1n p\u0159edstavit p\u0159\u00ed\u0161t\u00ed t\u00fdden na mnichovsk\u00e9 bezpe\u010dnostn\u00ed konferenci. &#8222;Sejdu se s americk\u00fdmi spojenci, kte\u0159\u00ed jsou p\u0159ipraveni spolupracovat,&#8220;\u00a0<\/span><a href=\"https:\/\/www.telegraph.co.uk\/us\/news\/2025\/02\/05\/trump-plan-ukraine-peace-deal-unveiled-security-summit\/\"><span>nep\u0159\u00edmo potvrdil<\/span><\/a><span> zv\u011bsti.<\/span><\/p>\n<p><span>M\u016f\u017ee tento pl\u00e1n ukon\u010dit v\u00e1lku? Skepse je vysok\u00e1, ale po zhruba t\u0159ech letech v\u00e1lky (dokonce i v\u00edce ne\u017e deseti letech, zapo\u010d\u00edt\u00e1te-li ud\u00e1losti od pu\u010de na Majdanu), roste tak\u00e9 tlak na nalezen\u00ed diplomatick\u00e9ho \u0159e\u0161en\u00ed \u2013 i kdy\u017e to znamen\u00e1 rozs\u00e1hl\u00e9 kompromisy pro v\u0161echny strany. Ale pokra\u010dov\u00e1n\u00ed jako d\u0159\u00edve nejen\u017ee zat\u00ed\u017e\u00ed glob\u00e1ln\u00ed ekonomiku, ale povede tak\u00e9 k je\u0161t\u011b v\u011bt\u0161\u00edmu utrpen\u00ed pro ob\u011b v\u00e1l\u010d\u00edc\u00ed strany. Jak drah\u00fd ale bude tento pl\u00e1n v\u010detn\u011b odklonu miliard eur pro N\u011bmecko a Rakousko? A kolik z t\u011bchto pen\u011bz nakonec zmiz\u00ed do n\u011bjak\u00fdch temn\u00fdch kan\u00e1l\u016f v nejzkorumpovan\u011bj\u0161\u00ed zemi Evropy?<\/span><\/p>\n<p><img decoding=\"async\" loading=\"lazy\" class=\"alignnone size-full wp-image-1185\" src=\"http:\/\/www.infokuryr.cz\/n\/wp-content\/uploads\/2021\/04\/kuryr-podpis.png\" alt=\"\" width=\"84\" height=\"24\" \/><\/p>\n<p>&nbsp;<\/p>\n","protected":false},"excerpt":{"rendered":"<p>Ve sv\u011bt\u011b velk\u00e9 politiky lid\u00e9 r\u00e1di podnikaj\u00ed za zav\u0159en\u00fdmi dve\u0159mi \u2013 a ob\u010das n\u011bco ute\u010de&#8230;.<\/p>\n","protected":false},"author":2,"featured_media":71818,"comment_status":"closed","ping_status":"closed","sticky":false,"template":"","format":"standard","meta":[],"categories":[7],"tags":[1505,452,26],"_links":{"self":[{"href":"https:\/\/www.infokuryr.cz\/n\/wp-json\/wp\/v2\/posts\/71817"}],"collection":[{"href":"https:\/\/www.infokuryr.cz\/n\/wp-json\/wp\/v2\/posts"}],"about":[{"href":"https:\/\/www.infokuryr.cz\/n\/wp-json\/wp\/v2\/types\/post"}],"author":[{"embeddable":true,"href":"https:\/\/www.infokuryr.cz\/n\/wp-json\/wp\/v2\/users\/2"}],"replies":[{"embeddable":true,"href":"https:\/\/www.infokuryr.cz\/n\/wp-json\/wp\/v2\/comments?post=71817"}],"version-history":[{"count":0,"href":"https:\/\/www.infokuryr.cz\/n\/wp-json\/wp\/v2\/posts\/71817\/revisions"}],"wp:featuredmedia":[{"embeddable":true,"href":"https:\/\/www.infokuryr.cz\/n\/wp-json\/wp\/v2\/media\/71818"}],"wp:attachment":[{"href":"https:\/\/www.infokuryr.cz\/n\/wp-json\/wp\/v2\/media?parent=71817"}],"wp:term":[{"taxonomy":"category","embeddable":true,"href":"https:\/\/www.infokuryr.cz\/n\/wp-json\/wp\/v2\/categories?post=71817"},{"taxonomy":"post_tag","embeddable":true,"href":"https:\/\/www.infokuryr.cz\/n\/wp-json\/wp\/v2\/tags?post=71817"}],"curies":[{"name":"wp","href":"https:\/\/api.w.org\/{rel}","templated":true}]}}