{"id":71810,"date":"2025-02-08T00:38:36","date_gmt":"2025-02-07T23:38:36","guid":{"rendered":"https:\/\/www.infokuryr.cz\/n\/?p=71810"},"modified":"2025-02-07T14:02:11","modified_gmt":"2025-02-07T13:02:11","slug":"jacob-g-hornberger-proc-maji-mainstreamova-media-potize","status":"publish","type":"post","link":"https:\/\/www.infokuryr.cz\/n\/2025\/02\/08\/jacob-g-hornberger-proc-maji-mainstreamova-media-potize\/","title":{"rendered":"Jacob G. Hornberger: Pro\u010d maj\u00ed mainstreamov\u00e1 m\u00e9dia pot\u00ed\u017ee"},"content":{"rendered":"<div id=\"fb-root\"><\/div>\n<p><strong>Jak v\u011bt\u0161ina lid\u00ed v\u00ed, mainstreamov\u00e1 m\u00e9dia jsou v hrozn\u00e9 t\u00edsni. Tr\u017eby z p\u0159edplatn\u00e9ho a reklamy ji\u017e \u0159adu let klesaj\u00ed. N\u011bkter\u00e9 z hlavn\u00edch novin byly schopny p\u0159e\u017e\u00edt jen proto, \u017ee je z jeho vlastn\u00edch pen\u011bz zachr\u00e1nil multimilion\u00e1\u0159, kter\u00fd byl ochoten p\u0159evz\u00edt pokra\u010duj\u00edc\u00ed finan\u010dn\u00ed ztr\u00e1ty.<\/strong><\/p>\n<p>pro\u010d tomu tak je? Domn\u00edv\u00e1m se, \u017ee velk\u00fdm d\u016fvodem je to, \u017ee v\u011bt\u0161ina Ameri\u010dan\u016f m\u00e9di\u00edm prost\u011b nev\u011b\u0159\u00ed. M\u00e9dia vn\u00edmaj\u00ed pouze jako neofici\u00e1ln\u00ed hl\u00e1snou troubu feder\u00e1ln\u00ed vl\u00e1dy, zejm\u00e9na vl\u00e1dn\u00edho odd\u011blen\u00ed odpov\u011bdn\u00e9ho za n\u00e1rodn\u00ed bezpe\u010dnost, kter\u00e9 m\u00e1 slovo.<\/p>\n<p>Dobr\u00fdm p\u0159\u00edkladem tohoto jevu je rusk\u00e1 invaze na Ukrajinu. Podle ofici\u00e1ln\u00edho prohl\u00e1\u0161en\u00ed \u0161lo o nevyprovokovanou \u00fato\u010dnou v\u00e1lku, podobnou nevyprovokovan\u00e9 invazi a \u00fato\u010dn\u00e9 v\u00e1lce, kterou vedla americk\u00e1 vl\u00e1da proti Ir\u00e1ku.<\/p>\n<p>Nesporn\u00e9 d\u016fkazy v\u0161ak nepochybn\u011b dokazuj\u00ed opak. D\u016fkazy ukazuj\u00ed, \u017ee NATO nad\u00e1le existovalo i po rozpadu Sov\u011btsk\u00e9ho svazu a Var\u0161avsk\u00e9 smlouvy, co\u017e bylo p\u0159inejmen\u0161\u00edm dost neobvykl\u00e9. \u00dadajn\u00fdm d\u016fvodem zalo\u017een\u00ed NATO byla ochrana z\u00e1padn\u00ed Evropy p\u0159ed sov\u011btsk\u00fdm \u00fatokem.<\/p>\n<p>Je\u0161t\u011b hor\u0161\u00ed je, \u017ee NATO se za\u010dalo pohybovat na v\u00fdchod, absorbovalo b\u00fdval\u00e9 \u010dleny Var\u0161avsk\u00e9 smlouvy a ne\u00faprosn\u011b se pohybovalo sm\u011brem k rusk\u00fdm hranic\u00edm. A to se stalo navzdory slib\u016fm, kter\u00e9 dali politici USA rusk\u00fdm politik\u016fm, \u017ee se to nikdy nestane.<\/p>\n<p>V pr\u016fb\u011bhu cel\u00e9ho p\u0159ij\u00edmac\u00edho procesu ru\u0161t\u00ed politici opakovan\u011b prohla\u0161ovali: \u201eStop. P\u0159esta\u0148te p\u0159ibli\u017eovat sv\u00e9 rakety, jednotky, zbran\u011b, tanky a vojensk\u00e9 z\u00e1kladny k na\u0161im hranic\u00edm.&#8220; Ameri\u010dt\u00ed politici operuj\u00edc\u00ed prost\u0159ednictv\u00edm NATO tomu ale odm\u00edtli zabr\u00e1nit. Postupovali st\u00e1le d\u00e1le na v\u00fdchod, a\u017e nakonec hrozilo, \u017ee pohlt\u00ed Ukrajinu.<\/p>\n<p>Jak pokra\u010dovali ve sv\u00e9 absorp\u010dn\u00ed kampani, ameri\u010dt\u00ed p\u0159edstavitel\u00e9 p\u0159esn\u011b v\u011bd\u011bli, jak Rusko zareaguje. Byla by to stejn\u00e1 reakce jako USA, kdy\u017e Sov\u011bti instalovali sv\u00e9 jadern\u00e9 zbran\u011b na Kub\u011b. Pokud by Sov\u011bti odm\u00edtli st\u00e1hnout tyto jadern\u00e9 zbran\u011b, Spojen\u00e9 st\u00e1ty by napadly Kubu, stejn\u011b jako Rusov\u00e9 napadli Ukrajinu, aby zabr\u00e1nili Ukrajin\u011b ve vstupu do NATO.<\/p>\n<p>Jak proboha nelze p\u0159\u00edstupovou kampa\u0148 NATO vn\u00edmat jako provokaci? Jestli to nen\u00ed provokace, tak nev\u00edm co. A nezapom\u00ednejme: p\u0159esn\u011b tot\u00e9\u017e ud\u011blala americk\u00e1 vl\u00e1da v roce 1979, kdy\u017e vyprovokovala Sov\u011bty k invazi do Afgh\u00e1nist\u00e1nu, aby jim dala \u201ejejich vlastn\u00ed Vietnam\u201c. Poradce pro n\u00e1rodn\u00ed bezpe\u010dnost Zbigniew Brzezinski hrd\u011b p\u0159iznal, \u017ee ano. Kdy\u017e na afgh\u00e1nsk\u00e9m boji\u0161ti zem\u0159ely des\u00edtky tis\u00edc rusk\u00fdch voj\u00e1k\u016f, ameri\u010dt\u00ed politici j\u00e1sali, stejn\u011b jako j\u00e1sali nad \u201edegradac\u00ed\u201c rusk\u00e9 arm\u00e1dy na Ukrajin\u011b smrt\u00ed des\u00edtek tis\u00edc rusk\u00fdch voj\u00e1k\u016f.<\/p>\n<p>Nicm\u00e9n\u011b mainstreamov\u00e1 m\u00e9dia nad\u00e1le prezentuj\u00ed ofici\u00e1ln\u00ed narativ o \u00fadajn\u011b \u201enevyprovokovan\u00e9\u201c rusk\u00e9 invazi na Ukrajinu. Pro\u010d by se vzhledem k tomu m\u011blo v\u011b\u0159it novin\u00e1m, kter\u00e9 opakuj\u00ed tento ofici\u00e1ln\u00ed p\u0159\u00edb\u011bh, m\u00edsto toho, aby otiskly pravdu o tom, co vl\u00e1da USA a NATO ud\u011blaly, aby vyprovokovaly invazi a z\u00e1rove\u0148 odsuzovaly ofici\u00e1ln\u00ed p\u0159\u00edb\u011bh? Na\u0161i partne\u0159i mus\u00ed i nad\u00e1le st\u00e1t na stran\u011b Ukrajiny a pos\u00edlit jej\u00ed ruku pro jedn\u00e1n\u00ed, kter\u00e1 jednoho dne ukon\u010d\u00ed Putinovu \u00fato\u010dnou v\u00e1lku.&#8220;<\/p>\n<p>\u017d\u00e1dn\u00e9 slovo o tom, co ud\u011blaly USA a NATO se svou absorp\u010dn\u00ed kampan\u00ed, aby vyprovokovaly invazi.<\/p>\n<p>V\u010dera, 30. ledna, Times publikoval tento koment\u00e1\u0159 dlouholet\u00e9ho sloupka\u0159e Nicholase Kristofa o potvrzovac\u00edm sly\u0161en\u00ed Tulsi Gabbard: \u201eNa ot\u00e1zku, koho obvinila z v\u00e1lky na Ukrajin\u011b, Gabbard bez obalu \u0159ekl: \u201aPutin za\u010dal v\u00e1lku na Ukrajin\u011b\u2018. Po jej\u00edm d\u0159\u00edv\u011bj\u0161\u00edm bl\u00e1bolen\u00ed o rusk\u00fdch \u201eopr\u00e1vn\u011bn\u00fdch bezpe\u010dnostn\u00edch obav\u00e1ch\u201c a p\u0159i sly\u0161en\u00ed pln\u00e9m \u00fanik\u016f to bylo uklid\u0148uj\u00edc\u00ed p\u0159izn\u00e1n\u00ed reality, kter\u00e1 by m\u011bla b\u00fdt v\u0161em z\u0159ejm\u00e1.<\/p>\n<p>Gabbard\u016fv odkaz na rusk\u00e9 \u201eopr\u00e1vn\u011bn\u00e9 bezpe\u010dnostn\u00ed obavy\u201c ohledn\u011b americk\u00fdch jadern\u00fdch zbran\u00ed, voj\u00e1k\u016f a tank\u016f na jeho hranici nen\u00ed nic jin\u00e9ho ne\u017e \u201enesmysl\u201c. Jsem ochoten se vsadit, \u017ee Kri\u0161tof a The Times nebudou naz\u00fdvat \u201eopr\u00e1vn\u011bn\u00e9 obavy o bezpe\u010dnost\u201c vl\u00e1dy USA b\u011bhem kub\u00e1nsk\u00e9 raketov\u00e9 krize \u201enesmyslem\u201c.<\/p>\n<p>V\u010dera tak\u00e9 Times zve\u0159ejnily zpr\u00e1vu o Gabbardov\u011b sly\u0161en\u00ed, kde se uv\u00e1d\u00ed: \u201eRu\u0161t\u00ed experti a experti na zpravodajsk\u00e9 slu\u017eby \u010dasto zaznamenali, \u017ee pan\u00ed Gabbardov\u00e1 opakovan\u011b zast\u00e1vala pozice, kter\u00e9 h\u00e1jily rusk\u00e9 z\u00e1jmy nebo vykreslovaly Spojen\u00e9 st\u00e1ty jako dareb\u00e1ky. Obvinila NATO a Bidenovu administrativu, \u017ee p\u0159ed t\u00e9m\u011b\u0159 t\u0159emi lety vyprovokovaly ruskou invazi na Ukrajinu, proto\u017ee nerespektovaly \u201eopr\u00e1vn\u011bn\u00e9 obavy o bezpe\u010dnost Ruska\u201c.<\/p>\n<p>Odhalov\u00e1n\u00ed pravdy o nespr\u00e1vn\u00e9m chov\u00e1n\u00ed americk\u00e9 vl\u00e1dy se proto rovn\u00e1 \u201eobran\u011b rusk\u00fdch z\u00e1jm\u016f\u201c. V\u0161imn\u011bte si tak\u00e9, jak Times d\u00e1v\u00e1 dohromady Spojen\u00e9 st\u00e1ty a vl\u00e1du USA, jako by byly jedno a tot\u00e9\u017e. Faktem je, \u017ee americk\u00e1 vl\u00e1da je n\u011bkdy padouch. P\u0159\u00edklad: Nevyprovokovan\u00e1 invaze USA do Ir\u00e1ku a nevyhl\u00e1\u0161en\u00e1 \u00fato\u010dn\u00e1 v\u00e1lka proti Ir\u00e1ku. Je odhalov\u00e1n\u00ed tohoto ni\u010demn\u00e9ho chov\u00e1n\u00ed \u201eobranou rusk\u00fdch z\u00e1jm\u016f\u201c? V\u0161imn\u011bte si tak\u00e9, jak novin\u00e1\u0159ka implicitn\u011b o\u010der\u0148uje Gabbarda, kdy\u017e poukazuje na to, co NATO ud\u011blalo, aby vyprovokovalo ruskou invazi na Ukrajinu.<\/p>\n<p>Ned\u016fv\u011bra mainstreamov\u00fdch m\u00e9di\u00ed samoz\u0159ejm\u011b neza\u010dala jejich opakov\u00e1n\u00edm ofici\u00e1ln\u00edho narativu o rusk\u00e9 invazi na Ukrajinu. Sah\u00e1 mnohem d\u00e1le \u2013 nap\u0159\u00edklad k operaci Mockingbird, kdy se velk\u00e1 \u010d\u00e1st mainstreamov\u00e9ho tisku dobrovoln\u011b a horliv\u011b p\u0159ihl\u00e1sila do slu\u017eeb CIA, aby zachr\u00e1nila Ameriku p\u0159ed Rusy a \u201ebezbo\u017en\u00fdmi komunisty\u201c, kte\u0159\u00ed po n\u00e1s \u00fadajn\u011b \u0161li.<\/p>\n<p>A vrac\u00ed se to k atent\u00e1tu na Kennedyho, kdy mainstreamov\u00e1 m\u00e9dia slep\u011b p\u0159ijala sm\u011b\u0161n\u00fd ofici\u00e1ln\u00ed p\u0159\u00edb\u011bh o osam\u011bl\u00e9m st\u0159elci a odm\u00edtla prov\u00e9st jak\u00e9koli seri\u00f3zn\u00ed vy\u0161et\u0159ov\u00e1n\u00ed, kter\u00e9 by tomuto p\u0159\u00edb\u011bhu odporovalo.<\/p>\n<p>Vezm\u011bme si nap\u0159\u00edklad, kdy\u017e Assassination Records Review Board v 90. letech zjistila, \u017ee v r\u00e1mci pitvy JFK byly provedeny dva skeny mozku, z nich\u017e druh\u00fd nemohl b\u00fdt mozek JFK. Nemysleli byste si, \u017ee by to bylo n\u011bco, co by mainstreamov\u00fd tisk zkoumal, by\u0165 jen trochu? Ne. Tady nic nen\u00ed, lidi. Jdeme d\u00e1l. Ud\u011blal to osam\u011bl\u00fd \u0161\u00edlenec. To je v\u0161e, co pot\u0159ebujete v\u011bd\u011bt.<\/p>\n<p>Nebo si vzpome\u0148te na voj\u00e1ky, kte\u0159\u00ed byli osvobozeni od slibu ml\u010den\u00ed b\u011bhem u\u017e\u0161\u00edho v\u00fdboru sn\u011bmovny pro atent\u00e1ty v 70. letech. Uvedli, \u017ee tajn\u011b odnesli prezidentovo t\u011blo v levn\u00e9 p\u0159epravn\u00ed rakvi do m\u00e1rnice Bethesda v\u00edce ne\u017e hodinu p\u0159ed ofici\u00e1ln\u00edm \u010dasem doru\u010den\u00ed dallask\u00e9 rakve, do kter\u00e9 bylo prezidentovo t\u011blo um\u00edst\u011bno v Parkland Hospital v Dallasu.<\/p>\n<p>Nemysl\u00edte si, \u017ee by to jeden z hlavn\u00edch novin pro\u0161et\u0159il? Pro\u010d by si voj\u00e1ci vym\u00fd\u0161leli takov\u00fd p\u0159\u00edb\u011bh? Ne. Poj\u010fme d\u00e1l, lidi. Tady nen\u00ed nic k vid\u011bn\u00ed. Byl to osam\u011bl\u00fd idiot. To je v\u0161e, co pot\u0159ebujete v\u011bd\u011bt.<\/p>\n<p>Internet byl zjevn\u011b nejv\u011bt\u0161\u00edm nep\u0159\u00edtelem mainstreamov\u00fdch m\u00e9di\u00ed. To proto, \u017ee lid\u00e9 nyn\u00ed mohli objevovat webov\u00e9 str\u00e1nky, podcasty, videa a dal\u0161\u00ed v\u011bci, kter\u00e9 jim byly ochotny sd\u011blit pravdu o ni\u010demnosti jejich vlastn\u00ed vl\u00e1dy. Od t\u00e9 doby maj\u00ed mainstreamov\u00e1 m\u00e9dia probl\u00e9my.<\/p>\n<p><strong><em>Jacob G. Hornberger<\/em><\/strong><\/p>\n<p>&nbsp;<\/p>\n","protected":false},"excerpt":{"rendered":"<p>Jak v\u011bt\u0161ina lid\u00ed v\u00ed, mainstreamov\u00e1 m\u00e9dia jsou v hrozn\u00e9 t\u00edsni. Tr\u017eby z p\u0159edplatn\u00e9ho a reklamy&#8230;<\/p>\n","protected":false},"author":2,"featured_media":71811,"comment_status":"closed","ping_status":"closed","sticky":false,"template":"","format":"standard","meta":[],"categories":[7],"tags":[371,158,2172,7829],"_links":{"self":[{"href":"https:\/\/www.infokuryr.cz\/n\/wp-json\/wp\/v2\/posts\/71810"}],"collection":[{"href":"https:\/\/www.infokuryr.cz\/n\/wp-json\/wp\/v2\/posts"}],"about":[{"href":"https:\/\/www.infokuryr.cz\/n\/wp-json\/wp\/v2\/types\/post"}],"author":[{"embeddable":true,"href":"https:\/\/www.infokuryr.cz\/n\/wp-json\/wp\/v2\/users\/2"}],"replies":[{"embeddable":true,"href":"https:\/\/www.infokuryr.cz\/n\/wp-json\/wp\/v2\/comments?post=71810"}],"version-history":[{"count":0,"href":"https:\/\/www.infokuryr.cz\/n\/wp-json\/wp\/v2\/posts\/71810\/revisions"}],"wp:featuredmedia":[{"embeddable":true,"href":"https:\/\/www.infokuryr.cz\/n\/wp-json\/wp\/v2\/media\/71811"}],"wp:attachment":[{"href":"https:\/\/www.infokuryr.cz\/n\/wp-json\/wp\/v2\/media?parent=71810"}],"wp:term":[{"taxonomy":"category","embeddable":true,"href":"https:\/\/www.infokuryr.cz\/n\/wp-json\/wp\/v2\/categories?post=71810"},{"taxonomy":"post_tag","embeddable":true,"href":"https:\/\/www.infokuryr.cz\/n\/wp-json\/wp\/v2\/tags?post=71810"}],"curies":[{"name":"wp","href":"https:\/\/api.w.org\/{rel}","templated":true}]}}