{"id":71807,"date":"2025-02-08T00:37:20","date_gmt":"2025-02-07T23:37:20","guid":{"rendered":"https:\/\/www.infokuryr.cz\/n\/?p=71807"},"modified":"2025-02-07T10:47:33","modified_gmt":"2025-02-07T09:47:33","slug":"trump-signalizuje-zadna-valka-s-iranem","status":"publish","type":"post","link":"https:\/\/www.infokuryr.cz\/n\/2025\/02\/08\/trump-signalizuje-zadna-valka-s-iranem\/","title":{"rendered":"Trump signalizuje: \u017e\u00e1dn\u00e1 v\u00e1lka s \u00cdr\u00e1nem"},"content":{"rendered":"<div id=\"fb-root\"><\/div>\n<div class=\"elementor-element elementor-element-1fb4c2c elementor-widget elementor-widget-theme-post-content\" data-id=\"1fb4c2c\" data-element_type=\"widget\" data-widget_type=\"theme-post-content.default\">\n<div class=\"elementor-widget-container\">\n<p><strong><span>Prezident Donald Trump<\/span><\/strong><span>\u00a0ve st\u0159edu\u00a0v p\u0159\u00edsp\u011bvku na soci\u00e1ln\u00edch s\u00edt\u00edch jasn\u011b \u0159ekl, \u017ee i kdy\u017e nedovol\u00ed \u00cdr\u00e1nu z\u00edskat jadern\u00e9 zbran\u011b, nepou\u017eije vojensk\u00e9 prost\u0159edky, aby tomu zabr\u00e1nil. M\u00edsto toho hled\u00e1 diplomatickou cestu, kter\u00e1 by \u00cdr\u00e1nu umo\u017enila p\u0159edkl\u00e1dat vlastn\u00ed n\u00e1vrhy.<\/span><\/p>\n<div class=\"wp-block-image\">\n<figure class=\"aligncenter size-large\"><img decoding=\"async\" loading=\"lazy\" class=\"aligncenter\" src=\"https:\/\/i0.wp.com\/vigilantnews.com\/wp-content\/uploads\/2025\/02\/image-63.png?w=800&amp;ssl=1\" alt=\"\" width=\"685\" height=\"421\" data-recalc-dims=\"1\" \/><\/figure>\n<\/div>\n<p><em><strong><span>\u201eChci, aby \u00cdr\u00e1n byl skv\u011blou a \u00fasp\u011b\u0161nou zem\u00ed, kter\u00e1 v\u0161ak nem\u016f\u017ee m\u00edt jadern\u00e9 zbran\u011b,\u201c<\/span><\/strong><span>\u00a0napsal Trump.\u00a0<\/span><strong><span>\u201eZpr\u00e1vy, \u017ee USA ve spolupr\u00e1ci s Izraelem vyhod\u00ed \u00cdr\u00e1n do pov\u011bt\u0159\u00ed, jsou zna\u010dn\u011b p\u0159ehnan\u00e9. Preferoval bych ov\u011b\u0159enou jadernou m\u00edrovou dohodu, kter\u00e1 umo\u017en\u00ed \u00cdr\u00e1nu m\u00edrov\u011b r\u016fst a prosperovat. M\u011bli bychom na tom okam\u017eit\u011b za\u010d\u00edt pracovat a po podpisu a dokon\u010den\u00ed uspo\u0159\u00e1dat velkou bl\u00edzkov\u00fdchodn\u00ed oslavu. B\u016fh \u017eehnej Bl\u00edzk\u00e9mu v\u00fdchodu!\u201c<\/span><\/strong><\/em><\/p>\n<p><span>Zm\u00ednka o\u00a0<\/span><strong><span>Izraeli<\/span><\/strong><span>\u00a0, hlavn\u00edm protivn\u00edkovi \u00cdr\u00e1nu, je zvl\u00e1\u0161t\u011b pozoruhodn\u00e1 od chv\u00edle, kdy se premi\u00e9r\u00a0<\/span><strong><span>Benjamin Netanjahu<\/span><\/strong><span>\u00a0setkal s Trumpem a t\u00e9ho\u017e dne uspo\u0159\u00e1dal spole\u010dnou tiskovou konferenci.<\/span><\/p>\n<p><span>Izrael je v posledn\u00ed dob\u011b v centru pozornosti sv\u011btov\u00e9 ve\u0159ejnosti kv\u016fli sv\u00fdm\u00a0<\/span><strong><span>akc\u00edm v p\u00e1smu Gazy<\/span><\/strong><span>\u00a0a roz\u0161i\u0159uj\u00edc\u00ed se v\u00e1lce, kter\u00e1 se nyn\u00ed roz\u0161\u00ed\u0159ila tak\u00e9 do\u00a0<\/span><strong><span>Libanonu, Z\u00e1padn\u00edho b\u0159ehu a S\u00fdrie<\/span><\/strong><span>\u00a0.<\/span><\/p>\n<p><span>Trump ji\u017e d\u0159\u00edve prohl\u00e1sil, \u017ee izraelsk\u00e1 v\u00e1lka v Gaze\u00a0<\/span><strong><span>\u201enen\u00ed na\u0161e v\u00e1lka<\/span><\/strong><span>\u00a0\u201c . Obhajoval\u00a0<\/span><strong><span>rekonstrukci zdevastovan\u00e9 oblasti<\/span><\/strong><span>\u00a0a dokonce zva\u017eoval budouc\u00ed\u00a0<\/span><strong><span>p\u0159evzet\u00ed P\u00e1sma Gazy USA<\/span><\/strong><span>\u00a0\u2013 vyhl\u00eddka, jej\u00ed\u017e dlouhodob\u00e9 d\u016fsledky pro zahrani\u010dn\u00ed politiku z\u016fst\u00e1vaj\u00ed nejasn\u00e9.<\/span><\/p>\n<p><span>Trump z\u00e1rove\u0148 vyj\u00e1d\u0159il touhu po\u00a0<\/span><strong><span>glob\u00e1ln\u00ed denuklearizaci<\/span><\/strong><span>\u00a0mezi\u00a0<\/span><strong><span>Ruskem, \u010c\u00ednou a Spojen\u00fdmi st\u00e1ty<\/span><\/strong><span>\u00a0\u2013 iniciativu, o kterou Rusko ji\u017e projevilo z\u00e1jem. Tato touha\u00a0<\/span><strong><span>omezit jadern\u00e9 zbran\u011b v jadern\u00fdch st\u00e1tech<\/span><\/strong><span>\u00a0p\u0159\u00edmo souvis\u00ed s jeho postojem proti \u00edr\u00e1nsk\u00e9mu vlastnictv\u00ed jadern\u00fdch zbran\u00ed.<\/span><\/p>\n<p><span>Je\u0161t\u011b p\u0159ed svou inaugurac\u00ed Trump zprost\u0159edkoval\u00a0<\/span><strong><span>dohodu o rukojm\u00edch a m\u00edrovou dohodu mezi Izraelem a Hamasem<\/span><\/strong><span>\u00a0, za co\u017e mu Netanjahu pod\u011bkoval, ne\u017e tak\u00e9 vyj\u00e1d\u0159il uzn\u00e1n\u00ed tehdej\u0161\u00edmu prezidentovi\u00a0<\/span><strong><span>Joe Bidenovi<\/span><\/strong><span>\u00a0.<\/span><\/p>\n<p><span>Krom\u011b sv\u00e9ho \u00fasil\u00ed na Bl\u00edzk\u00e9m v\u00fdchod\u011b prosazuje Trump tak\u00e9\u00a0<\/span><strong><span>m\u00edrov\u00e1 jedn\u00e1n\u00ed ve v\u00fdchodn\u00ed Evrop\u011b<\/span><\/strong><span>\u00a0.<\/span><\/p>\n<\/div>\n<\/div>\n<div class=\"elementor-element elementor-element-8c57238 quelle dc-has-condition dc-condition-empty elementor-widget elementor-widget-heading\" data-id=\"8c57238\" data-element_type=\"widget\" data-widget_type=\"heading.default\">\n<div class=\"elementor-widget-container\">\n<h3 class=\"elementor-heading-title elementor-size-default\"><span style=\"font-size: 10pt;\"><a href=\"https:\/\/vigilantnews.com\/post\/trump-signals-no-war-with-iran\/\" target=\"_blank\" rel=\"nofollow noopener\">Zdroj<\/a><\/span><\/h3>\n<p>&nbsp;<\/p>\n<\/div>\n<\/div>\n","protected":false},"excerpt":{"rendered":"<p>Prezident Donald Trump\u00a0ve st\u0159edu\u00a0v p\u0159\u00edsp\u011bvku na soci\u00e1ln\u00edch s\u00edt\u00edch jasn\u011b \u0159ekl, \u017ee i kdy\u017e nedovol\u00ed \u00cdr\u00e1nu&#8230;<\/p>\n","protected":false},"author":2,"featured_media":71808,"comment_status":"closed","ping_status":"closed","sticky":false,"template":"","format":"standard","meta":[],"categories":[7],"tags":[38,452,40],"_links":{"self":[{"href":"https:\/\/www.infokuryr.cz\/n\/wp-json\/wp\/v2\/posts\/71807"}],"collection":[{"href":"https:\/\/www.infokuryr.cz\/n\/wp-json\/wp\/v2\/posts"}],"about":[{"href":"https:\/\/www.infokuryr.cz\/n\/wp-json\/wp\/v2\/types\/post"}],"author":[{"embeddable":true,"href":"https:\/\/www.infokuryr.cz\/n\/wp-json\/wp\/v2\/users\/2"}],"replies":[{"embeddable":true,"href":"https:\/\/www.infokuryr.cz\/n\/wp-json\/wp\/v2\/comments?post=71807"}],"version-history":[{"count":0,"href":"https:\/\/www.infokuryr.cz\/n\/wp-json\/wp\/v2\/posts\/71807\/revisions"}],"wp:featuredmedia":[{"embeddable":true,"href":"https:\/\/www.infokuryr.cz\/n\/wp-json\/wp\/v2\/media\/71808"}],"wp:attachment":[{"href":"https:\/\/www.infokuryr.cz\/n\/wp-json\/wp\/v2\/media?parent=71807"}],"wp:term":[{"taxonomy":"category","embeddable":true,"href":"https:\/\/www.infokuryr.cz\/n\/wp-json\/wp\/v2\/categories?post=71807"},{"taxonomy":"post_tag","embeddable":true,"href":"https:\/\/www.infokuryr.cz\/n\/wp-json\/wp\/v2\/tags?post=71807"}],"curies":[{"name":"wp","href":"https:\/\/api.w.org\/{rel}","templated":true}]}}