{"id":71772,"date":"2025-02-07T05:48:23","date_gmt":"2025-02-07T04:48:23","guid":{"rendered":"https:\/\/www.infokuryr.cz\/n\/?p=71772"},"modified":"2025-02-07T05:48:23","modified_gmt":"2025-02-07T04:48:23","slug":"rubio-bude-bojkotovat-setkani-g20","status":"publish","type":"post","link":"https:\/\/www.infokuryr.cz\/n\/2025\/02\/07\/rubio-bude-bojkotovat-setkani-g20\/","title":{"rendered":"Rubio bude bojkotovat setk\u00e1n\u00ed G20"},"content":{"rendered":"<div id=\"fb-root\"><\/div>\n<p><span style=\"font-size: 18pt;\"><strong>Americk\u00fd ministr zahrani\u010d\u00ed \u0159\u00edk\u00e1, \u017ee nebude pl\u00fdtvat pen\u011bzi da\u0148ov\u00fdch poplatn\u00edk\u016f ani \u201erozmazlovat antiamerikanismus\u201c<\/strong><\/span><\/p>\n<p><span>Americk\u00fd ministr zahrani\u010d\u00ed Marco Rubio \u0159ekl, \u017ee se koncem tohoto m\u011bs\u00edce nez\u00fa\u010dastn\u00ed setk\u00e1n\u00ed skupiny G20 v Ji\u017en\u00ed Africe, proto\u017ee Pretoria\u00a0<\/span><em><span>\u201ed\u011bl\u00e1 velmi \u0161patn\u00e9 v\u011bci\u201c.<\/span><\/em><\/p>\n<p><span>Rozhodnut\u00ed nejvy\u0161\u0161\u00edho americk\u00e9ho diplomata ve st\u0159edu p\u0159ich\u00e1z\u00ed v dob\u011b sporu americk\u00e9ho prezidenta Donalda Trumpa s vl\u00e1dou africk\u00e9 zem\u011b ohledn\u011b reformy vlastnictv\u00ed p\u016fdy.<\/span><\/p>\n<p><span>Jihoafrick\u00e1 republika bude ve dnech 20. a\u017e 21. \u00fanora hostit summit ministr\u016f zahrani\u010d\u00ed G20 v Johannesburgu. Loni v prosinci se Pretoria ofici\u00e1ln\u011b ujala rotuj\u00edc\u00edho p\u0159edsednictv\u00ed mezivl\u00e1dn\u00edho f\u00f3ra, kter\u00e9 v listopadu 2025 p\u0159ed\u00e1 USA.<\/span><\/p>\n<p><span>V projevu b\u011bhem zah\u00e1jen\u00ed p\u0159edsednictv\u00ed Pretorie v Kapsk\u00e9m M\u011bst\u011b jihoafrick\u00fd prezident Cyril Ramaphosa\u00a0<\/span><a href=\"https:\/\/swentr.site\/africa\/608781-south-africa-g20-trump-america-first-policy-policy-counter\/\"><span>\u0159ekl<\/span><\/a><span>\u00a0, \u017ee skupina 20 velk\u00fdch ekonomik m\u00e1 dostatek\u00a0<\/span><em><span>\u201etlumi\u010d\u016f\u201c<\/span><\/em><span>\u00a0proti politice \u201eAmerika na prvn\u00edm m\u00edst\u011b\u201c Trumpovy administrativy.<\/span><\/p>\n<p><span>Ramaphosa sl\u00edbila, \u017ee pos\u00edl\u00ed rozvojov\u00e9 priority Afriky a glob\u00e1ln\u00edho Jihu, v\u010detn\u011b \u0159e\u0161en\u00ed dopad\u016f zm\u011bny klimatu. Trump se v\u0161ak opakovan\u011b postavil proti mezin\u00e1rodn\u00ed spolupr\u00e1ci v ot\u00e1zk\u00e1ch klimatu. Ramaphosa tak\u00e9 ozn\u00e1mil, \u017ee pozval Trumpa do Ji\u017en\u00ed Afriky na st\u00e1tn\u00ed n\u00e1v\u0161t\u011bvu a na summit G20 na konci roku 2025, kde se americk\u00fd v\u016fdce ujme role p\u0159edsedy.<\/span><\/p>\n<p><em><span>\u201eNez\u00fa\u010dastn\u00edm se summitu G20 v Johannesburgu. Ji\u017en\u00ed Afrika d\u011bl\u00e1 velmi \u0161patn\u00e9 v\u011bci. Vyvlast\u0148ov\u00e1n\u00ed soukrom\u00e9ho majetku. Vyu\u017eit\u00ed G20 k podpo\u0159e solidarity, rovnosti a udr\u017eitelnosti. Jin\u00fdmi slovy: DEI a zm\u011bna klimatu,\u201c\u00a0<\/span><\/em><a href=\"https:\/\/x.com\/SecRubio\/status\/1887288685517021298\" target=\"_blank\" rel=\"noopener noreferrer\"><span>napsal<\/span><\/a><span>\u00a0Rubio\u00a0na X.<\/span><\/p>\n<p><em><span>&#8222;M\u00fdm \u00fakolem je prosazovat americk\u00e9 n\u00e1rodn\u00ed z\u00e1jmy, ne pl\u00fdtvat pen\u011bzi da\u0148ov\u00fdch poplatn\u00edk\u016f nebo h\u00fd\u010dkat antiamerikanismus,&#8220;<\/span><\/em><span>\u00a0dodal.<\/span><\/p>\n<p><span>V reakci na to jihoafrick\u00fd ministr zahrani\u010d\u00ed Ronald Lamola ve \u010dtvrtek \u0159ekl, \u017ee\u00a0<\/span><em><span>\u201ep\u0159edsednictv\u00ed G20 v Pretorii se neomezuje pouze na zm\u011bnu klimatu, ale tak\u00e9 na spravedliv\u00e9 zach\u00e1zen\u00ed s n\u00e1rody glob\u00e1ln\u00edho Jihu, kter\u00e9 zaji\u0161\u0165uje rovn\u00fd glob\u00e1ln\u00ed syst\u00e9m pro v\u0161echny\u201c.<\/span><\/em><\/p>\n<p><span>Prezident Trump v ned\u011bli \u0159ekl, \u017ee zastavuje financov\u00e1n\u00ed Jihoafrick\u00e9 republiky a obvinil tamn\u00ed vl\u00e1du z\u00a0<\/span><em><span>\u201ekonfiskace\u201c<\/span><\/em><span>\u00a0p\u016fdy a\u00a0<\/span><em><span>\u201evelmi \u0161patn\u00e9ho zach\u00e1zen\u00ed s ur\u010dit\u00fdmi t\u0159\u00eddami lid\u00ed\u201c.<\/span><\/em><span>\u00a0Americk\u00fd v\u016fdce prohl\u00e1sil, \u017ee Washington\u00a0<\/span><em><span>\u201enebude st\u00e1t\u201c<\/span><\/em><span>\u00a0za \u201emasivn\u00ed poru\u0161ov\u00e1n\u00ed lidsk\u00fdch pr\u00e1v v Pretorii\u00a0<\/span><em><span>\u201c.<\/span><\/em><\/p>\n<p><span>Hrozba n\u00e1sledovala po schv\u00e1len\u00ed z\u00e1kona o vyvlastn\u011bn\u00ed v Pretorii zam\u011b\u0159en\u00e9ho na \u0159e\u0161en\u00ed rasov\u00fdch rozd\u00edl\u016f ve vlastnictv\u00ed p\u016fdy, co\u017e je dlouhodob\u00fd probl\u00e9m v nejvysp\u011blej\u0161\u00ed africk\u00e9 ekonomice od konce apartheidu v roce 1994. Vl\u00e1da si stanovila c\u00edl p\u0159ev\u00e9st do roku 2030 30 % zem\u011bd\u011blsk\u00e9 p\u016fdy od b\u00edl\u00fdch farm\u00e1\u0159\u016f, kte\u0159\u00ed st\u00e1le vlastn\u00ed v\u011bt\u0161inu, na jejich \u010derno\u0161sk\u00e9 prot\u011bj\u0161ky.<\/span><\/p>\n<p><span>Prezident Ramaphosa reformu h\u00e1jil a \u0159ekl, \u017ee jeho vl\u00e1da\u00a0<\/span><em><span>\u201enezabavila \u017e\u00e1dnou p\u016fdu\u201c.<\/span><\/em><\/p>\n<p><span>Ministr zahrani\u010d\u00ed Lamola ve \u010dtvrtek rovn\u011b\u017e pop\u0159el obvin\u011bn\u00ed USA a\u00a0<\/span><a href=\"https:\/\/x.com\/RonaldLamola\/status\/1887352961115750673\" target=\"_blank\" rel=\"noopener noreferrer\"><span>uvedl<\/span><\/a><span>\u00a0, \u017ee\u00a0podle nov\u00e9 legislativy\u00a0<\/span><em><span>\u201enedoch\u00e1z\u00ed k sv\u00e9voln\u00e9mu vyvlast\u0148ov\u00e1n\u00ed p\u016fdy\u201c nebo soukrom\u00e9ho majetku.<\/span><\/em><\/p>\n<p><em><span>&#8222;Tento z\u00e1kon je podobn\u00fd z\u00e1kon\u016fm o eminentn\u00ed oblasti,&#8220;<\/span><\/em><span>\u00a0\u0159ekl s odkazem na americkou legislativu, kter\u00e1 oprav\u0148uje feder\u00e1ln\u00ed vl\u00e1du k nab\u00fdv\u00e1n\u00ed majetku pro ve\u0159ejn\u00e9 pou\u017eit\u00ed.<\/span><\/p>\n<p><span>V pond\u011bl\u00ed Ramaphos\u016fv \u00fa\u0159ad uvedl, \u017ee hovo\u0159il s Trumpov\u00fdm bl\u00edzk\u00fdm spojencem, jihoafrick\u00fdm miliard\u00e1\u0159em Elonem Muskem, aby objasnil\u00a0<\/span><em><span>\u201eprobl\u00e9my s dezinformacemi a zkreslen\u00edmi\u201c<\/span><\/em><span>\u00a0pot\u00e9, co rovn\u011b\u017e\u00a0<\/span><a href=\"https:\/\/x.com\/elonmusk\/status\/1886321811937189902\" target=\"_blank\" rel=\"noopener noreferrer\"><span>obvinil<\/span><\/a><span>\u00a0Pretorii z\u00a0<\/span><em><span>\u201eotev\u0159en\u011b rasistick\u00fdch z\u00e1kon\u016f o vlastnictv\u00ed\u201c.<\/span><\/em><\/p>\n<p><img decoding=\"async\" loading=\"lazy\" class=\"alignnone size-full wp-image-1185\" src=\"http:\/\/www.infokuryr.cz\/n\/wp-content\/uploads\/2021\/04\/kuryr-podpis.png\" alt=\"\" width=\"84\" height=\"24\" \/><\/p>\n<p>&nbsp;<\/p>\n","protected":false},"excerpt":{"rendered":"<p>Americk\u00fd ministr zahrani\u010d\u00ed \u0159\u00edk\u00e1, \u017ee nebude pl\u00fdtvat pen\u011bzi da\u0148ov\u00fdch poplatn\u00edk\u016f ani \u201erozmazlovat antiamerikanismus\u201c Americk\u00fd ministr&#8230;<\/p>\n","protected":false},"author":2,"featured_media":66239,"comment_status":"closed","ping_status":"closed","sticky":false,"template":"","format":"standard","meta":[],"categories":[7],"tags":[1608,50,8215,37],"_links":{"self":[{"href":"https:\/\/www.infokuryr.cz\/n\/wp-json\/wp\/v2\/posts\/71772"}],"collection":[{"href":"https:\/\/www.infokuryr.cz\/n\/wp-json\/wp\/v2\/posts"}],"about":[{"href":"https:\/\/www.infokuryr.cz\/n\/wp-json\/wp\/v2\/types\/post"}],"author":[{"embeddable":true,"href":"https:\/\/www.infokuryr.cz\/n\/wp-json\/wp\/v2\/users\/2"}],"replies":[{"embeddable":true,"href":"https:\/\/www.infokuryr.cz\/n\/wp-json\/wp\/v2\/comments?post=71772"}],"version-history":[{"count":0,"href":"https:\/\/www.infokuryr.cz\/n\/wp-json\/wp\/v2\/posts\/71772\/revisions"}],"wp:featuredmedia":[{"embeddable":true,"href":"https:\/\/www.infokuryr.cz\/n\/wp-json\/wp\/v2\/media\/66239"}],"wp:attachment":[{"href":"https:\/\/www.infokuryr.cz\/n\/wp-json\/wp\/v2\/media?parent=71772"}],"wp:term":[{"taxonomy":"category","embeddable":true,"href":"https:\/\/www.infokuryr.cz\/n\/wp-json\/wp\/v2\/categories?post=71772"},{"taxonomy":"post_tag","embeddable":true,"href":"https:\/\/www.infokuryr.cz\/n\/wp-json\/wp\/v2\/tags?post=71772"}],"curies":[{"name":"wp","href":"https:\/\/api.w.org\/{rel}","templated":true}]}}