{"id":71711,"date":"2025-02-06T04:56:48","date_gmt":"2025-02-06T03:56:48","guid":{"rendered":"https:\/\/www.infokuryr.cz\/n\/?p=71711"},"modified":"2025-02-06T04:56:48","modified_gmt":"2025-02-06T03:56:48","slug":"petr-pokorny-a-je-to-venku-vyhruzky-stareny-nemcove-a-reporyjce-pise-putin-cemper-manipulator-vi-vse","status":"publish","type":"post","link":"https:\/\/www.infokuryr.cz\/n\/2025\/02\/06\/petr-pokorny-a-je-to-venku-vyhruzky-stareny-nemcove-a-reporyjce-pise-putin-cemper-manipulator-vi-vse\/","title":{"rendered":"Petr Pokorn\u00fd: A je to venku! V\u00fdhr\u016f\u017eky sta\u0159eny N\u011bmcov\u00e9 a \u0158eporyjce p\u00ed\u0161e Putin! Cemper Manipul\u00e1tor v\u00ed v\u0161e!"},"content":{"rendered":"<div id=\"fb-root\"><\/div>\n<div class=\"introtext\">\n<p><span style=\"font-size: 18pt;\"><strong>Tak\u00e9 n\u00e1s to mohlo napadnou hned a ne\u010dekat, a\u017e n\u00e1m to vysv\u011btl\u00ed Manipul\u00e1tor Cemper. A my hlup\u00e1ci naivn\u00ed mysleli, \u017ee sta\u0159ena N\u011bmcov\u00e1&#8230;Sen\u00e1torka ODS&#8230;<\/strong><\/span><\/p>\n<\/div>\n<div class=\"fulltext\">\n<p>M\u00e1ma na mate\u0159sk\u00e9 nebo postmate\u0159sk\u00e9 Cemper je fikan\u00fd, ten to odhal\u00ed hned. Tak\u00e9 si ho vl\u00e1da h\u0148ah\u0148\u00e1 jako velk\u00e9ho myslitele. Ale je pravdou, \u017ee zat\u00edm je\u0161t\u011b nebyl v krimin\u00e1le, tak\u017ee jako jeden z m\u00e1la je bez\u00fahonn\u00fd.<\/p>\n<table>\n<tbody>\n<tr>\n<td>\n<h1 class=\"m-t-xs-20 m-b-xs-0 axil-post-title hover-line\">Fale\u0161n\u00fd v\u00fdrok N\u011bmcov\u00e9 poch\u00e1z\u00ed ze zahrani\u010d\u00ed<\/h1>\n<div class=\"post-metas banner-post-metas m-t-xs-20\">\n<ul class=\"axil-post-meta list-inline\">\n<li><a class=\"post-author post-author-with-img\" href=\"https:\/\/manipulatori.cz\/author\/ppn\/\">\u00a0 Jan Cemper\u00a0<\/a>Manipul\u00e1tor<i class=\"dot\"><br \/>\n<\/i><\/li>\n<\/ul>\n<\/div>\n<\/td>\n<\/tr>\n<\/tbody>\n<\/table>\n<p><span style=\"font-size: 14pt;\">Jeho vysv\u011btlen\u00ed je tradi\u010dn\u00ed jako u ka\u017ed\u00e9ho \u0161a\u0161ka slou\u017e\u00edc\u00edmu re\u017eimu!<\/span><\/p>\n<p><span style=\"font-size: 14pt;\">Podle v\u0161eho mo\u017en\u00e1 asi kdyby tak asi ur\u010dit\u011b, a na tyto geni\u00e1ly je i Donald Trump\u00a0 odv\u00e1rek:<\/span><\/p>\n<p><img decoding=\"async\" class=\"aligncenter\" src=\"https:\/\/www.skrytapravda.cz\/images\/blogy\/2951\/2025\/2%C3%BAnor\/Sn%C3%ADmek_obrazovky_1558_ffca9.webp\" alt=\"Sn\u00edmek obrazovky 1558 ffca9\" \/><\/p>\n<p>A je vymalov\u00e1no. Na \u010cesk\u00e9 Elfy a Manipul\u00e1tora si jen tak ten holobr\u00e1dek Putin nep\u0159\u00edjde. &#8222;Von\u00ed v\u011bd\u00ed f\u010decko &#8222;.<\/p>\n<p><span style=\"font-size: 18pt;\"><strong>V\u00edte, \u017ee pr\u00fd jejich \u010dten\u00e1\u0159i maj\u00ed tak\u00e9 volebn\u00ed pr\u00e1vo? Jak je to mo\u017en\u00e9?<\/strong><\/span><\/p>\n<h1 class=\"entry-title\"><a href=\"https:\/\/www.infokuryr.cz\/n\/2025\/02\/06\/povesim-ministra-lavrova-na-vaclavskem-namesti-se-sesla-ruska-pata-kolona-s-nasi-patou-kolonou\/\"><span style=\"font-size: 14pt;\">Pov\u011bs\u00edm ministra Lavrova, na V\u00e1clavsk\u00e9m n\u00e1m\u011bst\u00ed se se\u0161la \u201erusk\u00e1 p\u00e1t\u00e1 kolona s na\u0161\u00ed p\u00e1tou kolonou\u201c<\/span><\/a><\/h1>\n<p><a href=\"https:\/\/www.skrytapravda.cz\/z-domova\/2372-a-je-to-venku-vyhruzky-stareny-nemcove-a-reporyjce-pise-putin-cemper-manipulator-vi-vse\">Petr Pokorn\u00fd<\/a><\/p>\n<p>&nbsp;<\/p>\n<\/div>\n","protected":false},"excerpt":{"rendered":"<p>Tak\u00e9 n\u00e1s to mohlo napadnou hned a ne\u010dekat, a\u017e n\u00e1m to vysv\u011btl\u00ed Manipul\u00e1tor Cemper. A&#8230;<\/p>\n","protected":false},"author":2,"featured_media":71712,"comment_status":"closed","ping_status":"closed","sticky":false,"template":"","format":"standard","meta":[],"categories":[6],"tags":[28,2799,864],"_links":{"self":[{"href":"https:\/\/www.infokuryr.cz\/n\/wp-json\/wp\/v2\/posts\/71711"}],"collection":[{"href":"https:\/\/www.infokuryr.cz\/n\/wp-json\/wp\/v2\/posts"}],"about":[{"href":"https:\/\/www.infokuryr.cz\/n\/wp-json\/wp\/v2\/types\/post"}],"author":[{"embeddable":true,"href":"https:\/\/www.infokuryr.cz\/n\/wp-json\/wp\/v2\/users\/2"}],"replies":[{"embeddable":true,"href":"https:\/\/www.infokuryr.cz\/n\/wp-json\/wp\/v2\/comments?post=71711"}],"version-history":[{"count":0,"href":"https:\/\/www.infokuryr.cz\/n\/wp-json\/wp\/v2\/posts\/71711\/revisions"}],"wp:featuredmedia":[{"embeddable":true,"href":"https:\/\/www.infokuryr.cz\/n\/wp-json\/wp\/v2\/media\/71712"}],"wp:attachment":[{"href":"https:\/\/www.infokuryr.cz\/n\/wp-json\/wp\/v2\/media?parent=71711"}],"wp:term":[{"taxonomy":"category","embeddable":true,"href":"https:\/\/www.infokuryr.cz\/n\/wp-json\/wp\/v2\/categories?post=71711"},{"taxonomy":"post_tag","embeddable":true,"href":"https:\/\/www.infokuryr.cz\/n\/wp-json\/wp\/v2\/tags?post=71711"}],"curies":[{"name":"wp","href":"https:\/\/api.w.org\/{rel}","templated":true}]}}