{"id":71699,"date":"2025-02-06T00:54:23","date_gmt":"2025-02-05T23:54:23","guid":{"rendered":"https:\/\/www.infokuryr.cz\/n\/?p=71699"},"modified":"2025-02-05T18:15:07","modified_gmt":"2025-02-05T17:15:07","slug":"dr-kongo-zada-o-mimoradne-zasedani-osn","status":"publish","type":"post","link":"https:\/\/www.infokuryr.cz\/n\/2025\/02\/06\/dr-kongo-zada-o-mimoradne-zasedani-osn\/","title":{"rendered":"DR Kongo \u017e\u00e1d\u00e1 o mimo\u0159\u00e1dn\u00e9 zased\u00e1n\u00ed OSN"},"content":{"rendered":"<div id=\"fb-root\"><\/div>\n<p><span style=\"font-size: 18pt;\"><strong>Kinshasa po\u017e\u00e1dala o nal\u00e9havou sch\u016fzku k \u0159e\u0161en\u00ed situace v Gom\u011b pot\u00e9, co m\u011bsto dobyli rebelov\u00e9 z M23<\/strong><\/span><\/p>\n<p><span>Demokratick\u00e1 republika Kongo (DRC) vyzvala k mimo\u0159\u00e1dn\u00e9mu zased\u00e1n\u00ed Rady OSN pro lidsk\u00e1 pr\u00e1va, aby projednala situaci ve v\u00fdchodn\u00edm m\u011bst\u011b Goma po jeho obsazen\u00ed rebely M23, citovala v \u00fater\u00fd agentura Reuters mluv\u010d\u00edho OSN. Zased\u00e1n\u00ed je napl\u00e1nov\u00e1no na 7. \u00fanora v \u017denev\u011b.\u00a0<\/span><\/p>\n<p><span>M23 zachytila \u200b\u200bGomu minul\u00fd t\u00fdden a eskalovala tak nap\u011bt\u00ed ve v\u00fdchodn\u00ed oblasti zem\u011b bohat\u00e9 na nerostn\u00e9 suroviny. Konflikt vedl k n\u00e1r\u016fstu poru\u0161ov\u00e1n\u00ed lidsk\u00fdch pr\u00e1v, v\u010detn\u011b hromadn\u00fdch poprav, bombardov\u00e1n\u00ed vys\u00eddlen\u00fdch t\u00e1bor\u016f a zpr\u00e1v o sexu\u00e1ln\u00edm n\u00e1sil\u00ed, uv\u00e1d\u00ed \u00da\u0159ad OSN pro pr\u00e1va (OHCHR). \u00a0<\/span><\/p>\n<p><span>Kon\u017esk\u00e1 demokratick\u00e1 republika je po desetilet\u00ed su\u017eov\u00e1na n\u00e1sil\u00edm, zejm\u00e9na na v\u00fdchod\u011b, kde des\u00edtky ozbrojen\u00fdch skupin, v\u010detn\u011b M23, bojuj\u00ed proti m\u00edstn\u00edm \u00fa\u0159ad\u016fm. Region je bohat\u00fd na nerosty, v\u010detn\u011b zlata a diamant\u016f. B\u011bhem posledn\u00ed eskalace se militanti M23 zmocnili kontroly nad velk\u00fdm \u00fazem\u00edm, co\u017e p\u0159im\u011blo OSN varovat p\u0159ed rizikem \u0161ir\u0161\u00edho konfliktu.\u00a0<\/span><\/p>\n<p><span>Vl\u00e1da Kon\u017esk\u00e9 demokratick\u00e9 republiky opakovan\u011b obvinila Rwandu z poskytov\u00e1n\u00ed podpory rebel\u016fm M23 \u2013 co\u017e Kigali neust\u00e1le pop\u00edr\u00e1. Obvin\u011bn\u00ed naru\u0161ilo diplomatick\u00e9 vztahy mezi ob\u011bma zem\u011bmi.<\/span><\/p>\n<p><span>Region\u00e1ln\u00ed snahy o \u0159e\u0161en\u00ed konfliktu prob\u00edhaj\u00ed. Spole\u010dn\u00fd summit Jihoafrick\u00e9ho rozvojov\u00e9ho spole\u010denstv\u00ed (SADC) a V\u00fdchodoafrick\u00e9ho spole\u010denstv\u00ed (EAC) je napl\u00e1nov\u00e1n na 7. a\u017e 8. \u00fanora v Dar es Salaamu v Tanzanii. \u00a0\u00a0<\/span><\/p>\n<p><span>V pond\u011bl\u00ed ke\u0148sk\u00fd prezident William Ruto uvedl, \u017ee prezident KDR Felix Tshisekedi a rwandsk\u00fd prezident Paul Kagame potvrdili \u00fa\u010dast na summitu. Dal\u0161\u00ed v\u016fdci, kte\u0159\u00ed tak\u00e9 potvrdili svou \u00fa\u010dast, jsou jihoafrick\u00fd prezident Cyril Ramaphosa, ugandsk\u00fd prezident Yoweri Museveni a som\u00e1lsk\u00fd prezident Hassan Sheikh Mohamud.<\/span><\/p>\n<p><span>Mluv\u010d\u00ed rusk\u00e9ho ministerstva zahrani\u010d\u00ed Maria Zacharovov\u00e1 v p\u00e1tek vyzvala k\u00a0<\/span><em><span>\u201eokam\u017eit\u00e9mu zastaven\u00ed boj\u016f, sta\u017een\u00ed jednotek M23 z okupovan\u00fdch \u00fazem\u00ed a obnoven\u00ed vyjedn\u00e1vac\u00edho procesu v r\u00e1mci st\u00e1vaj\u00edc\u00edch region\u00e1ln\u00edch m\u00edrov\u00fdch form\u00e1t\u016f\u201c.<\/span><\/em><\/p>\n<p><em><span>&#8222;Nesm\u00edme dovolit, aby eskalace p\u0159erostla v mezist\u00e1tn\u00ed konflikt,&#8220;<\/span><\/em><span>\u00a0\u0159ekla.<\/span><\/p>\n<p><img decoding=\"async\" loading=\"lazy\" class=\"alignnone size-full wp-image-1185\" src=\"http:\/\/www.infokuryr.cz\/n\/wp-content\/uploads\/2021\/04\/kuryr-podpis.png\" alt=\"\" width=\"84\" height=\"24\" \/><\/p>\n<p>&nbsp;<\/p>\n","protected":false},"excerpt":{"rendered":"<p>Kinshasa po\u017e\u00e1dala o nal\u00e9havou sch\u016fzku k \u0159e\u0161en\u00ed situace v Gom\u011b pot\u00e9, co m\u011bsto dobyli rebelov\u00e9&#8230;<\/p>\n","protected":false},"author":2,"featured_media":71700,"comment_status":"closed","ping_status":"closed","sticky":false,"template":"","format":"standard","meta":[],"categories":[7],"tags":[5211,186,1408],"_links":{"self":[{"href":"https:\/\/www.infokuryr.cz\/n\/wp-json\/wp\/v2\/posts\/71699"}],"collection":[{"href":"https:\/\/www.infokuryr.cz\/n\/wp-json\/wp\/v2\/posts"}],"about":[{"href":"https:\/\/www.infokuryr.cz\/n\/wp-json\/wp\/v2\/types\/post"}],"author":[{"embeddable":true,"href":"https:\/\/www.infokuryr.cz\/n\/wp-json\/wp\/v2\/users\/2"}],"replies":[{"embeddable":true,"href":"https:\/\/www.infokuryr.cz\/n\/wp-json\/wp\/v2\/comments?post=71699"}],"version-history":[{"count":0,"href":"https:\/\/www.infokuryr.cz\/n\/wp-json\/wp\/v2\/posts\/71699\/revisions"}],"wp:featuredmedia":[{"embeddable":true,"href":"https:\/\/www.infokuryr.cz\/n\/wp-json\/wp\/v2\/media\/71700"}],"wp:attachment":[{"href":"https:\/\/www.infokuryr.cz\/n\/wp-json\/wp\/v2\/media?parent=71699"}],"wp:term":[{"taxonomy":"category","embeddable":true,"href":"https:\/\/www.infokuryr.cz\/n\/wp-json\/wp\/v2\/categories?post=71699"},{"taxonomy":"post_tag","embeddable":true,"href":"https:\/\/www.infokuryr.cz\/n\/wp-json\/wp\/v2\/tags?post=71699"}],"curies":[{"name":"wp","href":"https:\/\/api.w.org\/{rel}","templated":true}]}}