{"id":71697,"date":"2025-02-06T00:53:22","date_gmt":"2025-02-05T23:53:22","guid":{"rendered":"https:\/\/www.infokuryr.cz\/n\/?p=71697"},"modified":"2025-02-05T18:12:53","modified_gmt":"2025-02-05T17:12:53","slug":"ukrajinsky-utok-na-skolni-autobus-byl-cynicky-fasismus","status":"publish","type":"post","link":"https:\/\/www.infokuryr.cz\/n\/2025\/02\/06\/ukrajinsky-utok-na-skolni-autobus-byl-cynicky-fasismus\/","title":{"rendered":"Ukrajinsk\u00fd \u00fatok na \u0161koln\u00ed autobus byl \u201ecynick\u00fd fa\u0161ismus\u201c"},"content":{"rendered":"<div id=\"fb-root\"><\/div>\n<p><span style=\"font-size: 18pt;\"><strong>Moskva obvinila Kyjev z proveden\u00ed \u00faderu UAV, kter\u00fd zranil p\u011bt d\u011bt\u00ed a jednoho dosp\u011bl\u00e9ho v Z\u00e1poro\u017esk\u00e9 oblasti<\/strong><\/span><\/p>\n<p>Moskevsk\u00e1 ombudsmanka pro lidsk\u00e1 pr\u00e1va Ta\u0165\u00e1na Moskalkov\u00e1 prohl\u00e1sila, \u017ee\u00a0\u00a0\u00fatok ukrajinsk\u00e9ho dronu na \u0161koln\u00ed autobus v rusk\u00e9 Z\u00e1poro\u017esk\u00e9 oblasti, kter\u00fd za\u010d\u00e1tkem tohoto t\u00fddne zranil n\u011bkolik d\u011bt\u00ed, byl \u010dinem nehor\u00e1zn\u00e9ho\u00a0<em>\u201efa\u0161ismu\u201c .<\/em><\/p>\n<p>V \u00fater\u00fd ru\u0161t\u00ed p\u0159edstavitel\u00e9 obvinili Ukrajinu ze z\u00e1sahu do \u0161koln\u00edho vozidla ve Vasiljevsk\u00e9m okrese. Podle guvern\u00e9ra Z\u00e1poro\u017e\u00ed Jevgenije Balitsk\u00e9ho \u00fatok v\u00e1\u017en\u011b zranil \u0159idi\u010de autobusu a zranil tak\u00e9 p\u011bt d\u011bt\u00ed, i kdy\u017e jejich stav je \u00fadajn\u011b stabilizovan\u00fd.<\/p>\n<p>Moskalkov\u00e1 incident d\u016frazn\u011b odsoudila a ozna\u010dila jej za\u00a0<em>\u201emonstr\u00f3zn\u00ed\u201c<\/em>\u00a0a \u010din\u00a0<em>\u201ecynick\u00e9ho, do o\u010d\u00ed bij\u00edc\u00edho fa\u0161ismu\u201c.\u00a0<\/em>\u00a0<em>&#8222;Bylo by podcen\u011bn\u00edm naz\u00fdvat to zlo\u010dinem proti lidskosti,&#8220;<\/em>\u00a0\u0159ekla.<\/p>\n<p>Ombudsmanka obvinila Z\u00e1pad, \u017ee ignoruje ukrajinsk\u00e9 \u00fatoky a zav\u00edr\u00e1 o\u010di p\u0159ed rozkv\u011btem neonacistick\u00e9 ideologie v zemi.\u00a0<em>\u201eP\u0159esn\u011b p\u0159ed 80 lety se na Jaltsk\u00e9 konferenci se\u0161li v\u016fdci protihitlerovsk\u00e9 koalice, aby napl\u00e1novali por\u00e1\u017eku fa\u0161ismu,\u201c<\/em>\u00a0\u0159ekla.\u00a0<em>&#8222;Pro\u010d dnes kolektivn\u00ed Z\u00e1pad ml\u010d\u00ed, kdy\u017e vid\u00ed zlo\u010diny ukrajinsk\u00fdch nacist\u016f?&#8220;<\/em><\/p>\n<div class=\"article__cover\">\n<div class=\"media\">\n<picture><source srcset=\"https:\/\/mf.b37mrtl.ru\/files\/2025.02\/original\/67a36ca62030271895408dda.jpg\" sizes=\"991px\" data-srcset=\"https:\/\/mf.b37mrtl.ru\/files\/2025.02\/original\/67a36ca62030271895408dda.jpg\" \/><img decoding=\"async\" loading=\"lazy\" class=\"read-more__cover lazyautosizes lazyloaded aligncenter\" src=\"https:\/\/mf.b37mrtl.ru\/files\/2025.02\/original\/67a36ca62030271895408dda.jpg\" sizes=\"991px\" alt=\"RT\" width=\"1026\" height=\"577\" data-sizes=\"auto\" data-src=\"https:\/\/mf.b37mrtl.ru\/files\/2025.02\/original\/67a36ca62030271895408dda.jpg\" \/><\/picture>\n<div class=\"media__footer media__footer_bottom \">\n<div class=\"media__title media__title_footer\" style=\"text-align: center;\"><em>\u00a9 Telegram \/ BalitskyEV<\/em><\/div>\n<\/div>\n<\/div>\n<\/div>\n<p>D\u00e1le vyzvala Vysok\u00e9ho komisa\u0159e OSN pro lidsk\u00e1 pr\u00e1va a V\u00fdbor OSN pro pr\u00e1va d\u00edt\u011bte, aby vydaly d\u016fraznou reakci na to, co popsala jako\u00a0<em>\u201estra\u0161n\u00e9 zlo\u010diny proti civilist\u016fm\u201c.<\/em><\/p>\n<div class=\"article__cover\">\n<div class=\"media\">\n<picture><source srcset=\"https:\/\/mf.b37mrtl.ru\/files\/2025.02\/original\/67a36ca72030271895408ddb.jpg\" sizes=\"991px\" data-srcset=\"https:\/\/mf.b37mrtl.ru\/files\/2025.02\/original\/67a36ca72030271895408ddb.jpg\" \/><img decoding=\"async\" loading=\"lazy\" class=\"read-more__cover lazyautosizes lazyloaded aligncenter\" src=\"https:\/\/mf.b37mrtl.ru\/files\/2025.02\/original\/67a36ca72030271895408ddb.jpg\" sizes=\"991px\" alt=\"RT\" width=\"1032\" height=\"581\" data-sizes=\"auto\" data-src=\"https:\/\/mf.b37mrtl.ru\/files\/2025.02\/original\/67a36ca72030271895408ddb.jpg\" \/><\/picture>\n<div class=\"media__footer media__footer_bottom \">\n<div class=\"media__title media__title_footer\" style=\"text-align: center;\"><em>\u00a9 Telegram \/ BalitskyEV<\/em><\/div>\n<\/div>\n<\/div>\n<\/div>\n<p>Rusko soustavn\u011b obvi\u0148uje Ukrajinu z \u00fatok\u016f na civiln\u00ed c\u00edle, p\u0159i\u010dem\u017e p\u0159edstavitel\u00e9 Don\u011bck\u00e9 lidov\u00e9 republiky po\u010d\u00e1tkem tohoto t\u00fddne tvrdili, \u017ee ost\u0159elov\u00e1n\u00ed kyjevsk\u00fdmi silami b\u011bhem jednoho dne zranilo deset civilist\u016f. Moskva tak\u00e9 soustavn\u011b vyjad\u0159ovala obavy z nekontrolovan\u00e9ho o\u017eiven\u00ed neonacistick\u00e9 ideologie na Ukrajin\u011b a ozna\u010dila\u00a0<em>\u201edenacizaci\u201c<\/em>\u00a0zem\u011b za kl\u00ed\u010dov\u00e9 c\u00edle sv\u00e9 vojensk\u00e9 kampan\u011b.<\/p>\n<div class=\"article__cover\">\n<div class=\"media\">\n<picture><source srcset=\"https:\/\/mf.b37mrtl.ru\/files\/2025.02\/original\/67a36ca82030271895408ddd.jpg\" sizes=\"991px\" data-srcset=\"https:\/\/mf.b37mrtl.ru\/files\/2025.02\/original\/67a36ca82030271895408ddd.jpg\" \/><img decoding=\"async\" loading=\"lazy\" class=\"read-more__cover lazyautosizes lazyloaded aligncenter\" src=\"https:\/\/mf.b37mrtl.ru\/files\/2025.02\/original\/67a36ca82030271895408ddd.jpg\" sizes=\"991px\" alt=\"RT\" width=\"1036\" height=\"583\" data-sizes=\"auto\" data-src=\"https:\/\/mf.b37mrtl.ru\/files\/2025.02\/original\/67a36ca82030271895408ddd.jpg\" \/><\/picture>\n<div class=\"media__footer media__footer_bottom \">\n<div class=\"media__title media__title_footer\" style=\"text-align: center;\"><em>\u00a9 Telegram \/ BalitskyEV<\/em><\/div>\n<div><img decoding=\"async\" loading=\"lazy\" class=\"alignnone size-full wp-image-1185\" src=\"http:\/\/www.infokuryr.cz\/n\/wp-content\/uploads\/2021\/04\/kuryr-podpis.png\" alt=\"\" width=\"84\" height=\"24\" \/><\/div>\n<div><\/div>\n<\/div>\n<\/div>\n<\/div>\n","protected":false},"excerpt":{"rendered":"<p>Moskva obvinila Kyjev z proveden\u00ed \u00faderu UAV, kter\u00fd zranil p\u011bt d\u011bt\u00ed a jednoho dosp\u011bl\u00e9ho v&#8230;<\/p>\n","protected":false},"author":2,"featured_media":71698,"comment_status":"closed","ping_status":"closed","sticky":false,"template":"","format":"standard","meta":[],"categories":[7],"tags":[8557,1635,723],"_links":{"self":[{"href":"https:\/\/www.infokuryr.cz\/n\/wp-json\/wp\/v2\/posts\/71697"}],"collection":[{"href":"https:\/\/www.infokuryr.cz\/n\/wp-json\/wp\/v2\/posts"}],"about":[{"href":"https:\/\/www.infokuryr.cz\/n\/wp-json\/wp\/v2\/types\/post"}],"author":[{"embeddable":true,"href":"https:\/\/www.infokuryr.cz\/n\/wp-json\/wp\/v2\/users\/2"}],"replies":[{"embeddable":true,"href":"https:\/\/www.infokuryr.cz\/n\/wp-json\/wp\/v2\/comments?post=71697"}],"version-history":[{"count":0,"href":"https:\/\/www.infokuryr.cz\/n\/wp-json\/wp\/v2\/posts\/71697\/revisions"}],"wp:featuredmedia":[{"embeddable":true,"href":"https:\/\/www.infokuryr.cz\/n\/wp-json\/wp\/v2\/media\/71698"}],"wp:attachment":[{"href":"https:\/\/www.infokuryr.cz\/n\/wp-json\/wp\/v2\/media?parent=71697"}],"wp:term":[{"taxonomy":"category","embeddable":true,"href":"https:\/\/www.infokuryr.cz\/n\/wp-json\/wp\/v2\/categories?post=71697"},{"taxonomy":"post_tag","embeddable":true,"href":"https:\/\/www.infokuryr.cz\/n\/wp-json\/wp\/v2\/tags?post=71697"}],"curies":[{"name":"wp","href":"https:\/\/api.w.org\/{rel}","templated":true}]}}