{"id":7169,"date":"2021-12-29T02:52:35","date_gmt":"2021-12-29T01:52:35","guid":{"rendered":"http:\/\/www.infokuryr.cz\/n\/?p=7169"},"modified":"2021-12-29T02:52:35","modified_gmt":"2021-12-29T01:52:35","slug":"premier-morawiecki-polsko-nehodla-uzavrit-uhelny-dul-a-elektrarnu-turow-na-hranicich-s-ceskem","status":"publish","type":"post","link":"https:\/\/www.infokuryr.cz\/n\/2021\/12\/29\/premier-morawiecki-polsko-nehodla-uzavrit-uhelny-dul-a-elektrarnu-turow-na-hranicich-s-ceskem\/","title":{"rendered":"Premi\u00e9r Morawiecki: Polsko nehodl\u00e1 uzav\u0159\u00edt uheln\u00fd d\u016fl a elektr\u00e1rnu Tur\u00f3w na hranic\u00edch s \u010ceskem"},"content":{"rendered":"<div id=\"fb-root\"><\/div>\n<p><strong>Polsko nehodl\u00e1 uzav\u0159\u00edt uheln\u00fd d\u016fl a uhelnou elektr\u00e1rnu Tur\u00f3w na hranic\u00edch s \u010ceskou republikou, uvedl v \u00fater\u00fd na tiskov\u00e9 konferenci polsk\u00fd premi\u00e9r Mateusz Morawiecki.<\/strong><\/p>\n<p>V kv\u011btnu bylo ozn\u00e1meno, \u017ee soud EU na \u017e\u00e1dost \u010cesk\u00e9 republiky na\u0159\u00eddil\u00a0Polsku, aby okam\u017eit\u011b zastavilo ve\u0161ker\u00e9 pr\u00e1ce na dole\u00a0<strong>Tur\u00f3w<\/strong>. \u010cesk\u00e1 strana proti pl\u00e1novan\u00e9mu roz\u0161\u00ed\u0159en\u00ed dolu protestovala, proto\u017ee by to mohlo sn\u00ed\u017eit hladinu podzemn\u00ed vody, zp\u016fsobit probl\u00e9my se z\u00e1sobov\u00e1n\u00edm vodou v okol\u00ed a po\u0161kodit \u017eivotn\u00ed prost\u0159ed\u00ed.<\/p>\n<p>A 20. z\u00e1\u0159\u00ed soud\u00a0EU na\u0159\u00eddil Polsku, kter\u00e9 jeho rozhodnut\u00ed nikdy neplnilo, aby platilo 500 000 eur denn\u011b jako pokutu, dokud nebude\u00a0<strong>t\u011b\u017eba\u00a0<\/strong>v dole zastavena.<\/p>\n<p>\u201eJsme ve sporu s \u010ceskou republikou o provozu dolu a elektr\u00e1rny Tur\u00f3w. Rozhodn\u011b nem\u00e1me v \u00famyslu zastavit provoz dolu a elektr\u00e1rny. D\u016fl a elektr\u00e1rna dod\u00e1vaj\u00ed elekt\u0159inu a teplo stovk\u00e1m tis\u00edc polsk\u00fdch dom\u00e1cnost\u00ed. Uzav\u0159en\u00ed dolu by tedy zp\u016fsobilo, \u017ee by v polsk\u00fdch dom\u00e1cnostech byla zima,&#8220; \u0159ekl\u00a0Morawiecki.<\/p>\n<p>\u201eJestli si Soudn\u00ed dv\u016fr Evropsk\u00e9 unie mysl\u00ed, \u017ee jedno rozhodnut\u00ed m\u016f\u017ee m\u00edt za n\u00e1sledek, \u017ee statis\u00edce polsk\u00fdch dom\u00e1cnost\u00ed budou bez elekt\u0159iny nebo bez tepla v radi\u00e1torech. Hluboce se m\u00fdl\u00ed. Jedn\u00e1me v z\u00e1jmu polsk\u00fdch ob\u010dan\u016f, polsk\u00e9 spole\u010dnosti, a je p\u0159edev\u0161\u00edm na\u0161\u00ed povinnost\u00ed db\u00e1t na jejich z\u00e1jmy. D\u016fl i elektr\u00e1rna tedy budou ur\u010dit\u011b fungovat,&#8220; dodal.<\/p>\n<p>Polsk\u00fd\u00a0premi\u00e9r z\u00e1rove\u0148 douf\u00e1, \u017ee rozhovory s \u010ceskou republikou na t\u00e9ma Tur\u00f3w budou pokra\u010dovat v lednu p\u0159\u00ed\u0161t\u00edho roku.<\/p>\n<p>\u201eV\u017edy existuje \u0161ance, \u017ee bychom tento spor mohli s \u010ceskou republikou vy\u0159e\u0161it sm\u00edrn\u011b, a to za podm\u00ednky, \u017ee \u010cesk\u00e1 republika st\u00e1hne svou \u017e\u00e1dost k Evropsk\u00e9 komisi. Douf\u00e1m, \u017ee v lednu se jedn\u00e1n\u00ed posunou kup\u0159edu, mo\u017en\u00e1 i d\u0159\u00edve,&#8220; \u0159ekl.<\/p>\n<p><strong>Spor o d\u016fl Tur\u00f3w<\/strong><\/p>\n<p>Na konci kv\u011btna soud\u00a0vyhov\u011bl\u00a0\u010desk\u00e9 \u017e\u00e1dosti a vydal p\u0159edb\u011b\u017en\u00e9 opat\u0159en\u00ed, ve kter\u00e9m Polsku na\u0159\u00eddil \u201ebezodkladn\u00e9 pozastaven\u00ed\u201c t\u011b\u017eby. To vl\u00e1da ve Var\u0161av\u011b odm\u00edtla. Od 20. z\u00e1\u0159\u00ed proto Polsku naskakuje pokuta p\u016fl milionu eur denn\u011b, v p\u0159epo\u010dtu 12,7 milionu korun.<\/p>\n<p>Var\u0161ava zat\u00edm tvrd\u00ed, \u017ee pokutu platit nebude. Evropsk\u00e1 komise u\u017e avizovala, \u017ee v prav\u00fd \u010das vyzve Polsko k \u00fahrad\u011b pokuty, kter\u00e1 m\u00e1 sm\u011b\u0159ovat do unijn\u00edho rozpo\u010dtu. Ve h\u0159e je i mo\u017enost ode\u010dten\u00ed pen\u011bz z unijn\u00edch prost\u0159edk\u016f sm\u011b\u0159uj\u00edc\u00edch do Polska.<\/p>\n<p>Pol\u0161t\u00ed odbor\u00e1\u0159i ze svazu Solidarita\u00a0pokutu\u00a0i pozastaven\u00ed t\u011b\u017eby v Tur\u00f3w\u011b odm\u00edtaj\u00ed a maj\u00ed za to, \u017ee unijn\u00ed soud ve v\u011bci nem\u00e1 pravomoc rozhodovat. V Lucemburku cht\u011bj\u00ed odevzdat petici, kter\u00e1 ozna\u010duje rozhodnut\u00ed soudu za \u201ebezprecedentn\u00ed pokus p\u0159ivlastn\u011bn\u00ed si kompetenc\u00ed, kter\u00e9 nep\u0159edpokl\u00e1daj\u00ed smlouvy, na kter\u00fdch je zalo\u017een\u00e1 EU\u201c.<\/p>\n<p>Dne 26. z\u00e1\u0159\u00ed polsk\u00fd premi\u00e9r Mateusz Morawiecki ozn\u00e1mil\u00a0<strong>var\u0161avsk\u00e9 n\u00e1vrhy<\/strong>\u00a0na vy\u0159e\u0161en\u00ed situace s dolem. Jedn\u00e1 se podle n\u011bj o finan\u010dn\u00ed podporu Polska obyvatel\u016fm p\u0159\u00edhrani\u010dn\u00edch region\u016f \u010cesk\u00e9 republiky p\u0159i realizaci projekt\u016f souvisej\u00edc\u00edch s \u010di\u0161t\u011bn\u00edm vody, v\u00fdstavbou protihlukov\u00fdch bari\u00e9r a dal\u0161\u00edmi investicemi. Je bez pochyb, \u017ee dan\u00fd spor velmi naru\u0161il \u010desko-polsk\u00e9 vztahy.<\/p>\n<p><a href=\"https:\/\/cz.sputniknews.com\/20211228\/premier-morawiecki-polsko-nehodla-uzavrit-uhelny-dul-a-elektrarnu-turow-na-hranicich-s-ceskem-17017811.html\">ZDROJ<\/a><\/p>\n<p>&nbsp;<\/p>\n","protected":false},"excerpt":{"rendered":"<p>Polsko nehodl\u00e1 uzav\u0159\u00edt uheln\u00fd d\u016fl a uhelnou elektr\u00e1rnu Tur\u00f3w na hranic\u00edch s \u010ceskou republikou, uvedl&#8230;<\/p>\n","protected":false},"author":2,"featured_media":1882,"comment_status":"closed","ping_status":"closed","sticky":false,"template":"","format":"standard","meta":[],"categories":[7],"tags":[506,41,31,431],"_links":{"self":[{"href":"https:\/\/www.infokuryr.cz\/n\/wp-json\/wp\/v2\/posts\/7169"}],"collection":[{"href":"https:\/\/www.infokuryr.cz\/n\/wp-json\/wp\/v2\/posts"}],"about":[{"href":"https:\/\/www.infokuryr.cz\/n\/wp-json\/wp\/v2\/types\/post"}],"author":[{"embeddable":true,"href":"https:\/\/www.infokuryr.cz\/n\/wp-json\/wp\/v2\/users\/2"}],"replies":[{"embeddable":true,"href":"https:\/\/www.infokuryr.cz\/n\/wp-json\/wp\/v2\/comments?post=7169"}],"version-history":[{"count":0,"href":"https:\/\/www.infokuryr.cz\/n\/wp-json\/wp\/v2\/posts\/7169\/revisions"}],"wp:featuredmedia":[{"embeddable":true,"href":"https:\/\/www.infokuryr.cz\/n\/wp-json\/wp\/v2\/media\/1882"}],"wp:attachment":[{"href":"https:\/\/www.infokuryr.cz\/n\/wp-json\/wp\/v2\/media?parent=7169"}],"wp:term":[{"taxonomy":"category","embeddable":true,"href":"https:\/\/www.infokuryr.cz\/n\/wp-json\/wp\/v2\/categories?post=7169"},{"taxonomy":"post_tag","embeddable":true,"href":"https:\/\/www.infokuryr.cz\/n\/wp-json\/wp\/v2\/tags?post=7169"}],"curies":[{"name":"wp","href":"https:\/\/api.w.org\/{rel}","templated":true}]}}