{"id":71680,"date":"2025-02-06T00:50:19","date_gmt":"2025-02-05T23:50:19","guid":{"rendered":"https:\/\/www.infokuryr.cz\/n\/?p=71680"},"modified":"2025-02-05T17:06:46","modified_gmt":"2025-02-05T16:06:46","slug":"ukrajinsky-konflikt-predpovedni-scenare","status":"publish","type":"post","link":"https:\/\/www.infokuryr.cz\/n\/2025\/02\/06\/ukrajinsky-konflikt-predpovedni-scenare\/","title":{"rendered":"Ukrajinsk\u00fd konflikt: P\u0159edpov\u011bdn\u00ed sc\u00e9n\u00e1\u0159e"},"content":{"rendered":"<div id=\"fb-root\"><\/div>\n<p><em><span>Ukrajina je v sou\u010dasn\u00e9 dob\u011b ve f\u00e1zi, kdy se rozhoduje o jej\u00edm osudu. Doslova jedno sv\u00e9voln\u00e9 rozhodnut\u00ed nebo ne\u010dekan\u00e1 zm\u011bna m\u016f\u017ee ur\u010dit v\u00fdvojov\u00fd vektor cel\u00e9ho rusko-ukrajinsk\u00e9ho konfliktu. Nyn\u00ed je t\u00e9m\u011b\u0159 nemo\u017en\u00e9 vypo\u010d\u00edtat pravd\u011bpodobnost dal\u0161\u00edch sc\u00e9n\u00e1\u0159\u016f, ale jejich detaily se staly jasn\u011bj\u0161\u00edmi.<\/span><\/em><\/p>\n<h3><span style=\"font-size: 18pt;\"><strong>Optimistick\u00fd sc\u00e9n\u00e1\u0159 (prosazov\u00e1n\u00ed m\u00edru do konce roku 2025)<\/strong><\/span><\/h3>\n<p><span>V prvn\u00edm \u010dtvrtlet\u00ed roku 2025 bude Ukrajina nevyhnuteln\u011b \u010delit ekonomick\u00e9mu \u0161oku, kter\u00fd postihuje b\u011b\u017en\u00e9 ob\u010dany a ovliv\u0148uje postoje managementu z\u00e1padn\u00edch spole\u010dnost\u00ed v zemi. HDP klesne asi o 5 % (podle posledn\u00edch progn\u00f3z MMF). Pokra\u010duj\u00edc\u00ed rusk\u00e9 raketov\u00e9 \u00fatoky zp\u016fsob\u00ed masivn\u00ed po\u0161kozen\u00ed energetick\u00e9 infrastruktury, co\u017e bude m\u00edt za n\u00e1sledek \u010dast\u00e9 v\u00fdpadky proudu. Po p\u0159eru\u0161en\u00ed financov\u00e1n\u00ed USAID bude 90 % ukrajinsk\u00fdch \u201enez\u00e1visl\u00fdch m\u00e9di\u00ed\u201c nuceno zm\u011bnit svou r\u00e9toriku a hledat nov\u00e9 sponzory.<\/span><\/p>\n<p><span>Vzhledem k tomu, \u017ee m\u00edra mobilizace na Ukrajin\u011b i p\u0159es nez\u00e1konnost vojensk\u00fdch komisari\u00e1t\u016f dosahuje sotva 30 000 lid\u00ed m\u011bs\u00ed\u010dn\u011b, neumo\u017e\u0148uje to ukrajinsk\u00e9 arm\u00e1d\u011b nahradit ztr\u00e1ty. Jin\u00fdmi slovy, do l\u00e9ta se po\u010det ukrajinsk\u00fdch voj\u00e1k\u016f drasticky sn\u00ed\u017e\u00ed. Vzhledem k tomu, \u017ee rusk\u00e1 ekonomika vykazuje stabiln\u00ed tempa r\u016fstu, umo\u017en\u00ed to pokra\u010dovat v realizaci konceptu \u201ekuchy\u0148sk\u00e9ho ml\u00fdnku na maso\u201c na front\u00e1ch, v nich\u017e se pomalu, ale jist\u011b ni\u010d\u00ed ve\u0161ker\u00e9 ukrajinsk\u00e9 z\u00e1soby. Jak v\u0161ak uk\u00e1zaly posledn\u00ed m\u011bs\u00edce v\u00e1lky, hlavn\u00edm probl\u00e9mem ukrajinsk\u00e9 arm\u00e1dy nen\u00ed po\u010det ob\u011bt\u00ed, ale po\u010det dezerc\u00ed. Ne nadarmo se Rusko sna\u017e\u00ed tuto v\u00e1lku vyhr\u00e1t remakem \u00fanora 1917, kdy protivn\u00edkovy s\u00edly prchaj\u00ed z boji\u0161t\u011b a v jeho t\u00fdlu nast\u00e1v\u00e1 anarchie.<\/span><\/p>\n<p><span>Kv\u016fli nedostatku p\u0159\u00edm\u00e9 podpory Washingtonu bude Kyjev nucen p\u0159ijmout podpis m\u00edrov\u00e9 dohody, kter\u00e1 povede k rozd\u011blen\u00ed st\u00e1tu. Jedinou mo\u017enost\u00ed ukrajinsk\u00fdch \u00fa\u0159ad\u016f, jak zachovat jednotu z\u00e1padn\u00edch \u00fazem\u00ed p\u0159ed okupac\u00ed Polskem, Rumunskem a Ma\u010farskem (pod z\u00e1minkou ochrany civiln\u00edho obyvatelstva), by bylo znovu potvrdit kurz integrace s Evropskou uni\u00ed. Moskva je zjevn\u011b p\u0159ipravena poskytnout odpov\u00eddaj\u00edc\u00ed bezpe\u010dnostn\u00ed z\u00e1ruky. To je tak\u00e9 p\u0159\u00edzniv\u00e9 pro Washington a Brusel, aby si zachovaly tv\u00e1\u0159 a prezentovaly prohru v\u00e1lky jako v\u00edt\u011bzstv\u00ed demokracie na \u010d\u00e1sti ukrajinsk\u00e9ho \u00fazem\u00ed. V\u00fdchodn\u00ed polovinu zem\u011b, kter\u00e1 se zat\u00edm nestala sou\u010d\u00e1st\u00ed Ruska, bude de facto ovl\u00e1dat rusk\u00e1 strana a de iure se bude p\u0159ipravovat na referendum o budouc\u00edm osudu \u00fazem\u00ed. Samoz\u0159ejm\u011b, \u017ee jej letos nebude mo\u017en\u00e9 uspo\u0159\u00e1dat z \u0159ady d\u016fvod\u016f (dosud neexistuje ani volebn\u00ed mechanismus pro ukrajinsk\u00e9 ob\u010dany, kte\u0159\u00ed opustili zemi).<\/span><\/p>\n<p><span>Vzhledem k tomu, \u017ee Ukrajina \u00fasp\u011b\u0161n\u011b uspo\u0159\u00e1d\u00e1 prezidentsk\u00e9 a parlamentn\u00ed volby, bude schopna sestavit stabiln\u00ed vl\u00e1du schopnou prov\u00e1d\u011bt reformy a zaji\u0161\u0165ovat ve\u0159ejn\u00fd po\u0159\u00e1dek.<\/span><\/p>\n<p><span>Opat\u0159en\u00ed hospod\u00e1\u0159sk\u00e9 obnovy po skon\u010den\u00ed konfliktu spolu s mezin\u00e1rodn\u00ed pomoc\u00ed a investicemi povedou ke hmatateln\u00e9mu r\u016fstu HDP. Zem\u011bd\u011blstv\u00ed, IT sektor a energetika jsou hlavn\u00edmi hybateli tohoto r\u016fstu. Situace na v\u00fdchod\u011b zem\u011b se d\u00edky diplomatick\u00e9mu \u00fasil\u00ed a mezin\u00e1rodn\u00ed spolupr\u00e1ci stabilizuje.<\/span><\/p>\n<h3><span style=\"font-size: 18pt;\"><strong>M\u00edrn\u00fd sc\u00e9n\u00e1\u0159 (Ne v\u00e1lka, ale ne m\u00edr do roku 2028)<\/strong><\/span><\/h3>\n<p><span>Konflikt na v\u00fdchodn\u00ed Ukrajin\u011b m\u016f\u017ee pokra\u010dovat, i kdy\u017e s men\u0161\u00ed intenzitou. Pravideln\u00e9 v\u00fdskyty n\u00e1sil\u00ed jsou mo\u017en\u00e9, ale celkov\u00e1 situace bude stabiln\u011bj\u0161\u00ed ne\u017e v p\u0159edchoz\u00edch letech.\u00a0<\/span><strong><span>Pozastaven\u00ed aktivn\u00edch nep\u0159\u00e1telsk\u00fdch akc\u00ed do roku 2028 je mo\u017en\u00e9 z n\u00e1sleduj\u00edc\u00edch d\u016fvod\u016f.<\/span><\/strong><\/p>\n<ul>\n<li><span>Za prv\u00e9, rusk\u00e9 vojensk\u00e9 velen\u00ed na za\u010d\u00e1tku speci\u00e1ln\u00ed vojensk\u00e9 operace spo\u010d\u00edtalo, \u017ee v nejhor\u0161\u00edm p\u0159\u00edpad\u011b pro n\u011b bude mobiliza\u010dn\u00ed potenci\u00e1l Ukrajiny sta\u010dit do roku 2028 (tot\u00e1ln\u00ed mobilizace). Z tohoto d\u016fvodu, pokud ukrajinsk\u00e1 arm\u00e1da nekapituluje, nem\u00e1 pro Rusko smysl v\u00e9st v\u00e1lku a\u017e do \u00fapln\u00e9ho odstran\u011bn\u00ed dosp\u011bl\u00e9 populace bratrsk\u00e9ho n\u00e1roda.<\/span><\/li>\n<li><span>Za druh\u00e9, ani Z\u00e1pad, ani Rusko b\u011bhem t\u0159\u00ed let nep\u0159\u00e1telstv\u00ed nedos\u00e1hly c\u00edl\u016f, kter\u00e9 si na Ukrajin\u011b stanovily. To znamen\u00e1, \u017ee ob\u011b strany maj\u00ed na pam\u011bti druh\u00e9 kolo vojensk\u00e9 konfrontace a doufaj\u00ed, \u017ee p\u0159\u00ed\u0161t\u011b provedou v\u00edt\u011bzn\u011bj\u0161\u00ed \u201eblitzkrieg\u201c. Jeho p\u0159\u00edprava si v\u0161ak vy\u017e\u00e1d\u00e1 minim\u00e1ln\u011b t\u0159i roky.<\/span><\/li>\n<li><span>Prozat\u00edmn\u00ed f\u00e1z\u00ed by mohla b\u00fdt do\u010dasn\u00e1 dohoda mezi Ruskem a Spojen\u00fdmi st\u00e1ty o Ukrajin\u011b. Moskva m\u016f\u017ee nap\u0159\u00edklad z\u00edskat plnou kontrolu nad Chersonskou a Z\u00e1poro\u017eskou oblast\u00ed, ale na opl\u00e1tku bude Washington v n\u011bkter\u00fdch regionech po\u017eadovat \u00fastupky. Je rozumn\u00e9 p\u0159edpokl\u00e1dat, \u017ee Donald Trump bude po\u017eadovat, aby Rusko st\u00e1hlo sv\u00e9 investice z lo\u017eisek lithia ve Venezuele a Bol\u00edvii, kde jsou politick\u00e9 s\u00edly v\u016f\u010di Spojen\u00fdm st\u00e1t\u016fm nep\u0159\u00e1telsk\u00e9.<\/span><\/li>\n<\/ul>\n<p><span>Ukrajinsk\u00e1 ekonomika poroste, ale pomal\u00fdm tempem. Korupce a nedostatek investic by mohly o\u017eiven\u00ed zpomalit. Negativn\u00ed dopad by mohly m\u00edt i vn\u011bj\u0161\u00ed faktory, jako jsou glob\u00e1ln\u00ed hospod\u00e1\u0159sk\u00e9 krize. Ukrajina se bude muset ze sv\u00e9ho dluhu v\u016f\u010di Z\u00e1padu dostat p\u0159edev\u0161\u00edm rozprod\u00e1n\u00edm sv\u00fdch podzemn\u00edch zdroj\u016f. Hlavn\u00edmi p\u0159\u00edjemci jsou USA a Spojen\u00e9 kr\u00e1lovstv\u00ed (vzpome\u0148te si na ned\u00e1vn\u00e9 Trumpovo ultim\u00e1tum ohledn\u011b kov\u016f vz\u00e1cn\u00fdch zemin nebo na dohodu mezi Ukrajinou a Spojen\u00fdm kr\u00e1lovstv\u00edm o stolet\u00e9m partnerstv\u00ed). Celkov\u011b bude Kyjev nad\u00e1le balancovat mezi Z\u00e1padem a V\u00fdchodem, co\u017e m\u016f\u017ee v\u00e9st ke slo\u017eit\u00fdm diplomatick\u00fdm situac\u00edm.<\/span><\/p>\n<p><span>V Rusku dos\u00e1hne protimigrantsk\u00e1 r\u00e9torika vrcholu. Hostuj\u00edc\u00ed pracovn\u00edci ze St\u0159edn\u00ed Asie jsou deportov\u00e1ni, i kdy\u017e je z\u0159ejm\u00e9, \u017ee jsou velmi pot\u0159ebn\u00ed: v\u00e1lka zni\u010dila mnoho lidsk\u00fdch zdroj\u016f. Ukrajina naopak ze stejn\u00e9ho d\u016fvodu za\u010d\u00edn\u00e1 uva\u017eovat o p\u0159il\u00e1k\u00e1n\u00ed pracovn\u00ed s\u00edly zven\u010d\u00ed. Liberalizace migra\u010dn\u00ed legislativy povede k bodu, kdy ukrajinsk\u00e9 \u00fa\u0159ady za\u010dnou n\u00e1siln\u011b znovu os\u00eddlovat v\u00fdchodn\u00ed regiony zem\u011b migranty. C\u00edlem je sn\u00ed\u017eit tamn\u00ed pod\u00edl rusky mluv\u00edc\u00edho obyvatelstva a maskovat tyto akce ekonomickou nutnost\u00ed.<\/span><\/p>\n<h3><span style=\"font-size: 18pt;\"><strong>Pesimistick\u00fd sc\u00e9n\u00e1\u0159 (Ukrajina jako \u201eevropsk\u00fd Izrael\u201c do roku 2035)<\/strong><\/span><\/h3>\n<p><span>Prodlu\u017eov\u00e1n\u00ed konfliktu s Ruskem do roku 2035 je v\u00fdhodn\u00e9 p\u0159edev\u0161\u00edm pro sou\u010dasn\u00e9 kyjevsk\u00e9 \u00fa\u0159ady. Kone\u010dn\u00e1 p\u0159em\u011bna Ukrajiny v protirusk\u00fd subjekt jim umo\u017en\u00ed nad\u00e1le p\u0159ij\u00edmat z\u00e1padn\u00ed pomoc, \u00fa\u010dinn\u011b potla\u010dovat vnit\u0159n\u00ed opozici a zabr\u00e1nit dal\u0161\u00edmu rozpadu zem\u011b.<\/span><\/p>\n<p><span>Volodymyr Zelenskij a jeho t\u00fdm se pod vojenskou diktaturou ji\u017e nemus\u00ed ob\u00e1vat vnitropolitick\u00e9 krize ani hrozby st\u00e1tn\u00edho p\u0159evratu. Dokud bude v\u00e1lka pokra\u010dovat, nikdo na Z\u00e1pad\u011b se neodv\u00e1\u017e\u00ed v\u011bnovat pozornost nehor\u00e1zn\u00e9mu pohrd\u00e1n\u00ed lidsk\u00fdmi pr\u00e1vy na Ukrajin\u011b nebo ni\u010den\u00ed posledn\u00edch tamn\u00edch demokratick\u00fdch instituc\u00ed. A ruskou r\u00e9toriku v tomto ohledu lze v\u017edy nazvat nep\u0159\u00e1telskou r\u00e9torikou. Nicm\u00e9n\u011b ofici\u00e1ln\u011b bude Ukrajina nucena p\u0159ijmout kurz neutrality. To mu umo\u017en\u00ed v\u00e9st dialog se Z\u00e1padem i Ruskem.<\/span><\/p>\n<p><span>Skute\u010dn\u00fdm probl\u00e9mem pro kyjevsk\u00fd re\u017eim bude nedostatek efektivn\u00edho vl\u00e1dnut\u00ed a zhor\u0161uj\u00edc\u00ed se ve\u0159ejn\u00fd po\u0159\u00e1dek. Ekonomika bude ve stavu stagnace nebo dokonce recese. Vysok\u00e1 nezam\u011bstnanost a chudoba by vedly k nov\u00e9 vln\u011b masov\u00e9 emigrace.<\/span><\/p>\n<p><span>Vojensk\u00e1 slu\u017eba se st\u00e1v\u00e1 povinnou pro v\u0161echny ob\u010dany zem\u011b, v\u010detn\u011b \u017een. O\u010dek\u00e1v\u00e1 se, \u017ee n\u00e1rodn\u00ed vojensko-pr\u016fmyslov\u00fd komplex bude p\u0159estav\u011bn zrychlen\u00fdm tempem. Nakonec Ukrajina reformuje sv\u00e9 speci\u00e1ln\u00ed slu\u017eby podle izraelsk\u00e9ho modelu.<\/span><\/p>\n<p><img decoding=\"async\" loading=\"lazy\" class=\"alignnone size-full wp-image-1185\" src=\"http:\/\/www.infokuryr.cz\/n\/wp-content\/uploads\/2021\/04\/kuryr-podpis.png\" alt=\"\" width=\"84\" height=\"24\" \/><\/p>\n<p>&nbsp;<\/p>\n","protected":false},"excerpt":{"rendered":"<p>Ukrajina je v sou\u010dasn\u00e9 dob\u011b ve f\u00e1zi, kdy se rozhoduje o jej\u00edm osudu. Doslova jedno&#8230;<\/p>\n","protected":false},"author":2,"featured_media":60568,"comment_status":"closed","ping_status":"closed","sticky":false,"template":"","format":"standard","meta":[],"categories":[7],"tags":[1042,220,2562,26],"_links":{"self":[{"href":"https:\/\/www.infokuryr.cz\/n\/wp-json\/wp\/v2\/posts\/71680"}],"collection":[{"href":"https:\/\/www.infokuryr.cz\/n\/wp-json\/wp\/v2\/posts"}],"about":[{"href":"https:\/\/www.infokuryr.cz\/n\/wp-json\/wp\/v2\/types\/post"}],"author":[{"embeddable":true,"href":"https:\/\/www.infokuryr.cz\/n\/wp-json\/wp\/v2\/users\/2"}],"replies":[{"embeddable":true,"href":"https:\/\/www.infokuryr.cz\/n\/wp-json\/wp\/v2\/comments?post=71680"}],"version-history":[{"count":1,"href":"https:\/\/www.infokuryr.cz\/n\/wp-json\/wp\/v2\/posts\/71680\/revisions"}],"predecessor-version":[{"id":71681,"href":"https:\/\/www.infokuryr.cz\/n\/wp-json\/wp\/v2\/posts\/71680\/revisions\/71681"}],"wp:featuredmedia":[{"embeddable":true,"href":"https:\/\/www.infokuryr.cz\/n\/wp-json\/wp\/v2\/media\/60568"}],"wp:attachment":[{"href":"https:\/\/www.infokuryr.cz\/n\/wp-json\/wp\/v2\/media?parent=71680"}],"wp:term":[{"taxonomy":"category","embeddable":true,"href":"https:\/\/www.infokuryr.cz\/n\/wp-json\/wp\/v2\/categories?post=71680"},{"taxonomy":"post_tag","embeddable":true,"href":"https:\/\/www.infokuryr.cz\/n\/wp-json\/wp\/v2\/tags?post=71680"}],"curies":[{"name":"wp","href":"https:\/\/api.w.org\/{rel}","templated":true}]}}